{"id":13299,"date":"2022-12-18T09:04:29","date_gmt":"2022-12-18T08:04:29","guid":{"rendered":"https:\/\/profesornativodealeman.com\/clases-aleman\/?p=13299"},"modified":"2023-03-01T14:27:16","modified_gmt":"2023-03-01T13:27:16","slug":"examen-aleman-b2-basel","status":"publish","type":"post","link":"https:\/\/profesornativodealeman.com\/clases-aleman\/examen-aleman-b2-basel\/","title":{"rendered":"Preparacion examen aleman B2 . Convocatorias Basilea"},"content":{"rendered":"<div id=\"ez-toc-container\" class=\"ez-toc-v2_0_82_2 counter-flat ez-toc-counter ez-toc-custom ez-toc-container-direction\">\n<div class=\"ez-toc-title-container\">\n<p class=\"ez-toc-title\" style=\"cursor:inherit\">Tabla de contenidos. Haciendo clic llega a la informaci\u00f3n.<\/p>\n<span class=\"ez-toc-title-toggle\"><a href=\"#\" class=\"ez-toc-pull-right ez-toc-btn ez-toc-btn-xs ez-toc-btn-default ez-toc-toggle\" aria-label=\"Alternar tabla de contenidos\"><span class=\"ez-toc-js-icon-con\"><span class=\"\"><span class=\"eztoc-hide\" style=\"display:none;\">Toggle<\/span><span class=\"ez-toc-icon-toggle-span\"><svg style=\"fill: #1e73be;color:#1e73be\" xmlns=\"http:\/\/www.w3.org\/2000\/svg\" class=\"list-377408\" width=\"20px\" height=\"20px\" viewBox=\"0 0 24 24\" fill=\"none\"><path d=\"M6 6H4v2h2V6zm14 0H8v2h12V6zM4 11h2v2H4v-2zm16 0H8v2h12v-2zM4 16h2v2H4v-2zm16 0H8v2h12v-2z\" fill=\"currentColor\"><\/path><\/svg><svg style=\"fill: #1e73be;color:#1e73be\" class=\"arrow-unsorted-368013\" xmlns=\"http:\/\/www.w3.org\/2000\/svg\" width=\"10px\" height=\"10px\" viewBox=\"0 0 24 24\" version=\"1.2\" baseProfile=\"tiny\"><path d=\"M18.2 9.3l-6.2-6.3-6.2 6.3c-.2.2-.3.4-.3.7s.1.5.3.7c.2.2.4.3.7.3h11c.3 0 .5-.1.7-.3.2-.2.3-.5.3-.7s-.1-.5-.3-.7zM5.8 14.7l6.2 6.3 6.2-6.3c.2-.2.3-.5.3-.7s-.1-.5-.3-.7c-.2-.2-.4-.3-.7-.3h-11c-.3 0-.5.1-.7.3-.2.2-.3.5-.3.7s.1.5.3.7z\"\/><\/svg><\/span><\/span><\/span><\/a><\/span><\/div>\n<nav><ul class='ez-toc-list ez-toc-list-level-1 ' ><li class='ez-toc-page-1'><a class=\"ez-toc-link ez-toc-heading-1\" href=\"https:\/\/profesornativodealeman.com\/clases-aleman\/examen-aleman-b2-basel\/#Examen_aleman_B2_Basel\" >Examen aleman B2 Basel<\/a><\/li><li class='ez-toc-page-1'><a class=\"ez-toc-link ez-toc-heading-2\" href=\"https:\/\/profesornativodealeman.com\/clases-aleman\/examen-aleman-b2-basel\/#%C2%BFA_quien_va_dirigido_el_curso_de_preparacion_del_examen_B2_para_las_convocatorias_de_Basel\" >\u00bfA quien va dirigido el curso de preparacion del examen B2 para las convocatorias de Basel?<\/a><\/li><li class='ez-toc-page-1'><a class=\"ez-toc-link ez-toc-heading-3\" href=\"https:\/\/profesornativodealeman.com\/clases-aleman\/examen-aleman-b2-basel\/#Resenas_de_alumnos\" >Rese\u00f1as de alumnos<\/a><\/li><li class='ez-toc-page-1'><a class=\"ez-toc-link ez-toc-heading-4\" href=\"https:\/\/profesornativodealeman.com\/clases-aleman\/examen-aleman-b2-basel\/#Contacto_e_informacion\" >Contacto e informaci\u00f3n<\/a><\/li><\/ul><\/nav><\/div>\n<h2 class=\"serp-title\"><span class=\"ez-toc-section\" id=\"Examen_aleman_B2_Basel\"><\/span><strong>Examen aleman B2 Basel<\/strong><span class=\"ez-toc-section-end\"><\/span><\/h2>\n<p>El curso de preparaci\u00f3n del examen B2 para las convocatorias en Basel puede comenzar en cualquier \u00e9poca del a\u00f1o. Cada a\u00f1o hay varias convocatorias<\/p>\n<p>Se puede dise\u00f1ar un curso de preparaci\u00f3n individual, de dos alumnos o se puede\u00a0 impartir un curso a grupos peque\u00f1os.<\/p>\n<p>He preparado a muchos alumnos para ex\u00e1menes oficiales de alem\u00e1n. Mas abajo puedes leer algunos testimonios de alumnos que han aprobado examenes oficiales:<\/p>\n<h3><span class=\"ez-toc-section\" id=\"%C2%BFA_quien_va_dirigido_el_curso_de_preparacion_del_examen_B2_para_las_convocatorias_de_Basel\"><\/span><strong>\u00bfA quien va dirigido el curso de preparacion del examen B2 para las convocatorias de Basel?<\/strong><span class=\"ez-toc-section-end\"><\/span><\/h3>\n<ul>\n<li>estudiantes que necesitan acreditar su nivel de aleman\u00a0 para conseguir una beca.<\/li>\n<li>Medicos que necesitan acreditar un nivel\u00a0 de alem\u00e1n para convalidar un titulo por ejemplo en Suiza, Alemania o Austria y el certificado Telc B2 es un primer paso.<\/li>\n<li>enfermeros y enfermeras que necesitan acreditar como norma general un nivel B2 .<\/li>\n<li>auxiliares de Geriatria para poder trabajar por ejemplo en una residencia de mayores<\/li>\n<li>A\u00a0 alumnos que quieren certificar su nivel de aleman por ejemplo para el CV.<\/li>\n<\/ul>\n<p>Por favor informate bien de los requisitos para la convalidaci\u00f3n de t\u00edtulos universitarios obtenidos en un pa\u00eds miembro de la UE o en otro estado. El proceso de convalidaci\u00f3n de t\u00edtulos universitarios en Suiza no es el mismo como en Alemania o en Austria.<\/p>\n<h4><span class=\"ez-toc-section\" id=\"Resenas_de_alumnos\"><\/span><strong>Rese\u00f1as de alumnos<\/strong><span class=\"ez-toc-section-end\"><\/span><\/h4>\n<p class=\"et_pb_toggle_title\">Leidy Arango (Ingelheim, Alemania)<\/p>\n<div class=\"et_pb_toggle_content clearfix\">\n<p>Profesi\u00f3n: Medico.<\/p>\n<p>Su comentario sobre la preparacion del examen:<img decoding=\"async\" class=\"alignright wp-image-7183 lazy loaded\" title=\"Opiniones de los Alumnos 49\" src=\"https:\/\/profesornativodealeman.com\/clases-aleman\/wp-content\/uploads\/2019\/04\/Leidy-Arango.jpg\" alt=\"Leidy Arango\" width=\"148\" height=\"151\" data-src=\"https:\/\/profesornativodealeman.com\/clases-aleman\/wp-content\/uploads\/2019\/04\/Leidy-Arango.jpg\" data-was-processed=\"true\" \/><\/p>\n<p>\u201cSoy m\u00e9dica colombiana, actualmente resido en Alemania.\u00a0 Considero\u00a0 que Tobias es un excelente profesor, de los pocos que en realidad disfrutan hacer su trabajo y se preocupan porque el alumno realmente aprenda. Hab\u00eda tenido que interrumpir mis clases en 2 escuelas debido a mi trabajo por lo cual opt\u00e9 por continuar mi aprendizaje con Tobias. \u00a0Con \u00e9l pude alcanzar el \u00a0nivel de\u00a0alem\u00e1n\u00a0B2 y aprobar el examen <strong>Telc B2<\/strong>, me admitieron en el hospital estatal para iniciar mis pr\u00e1cticas y actualmente\u00a0preparamos\u00a0el examen m\u00e9dico para convalidaci\u00f3n de mi titulo en Alemania. No dudo en recomendarlo.\u201d<\/p>\n<\/div>\n<h5><\/h5>\n<p class=\"et_pb_toggle_title\">Eduardo Perez (Zurich, Suiza)<\/p>\n<div class=\"et_pb_toggle_content clearfix\">Profesi\u00f3n: Cient\u00edfico en ETH Zurich<\/div>\n<div class=\"et_pb_toggle_content clearfix\"><img decoding=\"async\" class=\"alignright size-thumbnail wp-image-74 lazy loaded\" title=\"Opiniones de los Alumnos 48\" src=\"https:\/\/profesornativodealeman.com\/clases-aleman\/wp-content\/uploads\/2015\/04\/0Eduardo-150x150.png\" sizes=\"(max-width: 150px) 100vw, 150px\" srcset=\"https:\/\/profesornativodealeman.com\/clases-aleman\/wp-content\/uploads\/2015\/04\/0Eduardo-150x150.png 150w, https:\/\/profesornativodealeman.com\/clases-aleman\/wp-content\/uploads\/2015\/04\/0Eduardo-300x300.png 300w, https:\/\/profesornativodealeman.com\/clases-aleman\/wp-content\/uploads\/2015\/04\/0Eduardo-1024x1024.png 1024w\" alt=\"0,Eduardo\" width=\"150\" height=\"150\" data-src=\"https:\/\/profesornativodealeman.com\/clases-aleman\/wp-content\/uploads\/2015\/04\/0Eduardo-150x150.png\" data-sizes=\"(max-width: 150px) 100vw, 150px\" data-srcset=\"https:\/\/profesornativodealeman.com\/clases-aleman\/wp-content\/uploads\/2015\/04\/0Eduardo-150x150.png 150w, https:\/\/profesornativodealeman.com\/clases-aleman\/wp-content\/uploads\/2015\/04\/0Eduardo-300x300.png 300w, https:\/\/profesornativodealeman.com\/clases-aleman\/wp-content\/uploads\/2015\/04\/0Eduardo-1024x1024.png 1024w\" data-was-processed=\"true\" \/>Su comentario sobre la preparaci\u00f3n del examen B2:<\/div>\n<div class=\"et_pb_toggle_content clearfix\">\u201cGracias a las clases de Tobias he mejorado notablemente mi alem\u00e1n desde un nivel B1+ a B2 en 2 meses (90 min, 2x por semana), reforzando mis puntos d\u00e9biles para el Zertifikat B2. Actualmente trabajo como cient\u00edfico en Suiza y desde que tomo sus clases se ha hecho m\u00e1s f\u00e1cil llevar el d\u00eda a d\u00eda en alem\u00e1n. Tobias es puntual, profesional y sus clases son din\u00e1micas y amenas. Totalmente recomendable!\u201d Lo m\u00e1s destacado: Clases din\u00e1micas, a medida y con avances importantes en poco tiempo.<\/div>\n<div><\/div>\n<p class=\"et_pb_toggle_title\">Nairobi Hernandez de la Cruz (Z\u00fcrich,Suiza)<\/p>\n<div class=\"et_pb_toggle_content clearfix\">Profesi\u00f3n: Farmac\u00e9utica<\/div>\n<div class=\"et_pb_toggle_content clearfix\">\n<p><img decoding=\"async\" class=\"alignright size-thumbnail wp-image-4166 lazy loaded\" title=\"Opiniones de los Alumnos 53\" src=\"https:\/\/profesornativodealeman.com\/clases-aleman\/wp-content\/uploads\/2015\/04\/nairobi-hernandez-de-la-cruz-150x150.jpg\" sizes=\"(max-width: 150px) 100vw, 150px\" srcset=\"https:\/\/profesornativodealeman.com\/clases-aleman\/wp-content\/uploads\/2015\/04\/nairobi-hernandez-de-la-cruz-150x150.jpg 150w, https:\/\/profesornativodealeman.com\/clases-aleman\/wp-content\/uploads\/2015\/04\/nairobi-hernandez-de-la-cruz-200x200.jpg 200w\" alt=\"nairobi-hernandez-de-la-cruz\" width=\"150\" height=\"150\" data-src=\"https:\/\/profesornativodealeman.com\/clases-aleman\/wp-content\/uploads\/2015\/04\/nairobi-hernandez-de-la-cruz-150x150.jpg\" data-sizes=\"(max-width: 150px) 100vw, 150px\" data-srcset=\"https:\/\/profesornativodealeman.com\/clases-aleman\/wp-content\/uploads\/2015\/04\/nairobi-hernandez-de-la-cruz-150x150.jpg 150w, https:\/\/profesornativodealeman.com\/clases-aleman\/wp-content\/uploads\/2015\/04\/nairobi-hernandez-de-la-cruz-200x200.jpg 200w\" data-was-processed=\"true\" \/>Su comentario sobre la preparacion del examen:<\/p>\n<p>Soy una farmac\u00e9utica de 28 a\u00f1os que se mud\u00f3 a Z\u00fcrich hace menos de un a\u00f1o con un nivel B1 bastante flojito de alem\u00e1n. Naturalmente necesito el idioma para integrarme en el pa\u00eds, pero tambi\u00e9n para poder ejercer mi Profesi\u00f3n (M\u00ednimo un B2).<\/p>\n<p>Al principio asist\u00eda a cursos intensivos todos los d\u00edas, 2 horas en una academia. Con el tiempo me di cuenta que debido a mi timidez necesitaba una ense\u00f1anza mas individualizada y sobretodo que me ayudara a a vencer mi miedo a hablar, lo cu\u00e1l pienso que es fundamental para avanzar con un idioma. Entonces me decid\u00ed tras consultar sus referencias, dar clases por Zoom con Tobias. Desde la primera clase de prueba me di cuenta de lo mucho que me pod\u00eda aportar en mi aprendizaje, no solo por la manera que da las clases, siempre organizadas y enfocadas a mis objetivos, sino por los consejos que hasta el d\u00eda de hoy me sirven de gran ayuda con este idioma. Tobias es un gran profesional que se prepara cada clase de forma individual y adaptada a los requerimientos y objetivos del alumno, cosa que para m\u00ed es esencial, ya que en la academia tuve varios profesores sin motivaci\u00f3n para ense\u00f1ar y creerme que eso se nota. Por otra parte sus ganas de ense\u00f1ar y calidad humana hacen que sea un profesor 10, con unas clases en las que nunca me aburro y siempre aprendo algo nuevo. Mi progreso no s\u00f3lo lo nota \u00e9l o yo sino tambi\u00e9n las personas que me rodean. Por \u00faltimo decir, que en mi caso necesitaba un Certificado <strong>Telc B2<\/strong> para poder convalidar mi t\u00edtulo en Suiza y este verano lo consegu\u00ed gracias a Tobias. Ahora con nuevos objetivos continuar\u00e9 con las clases con sus clases, porque en eso se basa un aprendizaje, siempre avanzar y avanzar.<\/p>\n<\/div>\n<p>Para mas informaci\u00f3n sobre el curso de preparaci\u00f3n examen de alem\u00e1n Telc B2 para las convocatorias en Basel me puedes escribir en el formulario de contacto<\/p>\n<p class=\"et_pb_toggle_title\">Gloria Fern\u00e1ndez Polin (Zurich,Suiza)<\/p>\n<p>Profesi\u00f3n: Asesora en comunicaci\u00f3n corporativa.<\/p>\n<p><img loading=\"lazy\" decoding=\"async\" class=\"size-full wp-image-5853 alignleft\" src=\"https:\/\/profesornativodealeman.com\/clases-aleman\/wp-content\/uploads\/2018\/04\/gloria-fernandez-polin-con-su-certificado-de-aleman-c1-e1653288822253.jpg\" alt=\"Clases de alem\u00e1n online\" width=\"250\" height=\"319\" title=\"\"><\/p>\n<div><\/div>\n<div><\/div>\n<div><\/div>\n<div><\/div>\n<div><\/div>\n<div><\/div>\n<div><\/div>\n<div><\/div>\n<div><\/div>\n<div><\/div>\n<div><\/div>\n<div><\/div>\n<div><\/div>\n<div class=\"et_pb_toggle_content clearfix\"><\/div>\n<div class=\"et_pb_toggle_content clearfix\">Su comentario sobre las clases de alem\u00e1n:<\/div>\n<div class=\"et_pb_toggle_content clearfix\">Part\u00eda de cero y, gracias a Tobias, he conseguido un nivel C1 real y certificado \u00a1\u00a1en apenas un a\u00f1o!! He dado unas tres clases\u00a0 de 90 minutos por semana, lo que significa alcanzar el C1 cuatro veces m\u00e1s r\u00e1pido de lo que se suele estimar para este nivel. Sin duda, un gran ahorro de tiempo y de dinero. L\u00f3gicamente, detr\u00e1s de este logro hay horas de estudio, dedicaci\u00f3n, constancia\u2026 Pero, francamente, no hubiera podido alcanzarlo sin Tobias. \u00c9l no es solo un gran profesor de alem\u00e1n; es un gran coach\/entrenador personal con el que consigues aprender alem\u00e1n de manera eficaz, natural\u2026 y hasta divertida! Bajo mi punto de vista, para aprender alem\u00e1n no solo es importante contar con un profesor cualificado y con experiencia. A esto hay que a\u00f1adir cualidades propias de un coach: empat\u00eda, capacidad de motivaci\u00f3n, claridad, paciencia, capacidad para generar y mantener un entorno de confianza y respeto\u2026 Tobias es, sin duda, el mejor coach de alem\u00e1n que conozco. Y lo recomendar\u00eda a quienes necesiten \/ quieran aprender alem\u00e1n de manera r\u00e1pida y eficaz.<\/div>\n<div><\/div>\n<div>\n<p class=\"et_pb_toggle_title\">Sofia Rodriguez Granda (Munich, Alemania)<\/p>\n<div class=\"et_pb_toggle_content clearfix\">\n<p>Profesion: Medico<\/p>\n<p>Su comentario sobre las clases de aleman :<img loading=\"lazy\" decoding=\"async\" class=\"alignright wp-image-7187 lazy loaded\" title=\"Opiniones de los Alumnos 52\" src=\"https:\/\/profesornativodealeman.com\/clases-aleman\/wp-content\/uploads\/2019\/04\/Sofia-Rodriguez.jpg\" alt=\"Sofia Rodriguez\" width=\"100\" height=\"178\" data-src=\"https:\/\/profesornativodealeman.com\/clases-aleman\/wp-content\/uploads\/2019\/04\/Sofia-Rodriguez.jpg\" data-was-processed=\"true\" srcset=\"https:\/\/profesornativodealeman.com\/clases-aleman\/wp-content\/uploads\/2019\/04\/Sofia-Rodriguez.jpg 202w, https:\/\/profesornativodealeman.com\/clases-aleman\/wp-content\/uploads\/2019\/04\/Sofia-Rodriguez-150x267.jpg 150w\" sizes=\"(max-width: 100px) 100vw, 100px\" \/><\/p>\n<p>\u201cEmpec\u00e9 con Tob\u00edas despu\u00e9s de aprobar el B2 gracias a mucho esfuerzo, sacrificio personal y poca ayuda. Tras haber probado academias, clases particulares individuales y aprendizaje autodidacta Tob\u00edas fue mi salvaci\u00f3n. Sacarme el C1 se hab\u00eda convertido en una necesidad para homologar el t\u00edtulo de m\u00e9dico en Alemania y aumentar las posibilidades de contrataci\u00f3n y, aunque dedicarle el 100% de mi tiempo hizo mucho, la ayuda, los conocimientos y sobre todo el apoyo moral que Tob\u00edas me brind\u00f3\u00a0 fueron fundamentales.<\/p>\n<p>Tob\u00edas es algo m\u00e1s que un simple profesor, es un compa\u00f1ero de un viaje que, en muchas ocasiones es frustrante y dif\u00edcil: aprender un idioma tan exigente como el alem\u00e1n. Por ello le estar\u00e9 eternamente agradecida. Ojal\u00e1 hubiera m\u00e1s profesionales de la ense\u00f1anza tan dedicados como \u00e9l. \u201c<\/p>\n<p>Por esto y por todo\u2026 DANKE TOBIAS!<\/p>\n<p>&nbsp;<\/p>\n<\/div>\n<\/div>\n<div class=\"et_pb_toggle_content clearfix\">\n<p>Mario Espinosa (Alemania)<\/p>\n<\/div>\n<div class=\"et_pb_toggle_content clearfix\">\n<p>Profesion: Estudiante de medicina<\/p>\n<p>Su opinion sobre las clases con Tobias Woelke:<\/p>\n<p>\u201cTobias hat mich sehr bei der Vorbereitung zu meiner Goethe-C1-Pr\u00fcfung unterst\u00fctzt. Ich kann ihn als<img loading=\"lazy\" decoding=\"async\" class=\"wp-image-14464 size-full alignright lazy loaded\" title=\"Opiniones de los Alumnos 59\" src=\"https:\/\/profesornativodealeman.com\/clases-aleman\/wp-content\/uploads\/2022\/11\/Mario-1.jpg\" alt=\"Mario 1\" width=\"150\" height=\"200\" data-src=\"https:\/\/profesornativodealeman.com\/clases-aleman\/wp-content\/uploads\/2022\/11\/Mario-1.jpg\" data-was-processed=\"true\" \/>\u00a0Deutschlehrer und Coach sehr weiterempfehlen und bin sehr froh, dass ich im un\u00fcbersichtlichen Deutschlehrer-Dschungel den Weg zu ihm gefunden habe. Tobias unterst\u00fctzt nicht nur bei der fachlichen Pr\u00fcfungsvorbereitung, sondern ist auch ein super Motivator und nimmt einem die Angst vor der Pr\u00fcfung. Gerade bei den C1-Pr\u00fcfungen kommt es n\u00e4mlich nicht nur darauf an, das sprachliche Niveau zu haben, sondern auch methodisch gut vorbereitet und selbstbewusst in die Pr\u00fcfung zu gehen. Ich kann Tobias jedem weiterempfehlen, der eine offene und vertraute Lernatmosph\u00e4re sch\u00e4tzt, in der man auch Fehler machen darf und St\u00fcck f\u00fcr St\u00fcck seinem Ziel n\u00e4hergebracht wird. Nachdem ich mich mit einem sicheren B1\/B2-Niveau im August bei Tobias angemeldet hatte, habe ich zun\u00e4chst im September den TestDAF Niveau 3 (B2) in allen Kategorien bestanden und mich dann im darauffolgenden April erfolgreich dem Goethe-Zertifikat C1 gestellt. Danke, Tobias!!!<\/p>\n<\/div>\n<p>&nbsp;<\/p>\n<script>\nvar gform;gform||(document.addEventListener(\"gform_main_scripts_loaded\",function(){gform.scriptsLoaded=!0}),document.addEventListener(\"gform\/theme\/scripts_loaded\",function(){gform.themeScriptsLoaded=!0}),window.addEventListener(\"DOMContentLoaded\",function(){gform.domLoaded=!0}),gform={domLoaded:!1,scriptsLoaded:!1,themeScriptsLoaded:!1,isFormEditor:()=>\"function\"==typeof InitializeEditor,callIfLoaded:function(o){return!(!gform.domLoaded||!gform.scriptsLoaded||!gform.themeScriptsLoaded&&!gform.isFormEditor()||(gform.isFormEditor()&&console.warn(\"The use of gform.initializeOnLoaded() is deprecated in the form editor context and will be removed in Gravity Forms 3.1.\"),o(),0))},initializeOnLoaded:function(o){gform.callIfLoaded(o)||(document.addEventListener(\"gform_main_scripts_loaded\",()=>{gform.scriptsLoaded=!0,gform.callIfLoaded(o)}),document.addEventListener(\"gform\/theme\/scripts_loaded\",()=>{gform.themeScriptsLoaded=!0,gform.callIfLoaded(o)}),window.addEventListener(\"DOMContentLoaded\",()=>{gform.domLoaded=!0,gform.callIfLoaded(o)}))},hooks:{action:{},filter:{}},addAction:function(o,r,e,t){gform.addHook(\"action\",o,r,e,t)},addFilter:function(o,r,e,t){gform.addHook(\"filter\",o,r,e,t)},doAction:function(o){gform.doHook(\"action\",o,arguments)},applyFilters:function(o){return gform.doHook(\"filter\",o,arguments)},removeAction:function(o,r){gform.removeHook(\"action\",o,r)},removeFilter:function(o,r,e){gform.removeHook(\"filter\",o,r,e)},addHook:function(o,r,e,t,n){null==gform.hooks[o][r]&&(gform.hooks[o][r]=[]);var d=gform.hooks[o][r];null==n&&(n=r+\"_\"+d.length),gform.hooks[o][r].push({tag:n,callable:e,priority:t=null==t?10:t})},doHook:function(r,o,e){var t;if(e=Array.prototype.slice.call(e,1),null!=gform.hooks[r][o]&&((o=gform.hooks[r][o]).sort(function(o,r){return o.priority-r.priority}),o.forEach(function(o){\"function\"!=typeof(t=o.callable)&&(t=window[t]),\"action\"==r?t.apply(null,e):e[0]=t.apply(null,e)})),\"filter\"==r)return e[0]},removeHook:function(o,r,t,n){var e;null!=gform.hooks[o][r]&&(e=(e=gform.hooks[o][r]).filter(function(o,r,e){return!!(null!=n&&n!=o.tag||null!=t&&t!=o.priority)}),gform.hooks[o][r]=e)}});\n<\/script>\n\n                <div class='gf_browser_gecko gform_wrapper gform_legacy_markup_wrapper gform-theme--no-framework' data-form-theme='legacy' data-form-index='0' id='gform_wrapper_1' >\n                        <div class='gform_heading'>\n                            <h3 class=\"gform_title\"><span class=\"ez-toc-section\" id=\"Contacto_e_informacion\"><\/span>Contacto e informaci\u00f3n<span class=\"ez-toc-section-end\"><\/span><\/h3>\n                            <p class='gform_description'>Formulario de petici\u00f3n de informaci\u00f3n y contacto<\/p>\n                        <\/div><form method='post' enctype='multipart\/form-data'  id='gform_1'  action='\/clases-aleman\/wp-json\/wp\/v2\/posts\/13299' data-formid='1' novalidate>\n                        <div class='gform-body gform_body'><ul id='gform_fields_1' class='gform_fields top_label form_sublabel_below description_below validation_below'><li id=\"field_1_11\" class=\"gfield gfield--type-honeypot gform_validation_container field_sublabel_below gfield--has-description field_description_below field_validation_below gfield_visibility_visible\"  ><label class='gfield_label gform-field-label' for='input_1_11'>LinkedIn<\/label><div class='ginput_container'><input name='input_11' id='input_1_11' type='text' value='' autocomplete='new-password'\/><\/div><div class='gfield_description' id='gfield_description_1_11'>Este campo es un campo de validaci\u00f3n y debe quedar sin cambios.<\/div><\/li><li id=\"field_1_1\" class=\"gfield gfield--type-text gfield--input-type-text gfield_contains_required field_sublabel_below gfield--no-description field_description_below field_validation_below gfield_visibility_visible\"  ><label class='gfield_label gform-field-label' for='input_1_1'>Nombre<span class=\"gfield_required\"><span class=\"gfield_required gfield_required_asterisk\">*<\/span><\/span><\/label><div class='ginput_container ginput_container_text'><input name='input_1' id='input_1_1' type='text' value='' class='large'    placeholder='NOMBRE' aria-required=\"true\" aria-invalid=\"false\"   \/><\/div><\/li><li id=\"field_1_3\" class=\"gfield gfield--type-email gfield--input-type-email gfield_contains_required field_sublabel_below gfield--no-description field_description_below field_validation_below gfield_visibility_visible\"  ><label class='gfield_label gform-field-label' for='input_1_3'>Email<span class=\"gfield_required\"><span class=\"gfield_required gfield_required_asterisk\">*<\/span><\/span><\/label><div class='ginput_container ginput_container_email'>\n                            <input name='input_3' id='input_1_3' type='email' value='' class='large'   placeholder='EMAIL' aria-required=\"true\" aria-invalid=\"false\"  \/>\n                        <\/div><\/li><li id=\"field_1_4\" class=\"gfield gfield--type-textarea gfield--input-type-textarea gfield_contains_required field_sublabel_below gfield--no-description field_description_below field_validation_below gfield_visibility_visible\"  ><label class='gfield_label gform-field-label' for='input_1_4'>Mensaje<span class=\"gfield_required\"><span class=\"gfield_required gfield_required_asterisk\">*<\/span><\/span><\/label><div class='ginput_container ginput_container_textarea'><textarea name='input_4' id='input_1_4' class='textarea small'    placeholder='MENSAJE' aria-required=\"true\" aria-invalid=\"false\"   rows='10' cols='50'><\/textarea><\/div><\/li><li id=\"field_1_8\" class=\"gfield gfield--type-checkbox gfield--type-choice gfield--input-type-checkbox gfield_contains_required field_sublabel_below gfield--no-description field_description_below field_validation_below gfield_visibility_visible\"  ><label class='gfield_label gform-field-label gfield_label_before_complex' >He le\u00eddo y acepto el &quot;Aviso Legal&quot; y la &quot;Pol\u00edtica de Privacidad&quot;<span class=\"gfield_required\"><span class=\"gfield_required gfield_required_asterisk\">*<\/span><\/span><\/label><div class='ginput_container ginput_container_checkbox'><ul class='gfield_checkbox' id='input_1_8'><li class='gchoice gchoice_1_8_1'>\n\t\t\t\t\t\t\t\t<input class='gfield-choice-input' name='input_8.1' type='checkbox'  value='Los datos facilitados en este formulario, quedar\u00e1n registrados en un fichero titularidad del Responsable de los Ficheros cuyos datos se detallan en el &lt;a href=&quot;https:\/\/profesornativodealeman.com\/clases-aleman\/aviso-legal\/&quot;&gt;Aviso Legal&lt;\/a&gt;. Podr\u00e1s ejercer tus derechos A.R.C.O, mediante comunicaci\u00f3n al e-mail: profesornativodealeman@gmail.com. Para m\u00e1s informaci\u00f3n sobre como tratamos tus datos, visita nuestra &lt;a href=&quot;https:\/\/profesornativodealeman.com\/clases-aleman\/politica-de-privacidad\/&quot;&gt;\u201cPol\u00edtica de Privacidad\u201d.&lt;\/a&gt;' checked='checked' id='choice_1_8_1'   \/>\n\t\t\t\t\t\t\t\t<label for='choice_1_8_1' id='label_1_8_1' class='gform-field-label gform-field-label--type-inline'>Los datos facilitados en este formulario, quedar\u00e1n registrados en un fichero titularidad del Responsable de los Ficheros cuyos datos se detallan en el <a href=\"https:\/\/profesornativodealeman.com\/clases-aleman\/aviso-legal\/\">Aviso Legal<\/a>. Podr\u00e1s ejercer tus derechos A.R.C.O, mediante comunicaci\u00f3n al e-mail: profesornativodealeman@gmail.com. Para m\u00e1s informaci\u00f3n sobre como tratamos tus datos, visita nuestra <a href=\"https:\/\/profesornativodealeman.com\/clases-aleman\/politica-de-privacidad\/\">\u201cPol\u00edtica de Privacidad\u201d.<\/a><\/label>\n\t\t\t\t\t\t\t<\/li><\/ul><\/div><\/li><li id=\"field_1_9\" class=\"gfield gfield--type-hidden gfield--input-type-hidden gfield--width-full gform_hidden field_sublabel_below gfield--no-description field_description_below field_validation_below gfield_visibility_visible\"  ><div class='ginput_container ginput_container_text'><input name='input_9' id='input_1_9' type='hidden' class='gform_hidden'  aria-invalid=\"false\" value='https:\/\/profesornativodealeman.com\/clases-aleman\/wp-json\/wp\/v2\/posts\/13299https:\/\/profesornativodealeman.com\/clases-aleman\/wp-json\/wp\/v2\/posts\/13299' \/><\/div><\/li><li id=\"field_1_10\" class=\"gfield gfield--type-hidden gfield--input-type-hidden gform_hidden field_sublabel_below gfield--no-description field_description_below field_validation_below gfield_visibility_visible\"  ><div class='ginput_container ginput_container_text'><input name='input_10' id='input_1_10' type='hidden' class='gform_hidden'  aria-invalid=\"false\" value='https:\/\/profesornativodealeman.com\/clases-aleman\/wp-json\/wp\/v2\/posts\/13299' \/><\/div><\/li><\/ul><\/div>\n        <div class='gform-footer gform_footer top_label'> <input type='submit' id='gform_submit_button_1' class='gform_button button' onclick='gform.submission.handleButtonClick(this);' data-submission-type='submit' value='Enviar'  \/> \n            <input type='hidden' class='gform_hidden' name='gform_submission_method' data-js='gform_submission_method_1' value='postback' \/>\n            <input type='hidden' class='gform_hidden' name='gform_theme' data-js='gform_theme_1' id='gform_theme_1' value='legacy' \/>\n            <input type='hidden' class='gform_hidden' name='gform_style_settings' data-js='gform_style_settings_1' id='gform_style_settings_1' value='[]' \/>\n            <input type='hidden' class='gform_hidden' name='is_submit_1' value='1' \/>\n            <input type='hidden' class='gform_hidden' name='gform_submit' value='1' \/>\n            \n            <input type='hidden' class='gform_hidden' name='gform_currency' data-currency='USD' value='ikgaPLtf0fP21coWTpk9Ohp6in6nLgTycbe49YlWA3+Awom2Apz29lE0+VyTp63WJB6OyIgqcZZcZgG\/0NKGFxgJx7mdGcYoKa3OY63WzKPQZ0g=' \/>\n            <input type='hidden' class='gform_hidden' name='gform_unique_id' value='' \/>\n            <input type='hidden' class='gform_hidden' name='state_1' value='WyJbXSIsImE3ZTlkMWQxZTkyMDYxYzlmYzQ2MTlkZDIyMzA3ODZkIl0=' \/>\n            <input type='hidden' autocomplete='off' class='gform_hidden' name='gform_target_page_number_1' id='gform_target_page_number_1' value='0' \/>\n            <input type='hidden' autocomplete='off' class='gform_hidden' name='gform_source_page_number_1' id='gform_source_page_number_1' value='1' \/>\n            <input type='hidden' name='gform_field_values' value='' \/>\n            \n        <\/div>\n                        <p style=\"display: none !important;\" class=\"akismet-fields-container\" data-prefix=\"ak_\"><label>&#916;<textarea name=\"ak_hp_textarea\" cols=\"45\" rows=\"8\" maxlength=\"100\"><\/textarea><\/label><input type=\"hidden\" id=\"ak_js_1\" name=\"ak_js\" value=\"108\"\/><script>\ndocument.getElementById( \"ak_js_1\" ).setAttribute( \"value\", ( new Date() ).getTime() );\n<\/script>\n<\/p><\/form>\n                        <\/div><script>\ngform.initializeOnLoaded( function() {gformInitSpinner( 1, 'https:\/\/profesornativodealeman.com\/clases-aleman\/wp-content\/plugins\/gravityforms\/images\/spinner.svg', true );jQuery('#gform_ajax_frame_1').on('load',function(){var contents = jQuery(this).contents().find('*').html();var is_postback = contents.indexOf('GF_AJAX_POSTBACK') >= 0;if(!is_postback){return;}var form_content = jQuery(this).contents().find('#gform_wrapper_1');var is_confirmation = jQuery(this).contents().find('#gform_confirmation_wrapper_1').length > 0;var is_redirect = contents.indexOf('gformRedirect(){') >= 0;var is_form = form_content.length > 0 && ! is_redirect && ! is_confirmation;var mt = parseInt(jQuery('html').css('margin-top'), 10) + parseInt(jQuery('body').css('margin-top'), 10) + 100;if(is_form){jQuery('#gform_wrapper_1').html(form_content.html());if(form_content.hasClass('gform_validation_error')){jQuery('#gform_wrapper_1').addClass('gform_validation_error');} else {jQuery('#gform_wrapper_1').removeClass('gform_validation_error');}setTimeout( function() { \/* delay the scroll by 50 milliseconds to fix a bug in chrome *\/  }, 50 );if(window['gformInitDatepicker']) {gformInitDatepicker();}if(window['gformInitPriceFields']) {gformInitPriceFields();}var current_page = jQuery('#gform_source_page_number_1').val();gformInitSpinner( 1, 'https:\/\/profesornativodealeman.com\/clases-aleman\/wp-content\/plugins\/gravityforms\/images\/spinner.svg', true );jQuery(document).trigger('gform_page_loaded', [1, current_page]);window['gf_submitting_1'] = false;}else if(!is_redirect){var confirmation_content = jQuery(this).contents().find('.GF_AJAX_POSTBACK').html();if(!confirmation_content){confirmation_content = contents;}jQuery('#gform_wrapper_1').replaceWith(confirmation_content);jQuery(document).trigger('gform_confirmation_loaded', [1]);window['gf_submitting_1'] = false;wp.a11y.speak(jQuery('#gform_confirmation_message_1').text());}else{jQuery('#gform_1').append(contents);if(window['gformRedirect']) {gformRedirect();}}jQuery(document).trigger(\"gform_pre_post_render\", [{ formId: \"1\", currentPage: \"current_page\", abort: function() { this.preventDefault(); } }]);        if (event && event.defaultPrevented) {                return;        }        const gformWrapperDiv = document.getElementById( \"gform_wrapper_1\" );        if ( gformWrapperDiv ) {            const visibilitySpan = document.createElement( \"span\" );            visibilitySpan.id = \"gform_visibility_test_1\";            gformWrapperDiv.insertAdjacentElement( \"afterend\", visibilitySpan );        }        const visibilityTestDiv = document.getElementById( \"gform_visibility_test_1\" );        let postRenderFired = false;        function triggerPostRender() {            if ( postRenderFired ) {                return;            }            postRenderFired = true;            gform.core.triggerPostRenderEvents( 1, current_page );            if ( visibilityTestDiv ) {                visibilityTestDiv.parentNode.removeChild( visibilityTestDiv );            }        }        function debounce( func, wait, immediate ) {            var timeout;            return function() {                var context = this, args = arguments;                var later = function() {                    timeout = null;                    if ( !immediate ) func.apply( context, args );                };                var callNow = immediate && !timeout;                clearTimeout( timeout );                timeout = setTimeout( later, wait );                if ( callNow ) func.apply( context, args );            };        }        const debouncedTriggerPostRender = debounce( function() {            triggerPostRender();        }, 200 );        if ( visibilityTestDiv && visibilityTestDiv.offsetParent === null ) {            const observer = new MutationObserver( ( mutations ) => {                mutations.forEach( ( mutation ) => {                    if ( mutation.type === 'attributes' && visibilityTestDiv.offsetParent !== null ) {                        debouncedTriggerPostRender();                        observer.disconnect();                    }                });            });            observer.observe( document.body, {                attributes: true,                childList: false,                subtree: true,                attributeFilter: [ 'style', 'class' ],            });        } else {            triggerPostRender();        }    } );} );\n<\/script>\n\n<p>&nbsp;<\/p>\n<p><strong>Actualizacion 01.03.2023<\/strong><\/p>\n<p>Se actualiza el contenido del articulo<\/p>\n","protected":false},"excerpt":{"rendered":"<p>Examen aleman B2 Basel El curso de preparaci\u00f3n del examen B2 para las convocatorias en Basel puede comenzar en cualquier \u00e9poca del a\u00f1o. Cada a\u00f1o hay varias convocatorias Se puede dise\u00f1ar un curso de preparaci\u00f3n individual, de dos alumnos o se puede\u00a0 impartir un curso a grupos peque\u00f1os. He preparado a muchos alumnos para ex\u00e1menes [&hellip;]<\/p>\n","protected":false},"author":4,"featured_media":13300,"comment_status":"open","ping_status":"open","sticky":false,"template":"","format":"standard","meta":{"footnotes":""},"categories":[2624],"tags":[],"class_list":["post-13299","post","type-post","status-publish","format-standard","has-post-thumbnail","hentry","category-cursos-de-aleman"],"_links":{"self":[{"href":"https:\/\/profesornativodealeman.com\/clases-aleman\/wp-json\/wp\/v2\/posts\/13299","targetHints":{"allow":["GET"]}}],"collection":[{"href":"https:\/\/profesornativodealeman.com\/clases-aleman\/wp-json\/wp\/v2\/posts"}],"about":[{"href":"https:\/\/profesornativodealeman.com\/clases-aleman\/wp-json\/wp\/v2\/types\/post"}],"author":[{"embeddable":true,"href":"https:\/\/profesornativodealeman.com\/clases-aleman\/wp-json\/wp\/v2\/users\/4"}],"replies":[{"embeddable":true,"href":"https:\/\/profesornativodealeman.com\/clases-aleman\/wp-json\/wp\/v2\/comments?post=13299"}],"version-history":[{"count":0,"href":"https:\/\/profesornativodealeman.com\/clases-aleman\/wp-json\/wp\/v2\/posts\/13299\/revisions"}],"wp:featuredmedia":[{"embeddable":true,"href":"https:\/\/profesornativodealeman.com\/clases-aleman\/wp-json\/wp\/v2\/media\/13300"}],"wp:attachment":[{"href":"https:\/\/profesornativodealeman.com\/clases-aleman\/wp-json\/wp\/v2\/media?parent=13299"}],"wp:term":[{"taxonomy":"category","embeddable":true,"href":"https:\/\/profesornativodealeman.com\/clases-aleman\/wp-json\/wp\/v2\/categories?post=13299"},{"taxonomy":"post_tag","embeddable":true,"href":"https:\/\/profesornativodealeman.com\/clases-aleman\/wp-json\/wp\/v2\/tags?post=13299"}],"curies":[{"name":"wp","href":"https:\/\/api.w.org\/{rel}","templated":true}]}}