{"id":15195,"date":"2023-04-04T17:45:19","date_gmt":"2023-04-04T15:45:19","guid":{"rendered":"https:\/\/profesornativodealeman.com\/clases-aleman\/?p=15195"},"modified":"2023-04-04T17:53:33","modified_gmt":"2023-04-04T15:53:33","slug":"resena","status":"publish","type":"post","link":"https:\/\/profesornativodealeman.com\/clases-aleman\/resena\/","title":{"rendered":"Nueva rese\u00f1a sobre las clases con Tobias"},"content":{"rendered":"<p>Mar\u00eda Jos\u00e9 \u00c1lvarez (Zurich, Suiza)<br \/>\nProfesi\u00f3n: m\u00e9dico<\/p>\n<p>\u00abCuando comenc\u00e9 las clases con Tobias ya hab\u00eda recorrido un largo y pesado camino con el alem\u00e1n; despu\u00e9s de pasar por diferentes academias presenciales, profesores particulares, y plataformas online, lo encontr\u00e9.<\/p>\n<p>Mi objetivo era desempolvar mis conocimientos de alem\u00e1n, que hab\u00eda dejado de usar durante algunos a\u00f1os, y enfocarme por un lado en un alem\u00e1n pr\u00e1ctico (poder hablar con la gente y entenderla) y por otro, en un alem\u00e1n m\u00e1s t\u00e9cnico para poder trabajar como m\u00e9dico.<br \/>\nLa experiencia con Tobias ha sido estupenda: ha sabido adaptarse a mis necesidades y a los m\u00faltiples cambios en el plan que he tenido hasta ahora; es un profesor flexible y din\u00e1mico, que me permite avanzar de acuerdo al ritmo y disponibilidad que tengo en cada momento. Sus clases son amenas y divertidas, y ha logrado por primera vez mejorar mi relaci\u00f3n con el idioma. Las clases de alem\u00e1n ahora se me pasan volando y las disfruto, y la sensaci\u00f3n de soledad en el aprendizaje ha desaparecido.<br \/>\nDestacar\u00eda de \u00e9l que es un verdadero docente, y no s\u00f3lo un nativo que ense\u00f1a alem\u00e1n, que usa un sistema de ense\u00f1anza organizado y que adem\u00e1s, te acompa\u00f1a de manera activa en todo el proceso haci\u00e9ndote el camino m\u00e1s f\u00e1cil.\u00bb<\/p>\n<p>&nbsp;<\/p>\n<p>\u00bfQuieres darle un empuj\u00f3n <strong>\ud83d\ude80<\/strong>a tu aprendizaje del idioma alem\u00e1n?<\/p>\n<p><a href=\"https:\/\/profesornativodealeman.com\/clases-aleman\/precios\/\"><img fetchpriority=\"high\" decoding=\"async\" class=\"alignleft wp-image-15075 size-full\" src=\"https:\/\/profesornativodealeman.com\/clases-aleman\/wp-content\/uploads\/2021\/04\/imagen-blog-con-texto-2-1.jpg\" alt=\"trabajar en suiza\" width=\"500\" height=\"468\" title=\"\" srcset=\"https:\/\/profesornativodealeman.com\/clases-aleman\/wp-content\/uploads\/2021\/04\/imagen-blog-con-texto-2-1.jpg 500w, https:\/\/profesornativodealeman.com\/clases-aleman\/wp-content\/uploads\/2021\/04\/imagen-blog-con-texto-2-1-480x449.jpg 480w, https:\/\/profesornativodealeman.com\/clases-aleman\/wp-content\/uploads\/2021\/04\/imagen-blog-con-texto-2-1-150x140.jpg 150w\" sizes=\"(max-width: 500px) 100vw, 500px\" \/><\/a><\/p>\n","protected":false},"excerpt":{"rendered":"<p>Mar\u00eda Jos\u00e9 \u00c1lvarez (Zurich, Suiza) Profesi\u00f3n: m\u00e9dico \u00abCuando comenc\u00e9 las clases con Tobias ya hab\u00eda recorrido un largo y pesado camino con el alem\u00e1n; despu\u00e9s de pasar por diferentes academias presenciales, profesores particulares, y plataformas online, lo encontr\u00e9. Mi objetivo era desempolvar mis conocimientos de alem\u00e1n, que hab\u00eda dejado de usar durante algunos a\u00f1os, y [&hellip;]<\/p>\n","protected":false},"author":4,"featured_media":15196,"comment_status":"open","ping_status":"open","sticky":false,"template":"","format":"standard","meta":{"footnotes":""},"categories":[2624],"tags":[],"class_list":["post-15195","post","type-post","status-publish","format-standard","has-post-thumbnail","hentry","category-cursos-de-aleman"],"_links":{"self":[{"href":"https:\/\/profesornativodealeman.com\/clases-aleman\/wp-json\/wp\/v2\/posts\/15195","targetHints":{"allow":["GET"]}}],"collection":[{"href":"https:\/\/profesornativodealeman.com\/clases-aleman\/wp-json\/wp\/v2\/posts"}],"about":[{"href":"https:\/\/profesornativodealeman.com\/clases-aleman\/wp-json\/wp\/v2\/types\/post"}],"author":[{"embeddable":true,"href":"https:\/\/profesornativodealeman.com\/clases-aleman\/wp-json\/wp\/v2\/users\/4"}],"replies":[{"embeddable":true,"href":"https:\/\/profesornativodealeman.com\/clases-aleman\/wp-json\/wp\/v2\/comments?post=15195"}],"version-history":[{"count":0,"href":"https:\/\/profesornativodealeman.com\/clases-aleman\/wp-json\/wp\/v2\/posts\/15195\/revisions"}],"wp:featuredmedia":[{"embeddable":true,"href":"https:\/\/profesornativodealeman.com\/clases-aleman\/wp-json\/wp\/v2\/media\/15196"}],"wp:attachment":[{"href":"https:\/\/profesornativodealeman.com\/clases-aleman\/wp-json\/wp\/v2\/media?parent=15195"}],"wp:term":[{"taxonomy":"category","embeddable":true,"href":"https:\/\/profesornativodealeman.com\/clases-aleman\/wp-json\/wp\/v2\/categories?post=15195"},{"taxonomy":"post_tag","embeddable":true,"href":"https:\/\/profesornativodealeman.com\/clases-aleman\/wp-json\/wp\/v2\/tags?post=15195"}],"curies":[{"name":"wp","href":"https:\/\/api.w.org\/{rel}","templated":true}]}}