{"id":15387,"date":"2023-05-14T19:10:28","date_gmt":"2023-05-14T17:10:28","guid":{"rendered":"https:\/\/profesornativodealeman.com\/clases-aleman\/?p=15387"},"modified":"2023-05-11T15:12:08","modified_gmt":"2023-05-11T13:12:08","slug":"curso-aleman-c1-a-partir-de-junio","status":"publish","type":"post","link":"https:\/\/profesornativodealeman.com\/clases-aleman\/curso-aleman-c1-a-partir-de-junio\/","title":{"rendered":"Curso aleman C1. A partir de Junio"},"content":{"rendered":"<div id=\"ez-toc-container\" class=\"ez-toc-v2_0_82_2 counter-flat ez-toc-counter ez-toc-custom ez-toc-container-direction\">\n<div class=\"ez-toc-title-container\">\n<p class=\"ez-toc-title\" style=\"cursor:inherit\">Tabla de contenidos. Haciendo clic llega a la informaci\u00f3n.<\/p>\n<span class=\"ez-toc-title-toggle\"><a href=\"#\" class=\"ez-toc-pull-right ez-toc-btn ez-toc-btn-xs ez-toc-btn-default ez-toc-toggle\" aria-label=\"Alternar tabla de contenidos\"><span class=\"ez-toc-js-icon-con\"><span class=\"\"><span class=\"eztoc-hide\" style=\"display:none;\">Toggle<\/span><span class=\"ez-toc-icon-toggle-span\"><svg style=\"fill: #1e73be;color:#1e73be\" xmlns=\"http:\/\/www.w3.org\/2000\/svg\" class=\"list-377408\" width=\"20px\" height=\"20px\" viewBox=\"0 0 24 24\" fill=\"none\"><path d=\"M6 6H4v2h2V6zm14 0H8v2h12V6zM4 11h2v2H4v-2zm16 0H8v2h12v-2zM4 16h2v2H4v-2zm16 0H8v2h12v-2z\" fill=\"currentColor\"><\/path><\/svg><svg style=\"fill: #1e73be;color:#1e73be\" class=\"arrow-unsorted-368013\" xmlns=\"http:\/\/www.w3.org\/2000\/svg\" width=\"10px\" height=\"10px\" viewBox=\"0 0 24 24\" version=\"1.2\" baseProfile=\"tiny\"><path d=\"M18.2 9.3l-6.2-6.3-6.2 6.3c-.2.2-.3.4-.3.7s.1.5.3.7c.2.2.4.3.7.3h11c.3 0 .5-.1.7-.3.2-.2.3-.5.3-.7s-.1-.5-.3-.7zM5.8 14.7l6.2 6.3 6.2-6.3c.2-.2.3-.5.3-.7s-.1-.5-.3-.7c-.2-.2-.4-.3-.7-.3h-11c-.3 0-.5.1-.7.3-.2.2-.3.5-.3.7s.1.5.3.7z\"\/><\/svg><\/span><\/span><\/span><\/a><\/span><\/div>\n<nav><ul class='ez-toc-list ez-toc-list-level-1 ' ><li class='ez-toc-page-1'><a class=\"ez-toc-link ez-toc-heading-1\" href=\"https:\/\/profesornativodealeman.com\/clases-aleman\/curso-aleman-c1-a-partir-de-junio\/#Curso_de_aleman_C1_online\" >Curso de alem\u00e1n C1 online<\/a><\/li><li class='ez-toc-page-1'><a class=\"ez-toc-link ez-toc-heading-2\" href=\"https:\/\/profesornativodealeman.com\/clases-aleman\/curso-aleman-c1-a-partir-de-junio\/#Resenas_de_alumnos\" >Rese\u00f1as de alumnos\u00a0<\/a><\/li><li class='ez-toc-page-1'><a class=\"ez-toc-link ez-toc-heading-3\" href=\"https:\/\/profesornativodealeman.com\/clases-aleman\/curso-aleman-c1-a-partir-de-junio\/#%C2%BFQuieres_darle_un_empujon_%F0%9F%9A%80a_tu_aprendizjaje_del_idioma_aleman\" >\u00bfQuieres darle un empujon \ud83d\ude80a tu aprendizjaje del idioma alem\u00e1n?<\/a><\/li><\/ul><\/nav><\/div>\n<h2><span class=\"ez-toc-section\" id=\"Curso_de_aleman_C1_online\"><\/span><span style=\"color: #0000ff;\"><b style=\"color: #0000ff;\">Curso de <\/b><b>alem\u00e1n<\/b><b style=\"color: #0000ff;\"> C1 online<\/b><\/span><span class=\"ez-toc-section-end\"><\/span><\/h2>\n<p>El curso de alem\u00e1n C1 online puede comenzar en cualquier \u00e9poca del a\u00f1o.<\/p>\n<p>Se puede dise\u00f1ar un curso de individual o se imparte un curso a grupos peque\u00f1os.<\/p>\n<p>Mas abajo puedes leer algunas rese\u00f1as de alumnos<\/p>\n<h4><span class=\"ez-toc-section\" id=\"Resenas_de_alumnos\"><\/span><span style=\"color: #0000ff;\"><strong>Rese\u00f1as de alumnos\u00a0<\/strong><\/span><span class=\"ez-toc-section-end\"><\/span><\/h4>\n<p>La publicaci\u00f3n de los certificados esta autorizada por escrito.<\/p>\n<p>Leidy Arango Rohr, Examen Telc B2 aprobado<\/p>\n<div id='gallery-1' class='gallery galleryid-15387 gallery-columns-3 gallery-size-medium'><figure class='gallery-item'>\n\t\t\t<div class='gallery-icon portrait'>\n\t\t\t\t<a href='https:\/\/profesornativodealeman.com\/clases-aleman\/historias-de-exito-aprendizaje-del-aleman\/certificado-telc-b2-leidy-arango\/'><img fetchpriority=\"high\" decoding=\"async\" width=\"400\" height=\"533\" src=\"https:\/\/profesornativodealeman.com\/clases-aleman\/wp-content\/uploads\/2019\/05\/Certificado-Telc-B2-Leidy-Arango.jpg\" class=\"attachment-medium size-medium\" alt=\"Clases de alem\u00e1n online\" aria-describedby=\"gallery-1-7269\" srcset=\"https:\/\/profesornativodealeman.com\/clases-aleman\/wp-content\/uploads\/2019\/05\/Certificado-Telc-B2-Leidy-Arango.jpg 400w, https:\/\/profesornativodealeman.com\/clases-aleman\/wp-content\/uploads\/2019\/05\/Certificado-Telc-B2-Leidy-Arango-150x200.jpg 150w\" sizes=\"(max-width: 400px) 100vw, 400px\" title=\"\"><\/a>\n\t\t\t<\/div>\n\t\t\t\t<figcaption class='wp-caption-text gallery-caption' id='gallery-1-7269'>\n\t\t\t\tCertificado Telc B2\n\t\t\t\t<\/figcaption><\/figure><figure class='gallery-item'>\n\t\t\t<div class='gallery-icon portrait'>\n\t\t\t\t<a href='https:\/\/profesornativodealeman.com\/clases-aleman\/leidy-arango-2\/'><img decoding=\"async\" width=\"400\" height=\"407\" src=\"https:\/\/profesornativodealeman.com\/clases-aleman\/wp-content\/uploads\/2019\/04\/Leidy-Arango.jpg\" class=\"attachment-medium size-medium\" alt=\"Clases de alem\u00e1n online\" title=\"\"><\/a>\n\t\t\t<\/div><\/figure>\n\t\t<\/div>\n\n<p>Leidy Arango Rohr (Ingelheim, Alemania)<br \/>\nProfesi\u00f3n: Medico<br \/>\nSu opinion sobre las clases de alem\u00e1n :<\/p>\n<p>\u201cSoy m\u00e9dica colombiana, actualmente resido en Alemania. Considero que Tobias es un excelente profesor, de los pocos que en realidad disfrutan hacer su trabajo y se preocupan porque el alumno realmente aprenda. Hab\u00eda tenido que interrumpir mis clases en 2 escuelas debido a mi trabajo por lo cual opt\u00e9 por continuar mi aprendizaje con Tobias. Con \u00e9l pude alcanzar el nivel de alem\u00e1n B2 y aprobar el examen Telc B2, me admitieron en el hospital estatal para iniciar mis pr\u00e1cticas y actualmente preparamos el examen m\u00e9dico para convalidaci\u00f3n de mi titulo en Alemania. No dudo en recomendarlo.\u201d<\/p>\n<div id=\"gallery-1\" class=\"gallery galleryid-9728 gallery-columns-3 gallery-size-medium\"><\/div>\n<div id='gallery-2' class='gallery galleryid-15387 gallery-columns-3 gallery-size-medium'><figure class='gallery-item'>\n\t\t\t<div class='gallery-icon portrait'>\n\t\t\t\t<a href='https:\/\/profesornativodealeman.com\/clases-aleman\/curso-examen-c1-goethe\/sofia-1-1\/'><img decoding=\"async\" width=\"250\" height=\"445\" src=\"https:\/\/profesornativodealeman.com\/clases-aleman\/wp-content\/uploads\/2021\/05\/Sofia-1-1-e1739436405318.jpg\" class=\"attachment-medium size-medium\" alt=\"aleman para medicos\" title=\"\"><\/a>\n\t\t\t<\/div><\/figure><figure class='gallery-item'>\n\t\t\t<div class='gallery-icon portrait'>\n\t\t\t\t<a href='https:\/\/profesornativodealeman.com\/clases-aleman\/historias-de-exito-aprendizaje-del-aleman\/fachspracheprufung-sofia-rodriguez\/'><img loading=\"lazy\" decoding=\"async\" width=\"250\" height=\"355\" src=\"https:\/\/profesornativodealeman.com\/clases-aleman\/wp-content\/uploads\/2019\/05\/Fachsprachepr\u00fcfung-Sofia-Rodriguez-e1739436391841.jpg\" class=\"attachment-medium size-medium\" alt=\"Clases de alem\u00e1n online\" title=\"\"><\/a>\n\t\t\t<\/div><\/figure><figure class='gallery-item'>\n\t\t\t<div class='gallery-icon portrait'>\n\t\t\t\t<a href='https:\/\/profesornativodealeman.com\/clases-aleman\/historias-de-exito-aprendizaje-del-aleman\/c1-zertifikat-sofia-rodriguez\/'><img loading=\"lazy\" decoding=\"async\" width=\"250\" height=\"347\" src=\"https:\/\/profesornativodealeman.com\/clases-aleman\/wp-content\/uploads\/2019\/05\/C1-Zertifikat-Sofia-Rodriguez-e1739436374556.jpg\" class=\"attachment-medium size-medium\" alt=\"Clases de alem\u00e1n online\" title=\"\"><\/a>\n\t\t\t<\/div><\/figure>\n\t\t<\/div>\n\n<p>Sofia Rodriguez Granda, examen C1 y titulo medico aprobado:<\/p>\n<p>Sofia Rodriguez Granda (Valencia, Espa\u00f1a)<br \/>\nProfesi\u00f3n: Medico<\/p>\n<div id=\"gallery-1\" class=\"gallery galleryid-7252 gallery-columns-3 gallery-size-thumbnail\">Su comentario sobre las clases de aleman:<\/div>\n<p>\u201cEmpec\u00e9 con Tob\u00edas despu\u00e9s de aprobar el B2 gracias a mucho esfuerzo, sacrificio personal y poca ayuda. Tras haber probado academias, clases particulares individuales y aprendizaje autodidacta Tob\u00edas fue mi salvaci\u00f3n. Sacarme el C1 se hab\u00eda convertido en una necesidad para homologar el t\u00edtulo de m\u00e9dico en Alemania y aumentar las posibilidades de contrataci\u00f3n y, aunque dedicarle el 100% de mi tiempo hizo mucho, la ayuda, los conocimientos y sobre todo el apoyo moral que Tob\u00edas me brind\u00f3 fueron fundamentales.<\/p>\n<p>Tob\u00edas es algo m\u00e1s que un simple profesor, es un compa\u00f1ero de un viaje que, en muchas ocasiones es frustrante y dif\u00edcil: aprender un idioma tan exigente como el alem\u00e1n. Por ello le estar\u00e9 eternamente agradecida. Ojal\u00e1 hubiera m\u00e1s profesionales de la ense\u00f1anza tan dedicados como \u00e9l. \u201c<\/p>\n<p>Por esto y por todo\u2026 DANKE TOBIAS!<\/p>\n<p>&nbsp;<\/p>\n<div id=\"gallery-3\" class=\"gallery galleryid-9728 gallery-columns-3 gallery-size-medium\">\n<dl class=\"gallery-item\">\n<dt class=\"gallery-icon portrait\"><\/dt>\n<\/dl>\n<div id='gallery-3' class='gallery galleryid-15387 gallery-columns-3 gallery-size-medium'><figure class='gallery-item'>\n\t\t\t<div class='gallery-icon portrait'>\n\t\t\t\t<a href='https:\/\/profesornativodealeman.com\/clases-aleman\/clases-de-aleman-en-linea\/luis-reducida_mesa-de-trabajo-1\/'><img loading=\"lazy\" decoding=\"async\" width=\"201\" height=\"235\" src=\"https:\/\/profesornativodealeman.com\/clases-aleman\/wp-content\/uploads\/2022\/01\/Luis-reducida_Mesa-de-trabajo-1.png\" class=\"attachment-medium size-medium\" alt=\"Clases de alem\u00e1n online\" srcset=\"https:\/\/profesornativodealeman.com\/clases-aleman\/wp-content\/uploads\/2022\/01\/Luis-reducida_Mesa-de-trabajo-1.png 201w, https:\/\/profesornativodealeman.com\/clases-aleman\/wp-content\/uploads\/2022\/01\/Luis-reducida_Mesa-de-trabajo-1-150x175.png 150w\" sizes=\"(max-width: 201px) 100vw, 201px\" title=\"\"><\/a>\n\t\t\t<\/div><\/figure><figure class='gallery-item'>\n\t\t\t<div class='gallery-icon portrait'>\n\t\t\t\t<a href='https:\/\/profesornativodealeman.com\/clases-aleman\/examen-aleman-b2-zurich\/img-20211127-wa0005-4-2\/'><img loading=\"lazy\" decoding=\"async\" width=\"200\" height=\"291\" src=\"https:\/\/profesornativodealeman.com\/clases-aleman\/wp-content\/uploads\/2021\/08\/IMG-20211127-WA0005-4-e1674727450156.jpg\" class=\"attachment-medium size-medium\" alt=\"Clases de alem\u00e1n online\" srcset=\"https:\/\/profesornativodealeman.com\/clases-aleman\/wp-content\/uploads\/2021\/08\/IMG-20211127-WA0005-4-e1674727450156.jpg 200w, https:\/\/profesornativodealeman.com\/clases-aleman\/wp-content\/uploads\/2021\/08\/IMG-20211127-WA0005-4-e1674727450156-150x218.jpg 150w\" sizes=\"(max-width: 200px) 100vw, 200px\" title=\"\"><\/a>\n\t\t\t<\/div><\/figure>\n\t\t<\/div>\n\n<\/div>\n<div dir=\"ltr\">\n<p><em>Luis Carlos Melero (Examen B1 aprobado)<\/em><\/p>\n<div><em>Consejero de Trabajo, Migraciones y Seguridad Social en la Embajada de Espa\u00f1a en Suiza, Austria y Liechtenstein.<\/em><\/div>\n<div><\/div>\n<\/div>\n<div><em>Su opinion sobre las clases de aleman con Tobias:<\/em><\/div>\n<div><\/div>\n<div><\/div>\n<div>\u00abAprender alem\u00e1n no nada f\u00e1cil para los hispanoparlantes: vocabulario, pronunciaci\u00f3n y una gram\u00e1tica enrevesada constituyen grandes retos que no presentan otros idiomas m\u00e1s cercanos al espa\u00f1ol como el franc\u00e9s o el italiano. Es por esto que para aprender alem\u00e1n resulta imprescindible no s\u00f3lo un buen m\u00e9todo, sino encontrar a un buen profesor.<\/div>\n<div><\/div>\n<div>Tob\u00edas es un profesional con todas las letras, alguien con quien aprender los mil y un usos de la part\u00edcula \u00abzu\u00bb no s\u00f3lo es f\u00e1cil sino divertido. Es alguien en quien confiar, que est\u00e1 siempre a tu lado en el proceso de aprendizaje, acompa\u00f1\u00e1ndote, gui\u00e1ndote, dej\u00e1ndote solo para que puedas mejorar y ayud\u00e1ndote a levantar cuando tropiezas en tu aprendizaje. Ll\u00e1malo \u00abcoach\u00bb, gu\u00eda, mentor o como quieras, pero Tob\u00edas lo es. Y eso marca la diferencia con tantos otros profesores de idiomas que andan por la red vendiendo m\u00e1s humo que eficiencia.<\/div>\n<div><\/div>\n<div>Acabo de obtener un 96 sobre 100 en el Goethe B1 y s\u00e9 que buena parte de mi \u00e9xito es gracias a Tob\u00edas. La otra parte, la que me corresponde a m\u00ed, no deja de ser un reflejo de lo que he aprendido con Tob\u00edas d\u00eda a d\u00eda, as\u00ed que tambi\u00e9n es \u00e9xito suyo.\u00bb<\/div>\n<div dir=\"ltr\">\n<div><\/div>\n<div>\u00a1Ahora a seguir adelante con el mejor de los mejores!<\/div>\n<\/div>\n<div><\/div>\n<div>\n<p><img loading=\"lazy\" decoding=\"async\" class=\"aligncenter wp-image-8160 lazy loaded\" title=\"Examenes de aleman aprobados 8 https:\/\/profesornativodealeman.com\/clases-aleman\/wp-content\/uploads\/2021\/06\/graduation-2038864_640-e1653553071255.jpg\" src=\"https:\/\/profesornativodealeman.com\/clases-aleman\/wp-content\/uploads\/2020\/10\/gloria-C1-Zertifikat-Deutsch.jpg\" alt=\"gloria C1 Zertifikat Deutsch\" width=\"400\" height=\"509\" data-src=\"https:\/\/profesornativodealeman.com\/clases-aleman\/wp-content\/uploads\/2020\/10\/gloria-C1-Zertifikat-Deutsch.jpg\" data-was-processed=\"true\" \/><\/p>\n<p>&nbsp;<\/p>\n<p>Gloria Fern\u00e1ndez Polin (Zurich,Suiza) C1 Goethe aprobado<\/p>\n<p>Profesi\u00f3n: Asesora en comunicaci\u00f3n corporativa.<\/p>\n<div class=\"et_pb_toggle_content clearfix\">Su opinion sobre las clases de aleman:<\/div>\n<div><\/div>\n<div class=\"et_pb_toggle_content clearfix\">Part\u00eda de cero y, gracias a Tobias, he conseguido un nivel C1 real y certificado \u00a1\u00a1en apenas un a\u00f1o!!\u00a0 He dado unas tres clases\u00a0 de 90 minutos por semana, lo que significa alcanzar el C1 cuatro veces m\u00e1s r\u00e1pido de lo que se suele estimar para este nivel. Sin duda, un gran ahorro de tiempo y de dinero. L\u00f3gicamente, detr\u00e1s de este logro hay horas de estudio, dedicaci\u00f3n, constancia\u2026 Pero, francamente, no hubiera podido alcanzarlo sin Tobias. \u00c9l no es solo un gran profesor de alem\u00e1n; es un gran coach\/entrenador personal con el que consigues aprender alem\u00e1n de manera eficaz, natural\u2026 y hasta divertida! Bajo mi punto de vista, para aprender alem\u00e1n no solo es importante contar con un profesor cualificado y con experiencia. A esto hay que a\u00f1adir cualidades propias de un coach: empat\u00eda, capacidad de motivaci\u00f3n, claridad, paciencia, capacidad para generar y mantener un entorno de confianza y respeto\u2026 Tobias es, sin duda, el mejor coach de alem\u00e1n que conozco. Y lo recomendar\u00eda a quienes necesiten \/ quieran aprender alem\u00e1n de manera r\u00e1pida y eficaz.<\/div>\n<\/div>\n<p>&nbsp;<\/p>\n<h5><span class=\"ez-toc-section\" id=\"%C2%BFQuieres_darle_un_empujon_%F0%9F%9A%80a_tu_aprendizjaje_del_idioma_aleman\"><\/span>\u00bfQuieres darle un empujon <strong>\ud83d\ude80<\/strong>a tu aprendizjaje del idioma alem\u00e1n?<span class=\"ez-toc-section-end\"><\/span><\/h5>\n<div>\n<p><a href=\"https:\/\/profesornativodealeman.com\/clases-aleman\/precios\/\"><img loading=\"lazy\" decoding=\"async\" class=\"alignleft wp-image-15075 size-full\" src=\"https:\/\/profesornativodealeman.com\/clases-aleman\/wp-content\/uploads\/2021\/04\/imagen-blog-con-texto-2-1.jpg\" alt=\"trabajar en suiza\" width=\"500\" height=\"468\" title=\"\" srcset=\"https:\/\/profesornativodealeman.com\/clases-aleman\/wp-content\/uploads\/2021\/04\/imagen-blog-con-texto-2-1.jpg 500w, https:\/\/profesornativodealeman.com\/clases-aleman\/wp-content\/uploads\/2021\/04\/imagen-blog-con-texto-2-1-480x449.jpg 480w, https:\/\/profesornativodealeman.com\/clases-aleman\/wp-content\/uploads\/2021\/04\/imagen-blog-con-texto-2-1-150x140.jpg 150w\" sizes=\"(max-width: 500px) 100vw, 500px\" \/><\/a><\/p>\n<\/div>\n<p>&nbsp;<\/p>\n<p>&nbsp;<\/p>\n","protected":false},"excerpt":{"rendered":"<p>Curso de alem\u00e1n C1 online El curso de alem\u00e1n C1 online puede comenzar en cualquier \u00e9poca del a\u00f1o. Se puede dise\u00f1ar un curso de individual o se imparte un curso a grupos peque\u00f1os. Mas abajo puedes leer algunas rese\u00f1as de alumnos Rese\u00f1as de alumnos\u00a0 La publicaci\u00f3n de los certificados esta autorizada por escrito. Leidy Arango [&hellip;]<\/p>\n","protected":false},"author":4,"featured_media":0,"comment_status":"open","ping_status":"open","sticky":false,"template":"","format":"standard","meta":{"footnotes":""},"categories":[2624],"tags":[],"class_list":["post-15387","post","type-post","status-publish","format-standard","hentry","category-cursos-de-aleman"],"_links":{"self":[{"href":"https:\/\/profesornativodealeman.com\/clases-aleman\/wp-json\/wp\/v2\/posts\/15387","targetHints":{"allow":["GET"]}}],"collection":[{"href":"https:\/\/profesornativodealeman.com\/clases-aleman\/wp-json\/wp\/v2\/posts"}],"about":[{"href":"https:\/\/profesornativodealeman.com\/clases-aleman\/wp-json\/wp\/v2\/types\/post"}],"author":[{"embeddable":true,"href":"https:\/\/profesornativodealeman.com\/clases-aleman\/wp-json\/wp\/v2\/users\/4"}],"replies":[{"embeddable":true,"href":"https:\/\/profesornativodealeman.com\/clases-aleman\/wp-json\/wp\/v2\/comments?post=15387"}],"version-history":[{"count":0,"href":"https:\/\/profesornativodealeman.com\/clases-aleman\/wp-json\/wp\/v2\/posts\/15387\/revisions"}],"wp:attachment":[{"href":"https:\/\/profesornativodealeman.com\/clases-aleman\/wp-json\/wp\/v2\/media?parent=15387"}],"wp:term":[{"taxonomy":"category","embeddable":true,"href":"https:\/\/profesornativodealeman.com\/clases-aleman\/wp-json\/wp\/v2\/categories?post=15387"},{"taxonomy":"post_tag","embeddable":true,"href":"https:\/\/profesornativodealeman.com\/clases-aleman\/wp-json\/wp\/v2\/tags?post=15387"}],"curies":[{"name":"wp","href":"https:\/\/api.w.org\/{rel}","templated":true}]}}