{"id":15401,"date":"2023-05-18T11:47:08","date_gmt":"2023-05-18T09:47:08","guid":{"rendered":"https:\/\/profesornativodealeman.com\/clases-aleman\/?p=15401"},"modified":"2023-05-13T13:48:10","modified_gmt":"2023-05-13T11:48:10","slug":"clases-de-aleman-para-adolescentes","status":"publish","type":"post","link":"https:\/\/profesornativodealeman.com\/clases-aleman\/clases-de-aleman-para-adolescentes\/","title":{"rendered":"Rese\u00f1as: Clases de aleman para adolescentes"},"content":{"rendered":"<p class=\"et_pb_toggle_title\">Ignacio Camarero Tabera (Madrid)<\/p>\n<p>Profesion:Ingeniero Inform\u00e1tico<\/p>\n<p>Su comentario sobre las clases de aleman con Tobias Woelke:<\/p>\n<p class=\"et_pb_toggle_content clearfix\">\u00a0 \u00a0<img decoding=\"async\" class=\"size-thumbnail wp-image-4165 lazy loaded alignleft\" title=\"Opiniones de los Alumnos 30\" src=\"https:\/\/profesornativodealeman.com\/clases-aleman\/wp-content\/uploads\/2015\/04\/ignacio-camarero-tabera-150x150.jpg\" sizes=\"(max-width: 150px) 100vw, 150px\" srcset=\"https:\/\/profesornativodealeman.com\/clases-aleman\/wp-content\/uploads\/2015\/04\/ignacio-camarero-tabera-150x150.jpg 150w, https:\/\/profesornativodealeman.com\/clases-aleman\/wp-content\/uploads\/2015\/04\/ignacio-camarero-tabera-200x200.jpg 200w\" alt=\"ignacio-camarero-tabera\" width=\"150\" height=\"150\" data-src=\"https:\/\/profesornativodealeman.com\/clases-aleman\/wp-content\/uploads\/2015\/04\/ignacio-camarero-tabera-150x150.jpg\" data-sizes=\"(max-width: 150px) 100vw, 150px\" data-srcset=\"https:\/\/profesornativodealeman.com\/clases-aleman\/wp-content\/uploads\/2015\/04\/ignacio-camarero-tabera-150x150.jpg 150w, https:\/\/profesornativodealeman.com\/clases-aleman\/wp-content\/uploads\/2015\/04\/ignacio-camarero-tabera-200x200.jpg 200w\" data-was-processed=\"true\" \/><\/p>\n<p>\u201cTobias es un gran profesor, que se preocupa por llegar al alumno, personaliza las clases en funci\u00f3n del car\u00e1cter del alumno. Nuestro hijo \u00c1lvaro (13 a\u00f1os) da aleman en el colegio, pero no notabamos que avanzase y desde que tiene clases con Tobias la actitud hacia el aleman es distinta lo que facilita el progreso en el aprendizaje del alem\u00e1n.<\/p>\n<p>Las clases de \u00c1lvaro son por Zoom, pero eso no impide que se note la implicaci\u00f3n y cercania del profesor durante la clase y que resulten amenas.<\/p>\n<p>La verdad es que todo lo que podamos comentar sobre el no refleja lo profesional que es.<\/p>\n<p>Lo m\u00e1s destacado: persona que disfruta ense\u00f1ando su idioma, puntual, simp\u00e1tico, implicado 100% en el trabajo, profesional\u2026\u201d<\/p>\n<p>&nbsp;<\/p>\n<p class=\"et_pb_toggle_title\">Natalia B\u00f3dalo y Francisco Pinheiro (Madrid)<\/p>\n<p>Profesion:Responsable asesor\u00eda jur\u00eddica sector energ\u00e9tico y Director de innovaci\u00f3n TIC<\/p>\n<div class=\"et_pb_toggle_content clearfix\"><img decoding=\"async\" class=\"wp-image-3717 size-thumbnail lazy loaded alignleft\" title=\"Opiniones de los Alumnos 31\" src=\"https:\/\/profesornativodealeman.com\/clases-aleman\/wp-content\/uploads\/2015\/04\/natalia-bodalo-y-francisco-pinheiro-150x150.jpg\" sizes=\"(max-width: 150px) 100vw, 150px\" srcset=\"https:\/\/profesornativodealeman.com\/clases-aleman\/wp-content\/uploads\/2015\/04\/natalia-bodalo-y-francisco-pinheiro-150x150.jpg 150w, https:\/\/profesornativodealeman.com\/clases-aleman\/wp-content\/uploads\/2015\/04\/natalia-bodalo-y-francisco-pinheiro-225x225.jpg 225w, https:\/\/profesornativodealeman.com\/clases-aleman\/wp-content\/uploads\/2015\/04\/natalia-bodalo-y-francisco-pinheiro-200x200.jpg 200w\" alt=\"natalia bodalo y francisco pinheiro\" width=\"150\" height=\"150\" data-src=\"https:\/\/profesornativodealeman.com\/clases-aleman\/wp-content\/uploads\/2015\/04\/natalia-bodalo-y-francisco-pinheiro-150x150.jpg\" data-sizes=\"(max-width: 150px) 100vw, 150px\" data-srcset=\"https:\/\/profesornativodealeman.com\/clases-aleman\/wp-content\/uploads\/2015\/04\/natalia-bodalo-y-francisco-pinheiro-150x150.jpg 150w, https:\/\/profesornativodealeman.com\/clases-aleman\/wp-content\/uploads\/2015\/04\/natalia-bodalo-y-francisco-pinheiro-225x225.jpg 225w, https:\/\/profesornativodealeman.com\/clases-aleman\/wp-content\/uploads\/2015\/04\/natalia-bodalo-y-francisco-pinheiro-200x200.jpg 200w\" data-was-processed=\"true\" \/><\/div>\n<div class=\"et_pb_toggle_content clearfix\">Su comentario sobre las clases de aleman con Tobias Woelke:<\/div>\n<div class=\"et_pb_toggle_content clearfix\">\u201cNuestro hijo Iv\u00e1n (15 a\u00f1os) empez\u00f3 las clases con Tobias hace dos a\u00f1os. Anteriormente hab\u00eda estado dos a\u00f1os con clases particulares y tres con clases en el colegio, pero no consegu\u00eda mantener una conversaci\u00f3n en alem\u00e1n. Con Tob\u00edas notamos una r\u00e1pida y considerable mejor\u00eda en la conversaci\u00f3n y en el vocabulario. Iv\u00e1n est\u00e1 muy contento y motivado con las clases y asegura que se le pasan volando. Las clases son muy variadas y Tobias le facilita abundante e interesante material audiovisual. Lo m\u00e1s destacado: su vocaci\u00f3n, paciencia, profesionalidad y capacidad de motivaci\u00f3n.<\/div>\n<div><\/div>\n<div>\n<p>&nbsp;<\/p>\n<p class=\"et_pb_toggle_title\">Maximiliano Rodriguez In\u00e9s (Madrid)<\/p>\n<p>Profesion: Jefe de Departamento FCC<\/p>\n<div class=\"et_pb_toggle_content clearfix\"><img decoding=\"async\" class=\"wp-image-3716 size-thumbnail lazy loaded alignleft\" title=\"Opiniones de los Alumnos 32\" src=\"https:\/\/profesornativodealeman.com\/clases-aleman\/wp-content\/uploads\/2015\/04\/maximiliano-rodriguez-ines-150x150.jpg\" sizes=\"(max-width: 150px) 100vw, 150px\" srcset=\"https:\/\/profesornativodealeman.com\/clases-aleman\/wp-content\/uploads\/2015\/04\/maximiliano-rodriguez-ines-150x150.jpg 150w, https:\/\/profesornativodealeman.com\/clases-aleman\/wp-content\/uploads\/2015\/04\/maximiliano-rodriguez-ines-225x225.jpg 225w, https:\/\/profesornativodealeman.com\/clases-aleman\/wp-content\/uploads\/2015\/04\/maximiliano-rodriguez-ines-200x200.jpg 200w, https:\/\/profesornativodealeman.com\/clases-aleman\/wp-content\/uploads\/2015\/04\/maximiliano-rodriguez-ines-300x300.jpg 300w\" alt=\"maximiliano rodriguez ines\" width=\"150\" height=\"150\" data-src=\"https:\/\/profesornativodealeman.com\/clases-aleman\/wp-content\/uploads\/2015\/04\/maximiliano-rodriguez-ines-150x150.jpg\" data-sizes=\"(max-width: 150px) 100vw, 150px\" data-srcset=\"https:\/\/profesornativodealeman.com\/clases-aleman\/wp-content\/uploads\/2015\/04\/maximiliano-rodriguez-ines-150x150.jpg 150w, https:\/\/profesornativodealeman.com\/clases-aleman\/wp-content\/uploads\/2015\/04\/maximiliano-rodriguez-ines-225x225.jpg 225w, https:\/\/profesornativodealeman.com\/clases-aleman\/wp-content\/uploads\/2015\/04\/maximiliano-rodriguez-ines-200x200.jpg 200w, https:\/\/profesornativodealeman.com\/clases-aleman\/wp-content\/uploads\/2015\/04\/maximiliano-rodriguez-ines-300x300.jpg 300w\" data-was-processed=\"true\" \/><\/div>\n<div class=\"et_pb_toggle_content clearfix\">\n<p>Su comentario sobre las clases de alem\u00e1n con Tobias Woelke:\u201cLa experiencia de mi hijo Maxi de 13 a\u00f1os con el aprendizaje de Alem\u00e1n ha sido magn\u00edfica y, en ello ha intervenido de forma decisiva Tob\u00edas. Su forma de impartir las clases de una forma pedag\u00f3gica y distendida, adaptando en cada momento los contenidos y los temas de conversaci\u00f3n a cada alumno, hace que \u00e9ste sienta la necesidad de profundizar de una manera espont\u00e1nea en aspectos sociales y culturales t\u00edpicamente alemanes. Adem\u00e1s mediante la realizaci\u00f3n de ejercicios y di\u00e1logos enfocados a la estimulaci\u00f3n de las habilidades de escribir, escuchar y hablar, el alumno gana en confianza y es capaz de derribar sin esfuerzo esa barrera que algunas veces aparece al empezar a hablar un nuevo idioma\u201d.<\/p>\n<p>&nbsp;<\/p>\n<\/div>\n<p>\u00bfQuieres darle un empuj\u00f3n <strong>\ud83d\ude80<\/strong>a tu aprendizaje del idioma alem\u00e1n?<\/p>\n<p><a href=\"https:\/\/profesornativodealeman.com\/clases-aleman\/precios\/\"><img loading=\"lazy\" decoding=\"async\" class=\"alignleft wp-image-15075 size-full\" src=\"https:\/\/profesornativodealeman.com\/clases-aleman\/wp-content\/uploads\/2021\/04\/imagen-blog-con-texto-2-1.jpg\" alt=\"trabajar en suiza\" width=\"500\" height=\"468\" title=\"\" srcset=\"https:\/\/profesornativodealeman.com\/clases-aleman\/wp-content\/uploads\/2021\/04\/imagen-blog-con-texto-2-1.jpg 500w, https:\/\/profesornativodealeman.com\/clases-aleman\/wp-content\/uploads\/2021\/04\/imagen-blog-con-texto-2-1-480x449.jpg 480w, https:\/\/profesornativodealeman.com\/clases-aleman\/wp-content\/uploads\/2021\/04\/imagen-blog-con-texto-2-1-150x140.jpg 150w\" sizes=\"(max-width: 500px) 100vw, 500px\" \/><\/a><\/p>\n<\/div>\n","protected":false},"excerpt":{"rendered":"<p>Ignacio Camarero Tabera (Madrid) Profesion:Ingeniero Inform\u00e1tico Su comentario sobre las clases de aleman con Tobias Woelke: \u00a0 \u00a0 \u201cTobias es un gran profesor, que se preocupa por llegar al alumno, personaliza las clases en funci\u00f3n del car\u00e1cter del alumno. Nuestro hijo \u00c1lvaro (13 a\u00f1os) da aleman en el colegio, pero no notabamos que avanzase y [&hellip;]<\/p>\n","protected":false},"author":4,"featured_media":15408,"comment_status":"open","ping_status":"open","sticky":false,"template":"","format":"standard","meta":{"footnotes":""},"categories":[13],"tags":[],"class_list":["post-15401","post","type-post","status-publish","format-standard","has-post-thumbnail","hentry","category-gramatica-alemana"],"_links":{"self":[{"href":"https:\/\/profesornativodealeman.com\/clases-aleman\/wp-json\/wp\/v2\/posts\/15401","targetHints":{"allow":["GET"]}}],"collection":[{"href":"https:\/\/profesornativodealeman.com\/clases-aleman\/wp-json\/wp\/v2\/posts"}],"about":[{"href":"https:\/\/profesornativodealeman.com\/clases-aleman\/wp-json\/wp\/v2\/types\/post"}],"author":[{"embeddable":true,"href":"https:\/\/profesornativodealeman.com\/clases-aleman\/wp-json\/wp\/v2\/users\/4"}],"replies":[{"embeddable":true,"href":"https:\/\/profesornativodealeman.com\/clases-aleman\/wp-json\/wp\/v2\/comments?post=15401"}],"version-history":[{"count":0,"href":"https:\/\/profesornativodealeman.com\/clases-aleman\/wp-json\/wp\/v2\/posts\/15401\/revisions"}],"wp:featuredmedia":[{"embeddable":true,"href":"https:\/\/profesornativodealeman.com\/clases-aleman\/wp-json\/wp\/v2\/media\/15408"}],"wp:attachment":[{"href":"https:\/\/profesornativodealeman.com\/clases-aleman\/wp-json\/wp\/v2\/media?parent=15401"}],"wp:term":[{"taxonomy":"category","embeddable":true,"href":"https:\/\/profesornativodealeman.com\/clases-aleman\/wp-json\/wp\/v2\/categories?post=15401"},{"taxonomy":"post_tag","embeddable":true,"href":"https:\/\/profesornativodealeman.com\/clases-aleman\/wp-json\/wp\/v2\/tags?post=15401"}],"curies":[{"name":"wp","href":"https:\/\/api.w.org\/{rel}","templated":true}]}}