{"id":15664,"date":"2023-09-14T11:57:20","date_gmt":"2023-09-14T09:57:20","guid":{"rendered":"https:\/\/profesornativodealeman.com\/clases-aleman\/?p=15664"},"modified":"2023-08-27T08:04:33","modified_gmt":"2023-08-27T06:04:33","slug":"aleman-para-musicos-resenas","status":"publish","type":"post","link":"https:\/\/profesornativodealeman.com\/clases-aleman\/aleman-para-musicos-resenas\/","title":{"rendered":"Alem\u00e1n para m\u00fasicos. Rese\u00f1as"},"content":{"rendered":"<p class=\"et_pb_toggle_title\">Gerolamo Gallo (Dessau, Alemania)<\/p>\n<div class=\"et_pb_toggle_content clearfix\">\n<p><strong>Profesion: M\u00fasico<\/strong><\/p>\n<p>Su opinion sobre las clases de aleman con Tobias Woelke:<img decoding=\"async\" class=\"wp-image-7201 alignright lazy loaded\" title=\"Opiniones de los Alumnos 8 https:\/\/profesornativodealeman.com\/clases-aleman\/wp-content\/uploads\/2023\/05\/clases-de-aleman.jpg\" src=\"https:\/\/profesornativodealeman.com\/clases-aleman\/wp-content\/uploads\/2019\/04\/Gerolamo.jpg\" alt=\"Gerolamo\" width=\"115\" height=\"154\" data-src=\"https:\/\/profesornativodealeman.com\/clases-aleman\/wp-content\/uploads\/2019\/04\/Gerolamo.jpg\" data-was-processed=\"true\" \/><\/p>\n<p>\u00abLlevo aprendiendo Alem\u00e1n por mas de un a\u00f1o, he llevado clases en dos escuelas de idiomas aqu\u00ed en Alemania. Logr\u00e9 alcanzar el nivel B2, pero nunca sent\u00ed haber superado el A2. Luego decid\u00ed empezar clases con Tob\u00edas, lo cual me ayud\u00f3 bastante a resolver muchas de las dudas que ten\u00eda.<\/p>\n<p>Al tener un profesor con un perfecto nivel de espa\u00f1ol y siendo a su vez tiempo nativo alem\u00e1n, se consigue romper la barrera entre los dos idiomas, ya que Tob\u00edas sabe explicar las cosas de una manera concisa, amena y l\u00f3gica. Obtuve confianza r\u00e1pidamente y ya puedo desenvolverme en el trabajo y en distintas situaciones de la vida diaria. M\u00e1s que una clase, es siempre una gran experiencia en la que puedo practicar mi alem\u00e1n con un amigo y del mismo modo recibir conocimiento y pautas de un excelente profesor.\u00bb<\/p>\n<p class=\"et_pb_toggle_title\">Montserrat Egea Tapetado (Toledo)<\/p>\n<div class=\"et_pb_toggle_content clearfix\">\n<p><strong>Profesion: Estudiante de musica<\/strong><\/p>\n<p><img decoding=\"async\" class=\"alignright wp-image-4891 lazy loaded\" title=\"Opiniones de los Alumnos 6 https:\/\/profesornativodealeman.com\/clases-aleman\/wp-content\/uploads\/2023\/05\/clases-de-aleman.jpg\" src=\"https:\/\/profesornativodealeman.com\/clases-aleman\/wp-content\/uploads\/2015\/04\/Foto-Montserrat-Egea-Tapetado-e1652798167788.jpg\" alt=\"Clases de aleman\" width=\"200\" height=\"112\" data-src=\"https:\/\/profesornativodealeman.com\/clases-aleman\/wp-content\/uploads\/2015\/04\/Foto-Montserrat-Egea-Tapetado-e1652798167788.jpg\" data-was-processed=\"true\" \/>Su comentario sobre las clases de aleman con Tobias Woelke:<\/p>\n<p>\u00abTob\u00edas es un gran profesor para m\u00ed. Desde que empec\u00e9 a dar clases con \u00e9l, he recuperado la ilusi\u00f3n por el idioma. Sus clases son muy amenas y en muchas ocasiones divertidas!<\/p>\n<p>Se adapta perfectamente a la situaci\u00f3n que est\u00e1 viviendo el alumno (ya sea de estr\u00e9s, de pruebas, de conciertos\u2026) y siempre trata de entenderte y ayudarte. Estoy realmente contenta de tenerle como profesor.\u201d<\/p>\n<p>\u00bf<strong>Deseas <span style=\"color: #ff0000;\">avanzar<\/span><span style=\"color: #ffcc00;\"> en<\/span><\/strong> <strong>tu aprendizaje <span style=\"color: #ff0000;\">del<\/span><span style=\"color: #ffcc00;\"> alem\u00e1n<\/span><\/strong>?<\/p>\n<p>\u00a1Te ayudar\u00e9 a alcanzar tus metas!<strong>\ud83c\udfc6\u00a0<\/strong><\/p>\n<p>Haz clic en la imagen para obtener m\u00e1s informaci\u00f3n<\/p>\n<p><a href=\"https:\/\/profesornativodealeman.com\/clases-aleman\/precios\/\"><img fetchpriority=\"high\" decoding=\"async\" class=\"aligncenter wp-image-15628 size-full\" src=\"https:\/\/profesornativodealeman.com\/clases-aleman\/wp-content\/uploads\/2023\/08\/background-couple-hike-hiking-team-1-1.jpg\" alt=\"Clases de alem\u00e1n online\" width=\"1000\" height=\"686\" title=\"\" srcset=\"https:\/\/profesornativodealeman.com\/clases-aleman\/wp-content\/uploads\/2023\/08\/background-couple-hike-hiking-team-1-1.jpg 1000w, https:\/\/profesornativodealeman.com\/clases-aleman\/wp-content\/uploads\/2023\/08\/background-couple-hike-hiking-team-1-1-768x527.jpg 768w, https:\/\/profesornativodealeman.com\/clases-aleman\/wp-content\/uploads\/2023\/08\/background-couple-hike-hiking-team-1-1-980x672.jpg 980w, https:\/\/profesornativodealeman.com\/clases-aleman\/wp-content\/uploads\/2023\/08\/background-couple-hike-hiking-team-1-1-480x329.jpg 480w, https:\/\/profesornativodealeman.com\/clases-aleman\/wp-content\/uploads\/2023\/08\/background-couple-hike-hiking-team-1-1-150x103.jpg 150w\" sizes=\"(max-width: 1000px) 100vw, 1000px\" \/><\/a><\/p>\n<\/div>\n<p>&nbsp;<\/p>\n<\/div>\n","protected":false},"excerpt":{"rendered":"<p>Gerolamo Gallo (Dessau, Alemania) Profesion: M\u00fasico Su opinion sobre las clases de aleman con Tobias Woelke: \u00abLlevo aprendiendo Alem\u00e1n por mas de un a\u00f1o, he llevado clases en dos escuelas de idiomas aqu\u00ed en Alemania. Logr\u00e9 alcanzar el nivel B2, pero nunca sent\u00ed haber superado el A2. Luego decid\u00ed empezar clases con Tob\u00edas, lo cual [&hellip;]<\/p>\n","protected":false},"author":4,"featured_media":15665,"comment_status":"open","ping_status":"open","sticky":false,"template":"","format":"standard","meta":{"footnotes":""},"categories":[2624,13],"tags":[],"class_list":["post-15664","post","type-post","status-publish","format-standard","has-post-thumbnail","hentry","category-cursos-de-aleman","category-gramatica-alemana"],"_links":{"self":[{"href":"https:\/\/profesornativodealeman.com\/clases-aleman\/wp-json\/wp\/v2\/posts\/15664","targetHints":{"allow":["GET"]}}],"collection":[{"href":"https:\/\/profesornativodealeman.com\/clases-aleman\/wp-json\/wp\/v2\/posts"}],"about":[{"href":"https:\/\/profesornativodealeman.com\/clases-aleman\/wp-json\/wp\/v2\/types\/post"}],"author":[{"embeddable":true,"href":"https:\/\/profesornativodealeman.com\/clases-aleman\/wp-json\/wp\/v2\/users\/4"}],"replies":[{"embeddable":true,"href":"https:\/\/profesornativodealeman.com\/clases-aleman\/wp-json\/wp\/v2\/comments?post=15664"}],"version-history":[{"count":0,"href":"https:\/\/profesornativodealeman.com\/clases-aleman\/wp-json\/wp\/v2\/posts\/15664\/revisions"}],"wp:featuredmedia":[{"embeddable":true,"href":"https:\/\/profesornativodealeman.com\/clases-aleman\/wp-json\/wp\/v2\/media\/15665"}],"wp:attachment":[{"href":"https:\/\/profesornativodealeman.com\/clases-aleman\/wp-json\/wp\/v2\/media?parent=15664"}],"wp:term":[{"taxonomy":"category","embeddable":true,"href":"https:\/\/profesornativodealeman.com\/clases-aleman\/wp-json\/wp\/v2\/categories?post=15664"},{"taxonomy":"post_tag","embeddable":true,"href":"https:\/\/profesornativodealeman.com\/clases-aleman\/wp-json\/wp\/v2\/tags?post=15664"}],"curies":[{"name":"wp","href":"https:\/\/api.w.org\/{rel}","templated":true}]}}