{"id":15764,"date":"2023-09-18T07:30:01","date_gmt":"2023-09-18T05:30:01","guid":{"rendered":"https:\/\/profesornativodealeman.com\/clases-aleman\/?p=15764"},"modified":"2023-09-18T07:30:01","modified_gmt":"2023-09-18T05:30:01","slug":"nueva-resena-3","status":"publish","type":"post","link":"https:\/\/profesornativodealeman.com\/clases-aleman\/nueva-resena-3\/","title":{"rendered":"Nueva rese\u00f1a"},"content":{"rendered":"<p>Rosa Mar\u00eda Jim\u00e9nez Beret (Austria)<img decoding=\"async\" class=\"wp-image-15765 alignright\" src=\"https:\/\/profesornativodealeman.com\/clases-aleman\/wp-content\/uploads\/2023\/09\/IMG-20230917-WA0004-1.jpg\" alt=\"Clases de alem\u00e1n online\" width=\"180\" height=\"135\" title=\"\"><\/p>\n<p>Profesi\u00f3n: T\u00e9cnico superior en administraci\u00f3n y finanzas<\/p>\n<p>Su opini\u00f3n sobre las clases de alem\u00e1n con Tobias Woelke:<\/p>\n<p>\u00abEmpec\u00e9 con Tob\u00edas despu\u00e9s de aprobar el B1 en un centro de estudios de Viena muy prestigioso, pero con explicaciones gramaticales poco esclarecedoras, y con mucho af\u00e1n recaudatorio.<\/p>\n<p>Busqu\u00e9 un profesor nativo en alem\u00e1n pero que pudiera explicarme la gram\u00e1tica y expresiones en mi idioma.<\/p>\n<p>Por fin lo encontr\u00e9 y es como un traje hecho a medida. Llevo con \u00e9l casi seis meses y solamente puedo tener buenas palabras para \u00e9l.<\/p>\n<p>Te facilita el aprendizaje, material did\u00e1ctico, es muy profesional y sobre todo muy buena persona con muy poco af\u00e1n de lucro.<\/p>\n<p>No solamente me esta ense\u00f1ando alem\u00e1n, sino que tambi\u00e9n me est\u00e1 acompa\u00f1ando en mi proceso de homologar mi t\u00edtulo y alcanzar el nivel que necesito para ejercer mi profesi\u00f3n.<\/p>\n<p>No se puede pedir nada m\u00e1s y estoy inmensamente agradecida.\u00bb<\/p>\n<p>Vielen Dank Tobias Woelke<\/p>\n<p>\u00bf<strong>Deseas <span style=\"color: #ff0000;\">avanzar<\/span><span style=\"color: #ffcc00;\"> en<\/span><\/strong> <strong>tu aprendizaje <span style=\"color: #ff0000;\">del<\/span><span style=\"color: #ffcc00;\"> alem\u00e1n<\/span><\/strong>?<\/p>\n<p>\u00a1Te ayudar\u00e9 a alcanzar tus metas!<strong>\ud83c\udfc6\u00a0<\/strong><\/p>\n<p>Haz clic en la imagen para obtener m\u00e1s informaci\u00f3n<\/p>\n<p><a href=\"https:\/\/profesornativodealeman.com\/clases-aleman\/precios\/\"><img fetchpriority=\"high\" decoding=\"async\" class=\"aligncenter wp-image-15628 size-full\" src=\"https:\/\/profesornativodealeman.com\/clases-aleman\/wp-content\/uploads\/2023\/08\/background-couple-hike-hiking-team-1-1.jpg\" alt=\"Clases de alem\u00e1n online\" width=\"1000\" height=\"686\" title=\"\" srcset=\"https:\/\/profesornativodealeman.com\/clases-aleman\/wp-content\/uploads\/2023\/08\/background-couple-hike-hiking-team-1-1.jpg 1000w, https:\/\/profesornativodealeman.com\/clases-aleman\/wp-content\/uploads\/2023\/08\/background-couple-hike-hiking-team-1-1-768x527.jpg 768w, https:\/\/profesornativodealeman.com\/clases-aleman\/wp-content\/uploads\/2023\/08\/background-couple-hike-hiking-team-1-1-980x672.jpg 980w, https:\/\/profesornativodealeman.com\/clases-aleman\/wp-content\/uploads\/2023\/08\/background-couple-hike-hiking-team-1-1-480x329.jpg 480w, https:\/\/profesornativodealeman.com\/clases-aleman\/wp-content\/uploads\/2023\/08\/background-couple-hike-hiking-team-1-1-150x103.jpg 150w\" sizes=\"(max-width: 1000px) 100vw, 1000px\" \/><\/a><\/p>\n","protected":false},"excerpt":{"rendered":"<p>Rosa Mar\u00eda Jim\u00e9nez Beret (Austria) Profesi\u00f3n: T\u00e9cnico superior en administraci\u00f3n y finanzas Su opini\u00f3n sobre las clases de alem\u00e1n con Tobias Woelke: \u00abEmpec\u00e9 con Tob\u00edas despu\u00e9s de aprobar el B1 en un centro de estudios de Viena muy prestigioso, pero con explicaciones gramaticales poco esclarecedoras, y con mucho af\u00e1n recaudatorio. Busqu\u00e9 un profesor nativo en [&hellip;]<\/p>\n","protected":false},"author":4,"featured_media":15768,"comment_status":"open","ping_status":"open","sticky":false,"template":"","format":"standard","meta":{"footnotes":""},"categories":[2624,13,1],"tags":[],"class_list":["post-15764","post","type-post","status-publish","format-standard","has-post-thumbnail","hentry","category-cursos-de-aleman","category-gramatica-alemana","category-idioma-aleman"],"_links":{"self":[{"href":"https:\/\/profesornativodealeman.com\/clases-aleman\/wp-json\/wp\/v2\/posts\/15764","targetHints":{"allow":["GET"]}}],"collection":[{"href":"https:\/\/profesornativodealeman.com\/clases-aleman\/wp-json\/wp\/v2\/posts"}],"about":[{"href":"https:\/\/profesornativodealeman.com\/clases-aleman\/wp-json\/wp\/v2\/types\/post"}],"author":[{"embeddable":true,"href":"https:\/\/profesornativodealeman.com\/clases-aleman\/wp-json\/wp\/v2\/users\/4"}],"replies":[{"embeddable":true,"href":"https:\/\/profesornativodealeman.com\/clases-aleman\/wp-json\/wp\/v2\/comments?post=15764"}],"version-history":[{"count":0,"href":"https:\/\/profesornativodealeman.com\/clases-aleman\/wp-json\/wp\/v2\/posts\/15764\/revisions"}],"wp:featuredmedia":[{"embeddable":true,"href":"https:\/\/profesornativodealeman.com\/clases-aleman\/wp-json\/wp\/v2\/media\/15768"}],"wp:attachment":[{"href":"https:\/\/profesornativodealeman.com\/clases-aleman\/wp-json\/wp\/v2\/media?parent=15764"}],"wp:term":[{"taxonomy":"category","embeddable":true,"href":"https:\/\/profesornativodealeman.com\/clases-aleman\/wp-json\/wp\/v2\/categories?post=15764"},{"taxonomy":"post_tag","embeddable":true,"href":"https:\/\/profesornativodealeman.com\/clases-aleman\/wp-json\/wp\/v2\/tags?post=15764"}],"curies":[{"name":"wp","href":"https:\/\/api.w.org\/{rel}","templated":true}]}}