{"id":15783,"date":"2023-09-25T15:19:55","date_gmt":"2023-09-25T13:19:55","guid":{"rendered":"https:\/\/profesornativodealeman.com\/clases-aleman\/?p=15783"},"modified":"2023-09-25T15:19:55","modified_gmt":"2023-09-25T13:19:55","slug":"nueva-valoracion-sobre-las-clases-de-aleman","status":"publish","type":"post","link":"https:\/\/profesornativodealeman.com\/clases-aleman\/nueva-valoracion-sobre-las-clases-de-aleman\/","title":{"rendered":"Nueva valoracion sobre las clases de alem\u00e1n"},"content":{"rendered":"<p>Alberto Gomez (D\u00fcsseldorf, Alemania)<img decoding=\"async\" class=\"wp-image-15784 alignright\" src=\"https:\/\/profesornativodealeman.com\/clases-aleman\/wp-content\/uploads\/2023\/09\/1549907121985.jpeg\" alt=\"Clases de alem\u00e1n online\" width=\"150\" height=\"150\" title=\"\"><\/p>\n<p>Profesion: Consultor IT<\/p>\n<p>Su opini\u00f3n sobre las clases con Tobias Woelke:<\/p>\n<div>\u00abMe mud\u00e9 a Alemania a finales de 2018, despu\u00e9s de haber vivido casi 10 a\u00f1os en otro pa\u00eds.<br \/>\nHab\u00eda estudiado alem\u00e1n en la universidad, pero tanto tiempo sin practicarlo hizo que mis habilidades se oxidaran considerablemente, y la llegada al pa\u00eds germano fuese m\u00e1s dif\u00edcil de lo que hab\u00eda estimado en un principio.<\/div>\n<div><\/div>\n<div>Durante 4 a\u00f1os intent\u00e9 retomar el estudio del alem\u00e1n en 3 ocasiones, en todos los casos yendo a academias de distinto renombre. No obstante, no logr\u00e9 sentirme c\u00f3modo en ninguna, y apenas notaba que mejoraba mi nivel: mucha gram\u00e1tica&#8230;.pero ve\u00eda que segu\u00eda teniendo dificultades para enlazar dos frases seguidas y comunicarme con\u00a0la gente local.<\/div>\n<div><\/div>\n<div>Esto hizo que sintiese pereza a la hora de continuar con el idioma y lo dejase aparcado durante tantos a\u00f1os&#8230;hasta decid\u00ed \u00abcoger el toro por los cuernos\u00bb, cambi\u00e9 de m\u00e9todo (de clases grupales a clases individuales), y empec\u00e9 a dar clases con Tobias.<\/div>\n<div>Llevo con Tobias\u00a05 meses, y en este tiempo he avanzado m\u00e1s que en 4 a\u00f1os.<\/div>\n<div>Es un gran profesor, est\u00e1 muy motivado para ense\u00f1ar, da mucha libertad para expresarse, empatiza r\u00e1pidamente con el alumno, resuelve de manera eficaz y entendible cualquier duda que pueda tener el alumno, sus clases son amenas y divertidas, es muy flexible y paciente&#8230;Muy contento y no puedo hacer m\u00e1s que recomendarlo.\u00bb<\/div>\n<div><\/div>\n<div>\n<p>&nbsp;<\/p>\n<p>\u00bf<strong>Deseas <span style=\"color: #ff0000;\">avanzar<\/span><span style=\"color: #ffcc00;\"> en<\/span><\/strong> <strong>tu aprendizaje <span style=\"color: #ff0000;\">del<\/span><span style=\"color: #ffcc00;\"> alem\u00e1n<\/span><\/strong>?<\/p>\n<p>\u00a1Te ayudar\u00e9 a alcanzar tus metas!<strong>\ud83c\udfc6\u00a0<\/strong><\/p>\n<p>Haz clic en la imagen para obtener m\u00e1s informaci\u00f3n<\/p>\n<p><a href=\"https:\/\/profesornativodealeman.com\/clases-aleman\/precios\/\"><img fetchpriority=\"high\" decoding=\"async\" class=\"aligncenter wp-image-15628 size-full\" src=\"https:\/\/profesornativodealeman.com\/clases-aleman\/wp-content\/uploads\/2023\/08\/background-couple-hike-hiking-team-1-1.jpg\" alt=\"Clases de alem\u00e1n online\" width=\"1000\" height=\"686\" title=\"\" srcset=\"https:\/\/profesornativodealeman.com\/clases-aleman\/wp-content\/uploads\/2023\/08\/background-couple-hike-hiking-team-1-1.jpg 1000w, https:\/\/profesornativodealeman.com\/clases-aleman\/wp-content\/uploads\/2023\/08\/background-couple-hike-hiking-team-1-1-768x527.jpg 768w, https:\/\/profesornativodealeman.com\/clases-aleman\/wp-content\/uploads\/2023\/08\/background-couple-hike-hiking-team-1-1-980x672.jpg 980w, https:\/\/profesornativodealeman.com\/clases-aleman\/wp-content\/uploads\/2023\/08\/background-couple-hike-hiking-team-1-1-480x329.jpg 480w, https:\/\/profesornativodealeman.com\/clases-aleman\/wp-content\/uploads\/2023\/08\/background-couple-hike-hiking-team-1-1-150x103.jpg 150w\" sizes=\"(max-width: 1000px) 100vw, 1000px\" \/><\/a><\/p>\n<\/div>\n","protected":false},"excerpt":{"rendered":"<p>Alberto Gomez (D\u00fcsseldorf, Alemania) Profesion: Consultor IT Su opini\u00f3n sobre las clases con Tobias Woelke: \u00abMe mud\u00e9 a Alemania a finales de 2018, despu\u00e9s de haber vivido casi 10 a\u00f1os en otro pa\u00eds. Hab\u00eda estudiado alem\u00e1n en la universidad, pero tanto tiempo sin practicarlo hizo que mis habilidades se oxidaran considerablemente, y la llegada al [&hellip;]<\/p>\n","protected":false},"author":4,"featured_media":15786,"comment_status":"open","ping_status":"open","sticky":false,"template":"","format":"standard","meta":{"footnotes":""},"categories":[2624,13],"tags":[],"class_list":["post-15783","post","type-post","status-publish","format-standard","has-post-thumbnail","hentry","category-cursos-de-aleman","category-gramatica-alemana"],"_links":{"self":[{"href":"https:\/\/profesornativodealeman.com\/clases-aleman\/wp-json\/wp\/v2\/posts\/15783","targetHints":{"allow":["GET"]}}],"collection":[{"href":"https:\/\/profesornativodealeman.com\/clases-aleman\/wp-json\/wp\/v2\/posts"}],"about":[{"href":"https:\/\/profesornativodealeman.com\/clases-aleman\/wp-json\/wp\/v2\/types\/post"}],"author":[{"embeddable":true,"href":"https:\/\/profesornativodealeman.com\/clases-aleman\/wp-json\/wp\/v2\/users\/4"}],"replies":[{"embeddable":true,"href":"https:\/\/profesornativodealeman.com\/clases-aleman\/wp-json\/wp\/v2\/comments?post=15783"}],"version-history":[{"count":0,"href":"https:\/\/profesornativodealeman.com\/clases-aleman\/wp-json\/wp\/v2\/posts\/15783\/revisions"}],"wp:featuredmedia":[{"embeddable":true,"href":"https:\/\/profesornativodealeman.com\/clases-aleman\/wp-json\/wp\/v2\/media\/15786"}],"wp:attachment":[{"href":"https:\/\/profesornativodealeman.com\/clases-aleman\/wp-json\/wp\/v2\/media?parent=15783"}],"wp:term":[{"taxonomy":"category","embeddable":true,"href":"https:\/\/profesornativodealeman.com\/clases-aleman\/wp-json\/wp\/v2\/categories?post=15783"},{"taxonomy":"post_tag","embeddable":true,"href":"https:\/\/profesornativodealeman.com\/clases-aleman\/wp-json\/wp\/v2\/tags?post=15783"}],"curies":[{"name":"wp","href":"https:\/\/api.w.org\/{rel}","templated":true}]}}