{"id":16340,"date":"2025-02-09T12:12:00","date_gmt":"2025-02-09T10:12:00","guid":{"rendered":"https:\/\/profesornativodealeman.com\/clases-aleman\/?p=16340"},"modified":"2025-02-06T17:44:23","modified_gmt":"2025-02-06T15:44:23","slug":"clases-de-aleman-para-ninos-nivel-b1","status":"publish","type":"post","link":"https:\/\/profesornativodealeman.com\/clases-aleman\/clases-de-aleman-para-ninos-nivel-b1\/","title":{"rendered":"Clases de aleman para ni\u00f1os.Nivel B1"},"content":{"rendered":"\t\t<div data-elementor-type=\"wp-post\" data-elementor-id=\"16340\" class=\"elementor elementor-16340\" data-elementor-post-type=\"post\">\n\t\t\t\t\t\t<section class=\"elementor-section elementor-top-section elementor-element elementor-element-6f3c4af0 elementor-section-boxed elementor-section-height-default elementor-section-height-default\" data-id=\"6f3c4af0\" data-element_type=\"section\" data-e-type=\"section\">\n\t\t\t\t\t\t<div class=\"elementor-container elementor-column-gap-default\">\n\t\t\t\t\t<div class=\"elementor-column elementor-col-100 elementor-top-column elementor-element elementor-element-241d39cf\" data-id=\"241d39cf\" data-element_type=\"column\" data-e-type=\"column\">\n\t\t\t<div class=\"elementor-widget-wrap elementor-element-populated\">\n\t\t\t\t\t\t<div class=\"elementor-element elementor-element-3ad47ba7 elementor-widget elementor-widget-text-editor\" data-id=\"3ad47ba7\" data-element_type=\"widget\" data-e-type=\"widget\" data-widget_type=\"text-editor.default\">\n\t\t\t\t<div class=\"elementor-widget-container\">\n\t\t\t\t\t\t\t\t\t<p>En nuestro equipo contamos con profesores muy experimentados y hemos ayudado\/estamos ayudando a muchos ni\u00f1os a mejorar su nivel de alem\u00e1n y las notas en el colegio.<\/p>\n<p><!-- \/wp:paragraph --><!-- wp:paragraph --><\/p>\n<p>Impartimos clases a ni\u00f1os y adolescentes de varios colegios.<\/p>\n<p><!-- \/wp:paragraph --><!-- wp:heading --><\/p>\n<h2 class=\"wp-block-heading\">Rese\u00f1as<\/h2>\n<p>C\u00e9sar Mac\u00edas Montano<\/p>\n<p><img decoding=\"async\" class=\"wp-image-17228 alignright\" src=\"https:\/\/profesornativodealeman.com\/clases-aleman\/wp-content\/uploads\/2025\/02\/IMG_20250204_113202-1-1.jpg\" alt=\"Clases de alem\u00e1n online\" width=\"150\" height=\"199\" title=\"\" srcset=\"https:\/\/profesornativodealeman.com\/clases-aleman\/wp-content\/uploads\/2025\/02\/IMG_20250204_113202-1-1.jpg 500w, https:\/\/profesornativodealeman.com\/clases-aleman\/wp-content\/uploads\/2025\/02\/IMG_20250204_113202-1-1-150x199.jpg 150w\" sizes=\"(max-width: 150px) 100vw, 150px\" \/><\/p>\n<p>Profesion: T\u00e9cnico Junta Extremadura (Espa\u00f1a)<\/p>\n<p>Su comentario sobre las clases con Tobias:<\/p>\n<p>\u00abCuando mi hijo empez\u00f3 a interesarse por el alem\u00e1n, se puso en contacto con su t\u00eda de Suiza que estaba dando clases con un profesor (Tob\u00edas). Las referencias fueron incre\u00edbles, pero todas se han quedado cortas.<\/p>\n<p>Ver c\u00f3mo tu hijo, cada viernes, deja todo por hablar con su profesor, escucharle re\u00edr, c\u00f3mo se expresa, la soltura, el nivel que ha alcanzado en tan poco tiempo\u2026 Es una sensaci\u00f3n estupenda, as\u00ed que s\u00f3lo puedo darte las gracias y la enhorabuena como profesional y persona.<\/p>\n<p>\u00a0<\/p>\n<p><!-- \/wp:heading --><!-- wp:paragraph --><\/p>\n<p><a>Natalia B\u00f3dalo y Francisco Pinheiro (Madrid)<\/a><\/p>\n<p><!-- \/wp:paragraph --><!-- wp:paragraph --><\/p>\n<p><strong>Profesion:Responsable asesor\u00eda jur\u00eddica sector energ\u00e9tico y Director de innovaci\u00f3n TIC<\/strong><\/p>\n<p><!-- \/wp:paragraph --><!-- wp:image {\"id\":3717,\"align\":\"right\"} --><\/p>\n<figure class=\"wp-block-image alignright\"><img decoding=\"async\" width=\"150\" height=\"150\" class=\"wp-image-3717\" title=\"Opiniones de los Alumnos 31 https:\/\/profesornativodealeman.com\/clases-aleman\/wp-content\/uploads\/2023\/05\/clases-de-aleman.jpg\" src=\"https:\/\/profesornativodealeman.com\/clases-aleman\/wp-content\/uploads\/2015\/04\/natalia-bodalo-y-francisco-pinheiro-150x150.jpg\" alt=\"natalia bodalo y francisco pinheiro\" srcset=\"https:\/\/profesornativodealeman.com\/clases-aleman\/wp-content\/uploads\/2015\/04\/natalia-bodalo-y-francisco-pinheiro-150x150.jpg 150w, https:\/\/profesornativodealeman.com\/clases-aleman\/wp-content\/uploads\/2015\/04\/natalia-bodalo-y-francisco-pinheiro-225x225.jpg 225w, https:\/\/profesornativodealeman.com\/clases-aleman\/wp-content\/uploads\/2015\/04\/natalia-bodalo-y-francisco-pinheiro-200x200.jpg 200w\" sizes=\"(max-width: 150px) 100vw, 150px\" \/><\/figure>\n<p><!-- \/wp:image --><!-- wp:paragraph --><\/p>\n<p>Su comentario sobre las clases de aleman con Tobias Woelke: \u201cNuestro hijo Iv\u00e1n (15 a\u00f1os) empez\u00f3 las clases con Tobias hace dos a\u00f1os. Anteriormente hab\u00eda estado dos a\u00f1os con clases particulares y tres con clases en el colegio, pero no consegu\u00eda mantener una conversaci\u00f3n en alem\u00e1n. Con Tob\u00edas notamos una r\u00e1pida y considerable mejor\u00eda en la conversaci\u00f3n y en el vocabulario. Iv\u00e1n est\u00e1 muy contento y motivado con las clases y asegura que se le pasan volando. Las clases son muy variadas y Tobias le facilita abundante e interesante material audiovisual. Lo m\u00e1s destacado: su vocaci\u00f3n, paciencia, profesionalidad y capacidad de motivaci\u00f3n.<\/p>\n<p><!-- \/wp:paragraph --><!-- wp:image {\"id\":8175,\"align\":\"right\"} --><\/p>\n<figure class=\"wp-block-image alignright\"><img decoding=\"async\" width=\"175\" height=\"233\" class=\"wp-image-8175\" title=\"Profesora de alem\u00e1n cuatriling\u00fce, altamente cualificada. 1\" src=\"https:\/\/profesornativodealeman.com\/clases-aleman\/wp-content\/uploads\/2020\/07\/Foto-Pilar.jpg\" alt=\"Foto Pilar\" \/><\/figure>\n<p><!-- \/wp:image --><!-- wp:paragraph --><\/p>\n<p><strong>Pilar Martin (Madrid)<\/strong><\/p>\n<p><!-- \/wp:paragraph --><!-- wp:paragraph --><\/p>\n<p><strong>Profesion: Responsable financiera en una ONGD<\/strong><\/p>\n<p><!-- \/wp:paragraph --><!-- wp:paragraph --><\/p>\n<p>\u00abYolanda ha ayudado a mi hijo Bruno (17 a\u00f1os) a prepararse para el examen del certificado del nivel B2 del Goethe Institute y, adem\u00e1s de prepararle muy bien, le ha ayudado a ganar mucha confianza. Aunque las clases iban enfocadas al examen y han sido muy intensivas (3 d\u00edas a la semana), le han gustado mucho, sobre todo porque Yolanda las ten\u00eda muy bien preparadas y le facilitaba mucho material, estas clases le han animado mucho a seguir avanzando con el idioma, encontr\u00e1ndole m\u00e1s gusto que hasta ahora con otros profesores. El trato con Yolanda ha sido perfecto, con una comunicaci\u00f3n muy fluida, me ha tenido en todo momento informada de los avances de las clases. Sin duda, recomendamos a Yolanda, es una\u00a0profesora de\u00a0alem\u00e1n\u00a0excelente\u00bb<\/p>\n<p><!-- \/wp:paragraph --><!-- wp:paragraph --><\/p>\n<p><strong>Bel\u00e9n Palazuelos Bl\u00e1zquez (Madrid)<\/strong><\/p>\n<p><!-- \/wp:paragraph --><!-- wp:image {\"id\":9001,\"align\":\"right\"} --><\/p>\n<figure class=\"wp-block-image alignright\"><img decoding=\"async\" class=\"wp-image-9001\" title=\"Clases de aleman con Aurea. Opiniones de sus alumnos 2 https:\/\/profesornativodealeman.com\/clases-aleman\/wp-content\/uploads\/2020\/11\/Foto-Aurea-5-e1616734941242.jpg\" src=\"https:\/\/profesornativodealeman.com\/clases-aleman\/wp-content\/uploads\/2021\/01\/image-1.jpg\" alt=\"image 1\" \/><\/figure>\n<p><!-- \/wp:image --><!-- wp:paragraph --><\/p>\n<p><strong>\u00bfpor qu\u00e9 recomendar\u00edas a \u00c1urea como profesor para dar clases de alem\u00e1n ?<\/strong><\/p>\n<p><!-- \/wp:paragraph --><!-- wp:list --><\/p>\n<ul class=\"wp-block-list\">\n<li style=\"list-style-type: none;\">\n<ul class=\"wp-block-list\"><!-- wp:list-item --><\/ul>\n<\/li>\n<\/ul>\n<ul class=\"wp-block-list\">\n<li style=\"list-style-type: none;\">\n<ul class=\"wp-block-list\">\n<li>\u00c1urea da clases online a mi hija de 11 a\u00f1os, est\u00e1 progresando mucho, le gusta, est\u00e1 muy motivada y aprende en cada una de ellas de una manera muy did\u00e1ctica y organizada.<\/li>\n<\/ul>\n<\/li>\n<\/ul>\n<p><!-- \/wp:list-item --><\/p>\n<p><!-- \/wp:list --><!-- wp:paragraph --><\/p>\n<p><strong>\u00bf que te ha gustado en su m\u00e9todo?<\/strong><\/p>\n<p><!-- \/wp:paragraph --><!-- wp:list --><\/p>\n<ul class=\"wp-block-list\">\n<li style=\"list-style-type: none;\">\n<ul class=\"wp-block-list\"><!-- wp:list-item --><\/ul>\n<\/li>\n<\/ul>\n<ul class=\"wp-block-list\">\n<li style=\"list-style-type: none;\"><br \/>\n<ul class=\"wp-block-list\">\n<li>Mucho, se nota su profesionalidad por la manera de estructurar la clase, las tareas propuestas y su forma de ense\u00f1ar. La recomido 100%.<\/li>\n<\/ul>\n<\/li>\n<\/ul>\n<div>\u00a0<\/div>\n<p><!-- \/wp:list-item --><\/p>\n<p><!-- \/wp:list --><!-- wp:paragraph --><\/p>\n<p>\u00bfDeseas\u00a0avanzar\u00a0en\u00a0tu aprendizaje\u00a0del\u00a0alem\u00e1n?<\/p>\n<p><strong>\u00a1Te ayudar\u00e9\u00a0<span style=\"color: #ff0000;\">a alcanzar<\/span>\u00a0<span style=\"color: #ffcc00;\">tus metas!\u00a0<\/span><\/strong><\/p>\n<p>Haz clic en la imagen para obtener m\u00e1s informaci\u00f3n<\/p>\n<figure class=\"wp-block-image aligncenter\"><a href=\"https:\/\/profesornativodealeman.com\/clases-aleman\/precios\/\"><img loading=\"lazy\" decoding=\"async\" class=\"wp-image-15628 lazy loaded\" title=\"Nueva rese\u00f1a sobre las clases con el profesor Tobias Woelke 1 https:\/\/profesornativodealeman.com\/clases-aleman\/wp-content\/uploads\/2023\/08\/7974325.jpg\" src=\"https:\/\/profesornativodealeman.com\/clases-aleman\/wp-content\/uploads\/2023\/08\/background-couple-hike-hiking-team-1-1.jpg\" sizes=\"(max-width: 1000px) 100vw, 1000px\" srcset=\"https:\/\/profesornativodealeman.com\/clases-aleman\/wp-content\/uploads\/2023\/08\/background-couple-hike-hiking-team-1-1.jpg 1000w, https:\/\/profesornativodealeman.com\/clases-aleman\/wp-content\/uploads\/2023\/08\/background-couple-hike-hiking-team-1-1-768x527.jpg 768w, https:\/\/profesornativodealeman.com\/clases-aleman\/wp-content\/uploads\/2023\/08\/background-couple-hike-hiking-team-1-1-980x672.jpg 980w, https:\/\/profesornativodealeman.com\/clases-aleman\/wp-content\/uploads\/2023\/08\/background-couple-hike-hiking-team-1-1-480x329.jpg 480w, https:\/\/profesornativodealeman.com\/clases-aleman\/wp-content\/uploads\/2023\/08\/background-couple-hike-hiking-team-1-1-150x103.jpg 150w\" alt=\"background couple hike hiking team 1 1\" width=\"1000\" height=\"686\" data-src=\"https:\/\/profesornativodealeman.com\/clases-aleman\/wp-content\/uploads\/2023\/08\/background-couple-hike-hiking-team-1-1.jpg\" data-srcset=\"https:\/\/profesornativodealeman.com\/clases-aleman\/wp-content\/uploads\/2023\/08\/background-couple-hike-hiking-team-1-1.jpg 1000w, https:\/\/profesornativodealeman.com\/clases-aleman\/wp-content\/uploads\/2023\/08\/background-couple-hike-hiking-team-1-1-768x527.jpg 768w, https:\/\/profesornativodealeman.com\/clases-aleman\/wp-content\/uploads\/2023\/08\/background-couple-hike-hiking-team-1-1-980x672.jpg 980w, https:\/\/profesornativodealeman.com\/clases-aleman\/wp-content\/uploads\/2023\/08\/background-couple-hike-hiking-team-1-1-480x329.jpg 480w, https:\/\/profesornativodealeman.com\/clases-aleman\/wp-content\/uploads\/2023\/08\/background-couple-hike-hiking-team-1-1-150x103.jpg 150w\" data-sizes=\"(max-width: 1000px) 100vw, 1000px\" data-was-processed=\"true\" \/><\/a><\/figure>\n<p><strong>Actualizacion 07.02.2025<\/strong><\/p>\n<p>Se actualiza SEO y contenido<\/p>\n<p><!-- \/wp:paragraph --><!-- wp:gravityforms\/form {\"formId\":\"1\"} \/--><!-- wp:post-terms {\"term\":\"category\"} \/--><!-- wp:categories \/--><\/p>\t\t\t\t\t\t\t\t<\/div>\n\t\t\t\t<\/div>\n\t\t\t\t\t<\/div>\n\t\t<\/div>\n\t\t\t\t\t<\/div>\n\t\t<\/section>\n\t\t\t\t<\/div>\n\t\t","protected":false},"excerpt":{"rendered":"<p>En nuestro equipo contamos con profesores muy experimentados y hemos ayudado\/estamos ayudando a muchos ni\u00f1os a mejorar su nivel de alem\u00e1n y las notas en el colegio. Impartimos clases a ni\u00f1os y adolescentes de varios colegios. Rese\u00f1as C\u00e9sar Mac\u00edas Montano Profesion: T\u00e9cnico Junta Extremadura (Espa\u00f1a) Su comentario sobre las clases con Tobias: \u00abCuando mi hijo [&hellip;]<\/p>\n","protected":false},"author":4,"featured_media":16342,"comment_status":"open","ping_status":"open","sticky":false,"template":"","format":"standard","meta":{"footnotes":""},"categories":[3987,2624],"tags":[],"class_list":["post-16340","post","type-post","status-publish","format-standard","has-post-thumbnail","hentry","category-aleman-para-ninos","category-cursos-de-aleman"],"_links":{"self":[{"href":"https:\/\/profesornativodealeman.com\/clases-aleman\/wp-json\/wp\/v2\/posts\/16340","targetHints":{"allow":["GET"]}}],"collection":[{"href":"https:\/\/profesornativodealeman.com\/clases-aleman\/wp-json\/wp\/v2\/posts"}],"about":[{"href":"https:\/\/profesornativodealeman.com\/clases-aleman\/wp-json\/wp\/v2\/types\/post"}],"author":[{"embeddable":true,"href":"https:\/\/profesornativodealeman.com\/clases-aleman\/wp-json\/wp\/v2\/users\/4"}],"replies":[{"embeddable":true,"href":"https:\/\/profesornativodealeman.com\/clases-aleman\/wp-json\/wp\/v2\/comments?post=16340"}],"version-history":[{"count":0,"href":"https:\/\/profesornativodealeman.com\/clases-aleman\/wp-json\/wp\/v2\/posts\/16340\/revisions"}],"wp:featuredmedia":[{"embeddable":true,"href":"https:\/\/profesornativodealeman.com\/clases-aleman\/wp-json\/wp\/v2\/media\/16342"}],"wp:attachment":[{"href":"https:\/\/profesornativodealeman.com\/clases-aleman\/wp-json\/wp\/v2\/media?parent=16340"}],"wp:term":[{"taxonomy":"category","embeddable":true,"href":"https:\/\/profesornativodealeman.com\/clases-aleman\/wp-json\/wp\/v2\/categories?post=16340"},{"taxonomy":"post_tag","embeddable":true,"href":"https:\/\/profesornativodealeman.com\/clases-aleman\/wp-json\/wp\/v2\/tags?post=16340"}],"curies":[{"name":"wp","href":"https:\/\/api.w.org\/{rel}","templated":true}]}}