{"id":16380,"date":"2024-01-03T14:06:02","date_gmt":"2024-01-03T12:06:02","guid":{"rendered":"https:\/\/profesornativodealeman.com\/clases-aleman\/?p=16380"},"modified":"2024-01-01T14:07:17","modified_gmt":"2024-01-01T12:07:17","slug":"plantilla-carta-de-presentacion-en-aleman","status":"publish","type":"post","link":"https:\/\/profesornativodealeman.com\/clases-aleman\/plantilla-carta-de-presentacion-en-aleman\/","title":{"rendered":"Plantilla. Carta de presentaci\u00f3n en alem\u00e1n"},"content":{"rendered":"<div id=\"elementor-tab-title-2913\" class=\"elementor-tab-title elementor-active\" tabindex=\"0\" role=\"button\" data-tab=\"3\" aria-controls=\"elementor-tab-content-2913\" aria-expanded=\"true\" aria-selected=\"true\">\n<div id=\"elementor-tab-content-2915\" class=\"elementor-tab-content elementor-clearfix elementor-active\" role=\"region\" data-tab=\"5\" aria-labelledby=\"elementor-tab-title-2915\">\n<div id=\"elementor-tab-content-1971\" class=\"elementor-tab-content elementor-clearfix elementor-active\" role=\"region\" data-tab=\"1\" aria-labelledby=\"elementor-tab-title-1971\">\n<p><span style=\"font-weight: 400;\">Ana Garcia<\/span><\/p>\n<p><span style=\"font-weight: 400;\">(empresa a la que te diriges)<\/span><\/p>\n<p><span style=\"font-weight: 400;\">\u00a0 \u00a0 \u00a0 \u00a0 \u00a0 \u00a0 \u00a0 \u00a0 \u00a0 \u00a0 \u00a0 \u00a0 \u00a0 \u00a0 \u00a0 \u00a0 \u00a0 \u00a0 \u00a0 \u00a0 \u00a0 \u00a0 \u00a0 \u00a0 \u00a0 \u00a0 \u00a0 \u00a0 \u00a0 \u00a0 \u00a0 \u00a0 \u00a0 \u00a0 \u00a0 \u00a0 \u00a0 \u00a0 \u00a0 \u00a0 \u00a0 \u00a0 \u00a0 \u00a0 \u00a0 \u00a0 \u00a0 \u00a0 \u00a0 \u00a0 \u00a0Barcelona, den 12.12.2023<\/span><\/p>\n<h4>\n<b>Initiativbewerbung als \u00c4rztin<\/b><\/h4>\n<p><span style=\"font-weight: 400;\">Sehr geehrte Damen und Herren\u00a0<\/span><\/p>\n<p><span style=\"font-weight: 400;\">Ich verfolge Ihre Klinik schon seit einiger Zeit. Auf der einen Seite sind sie eine sehr renomierte Herzklinik und auf der anderen Seite\u00a0 ist mir auf der Webseite\u00a0 aufgefallen, dass viele Assistenz\u00e4rzte in der Klinik arbeiten. Ihre Klinik spricht mich sehr an und ich w\u00fcrde gerne ihr Team verst\u00e4rken.<\/span><\/p>\n<p><span style=\"font-weight: 400;\">Ich bin \u00c4rztin und komme urspr\u00fcnglich aus Chile. Ich habe von 2005 bis M\u00e4rz 2020 in Barcelona gelebt und arbeite seitdem im Klinikum Bern, in der Herzchirugie. In Spanien habe ich mein Studium 2019 an der Universit\u00e4t in Barcelona abgeschlossen. Im Rahmen meiner Famulatur in Spanien konnte ich bereits praktische Erfahrungen in verschiedenen Bereichen sammeln. <\/span><span style=\"font-weight: 400;\">Ich befinde mich gerade im Anerkennungsverfahren meines Medizinstudiums, um in Deutschland als \u00c4rztin arbeiten zu k\u00f6nnen<\/span><span style=\"font-weight: 400;\">.\u00a0<\/span><\/p>\n<p><span style=\"font-weight: 400;\">Bereits zu Beginn meines Studiums hatte ich gro\u00dfes Interesse an der Chirurgie und wusste, dass ich mich in diesen Bereich spezialisieren m\u00f6chte. Ich konnte<\/span><span style=\"font-weight: 400;\">\u00a0w\u00e4hrend meines Praktikums in Barcelona\u00a0 erste Erfahrungen in der kardiovaskul\u00e4ren Chirurgie sammeln. Hier in Bern umfasst meine T\u00e4tigkeit viele verschiedene Bereiche und Kompetenzen. Unter anderem bin ich f\u00fcr die die perioperative Betreuung der Herzpatienten und<\/span> <span style=\"font-weight: 400;\">station\u00e4re Patientenbetreuung zust\u00e4ndig, f\u00fchre t\u00e4gliche Arztgespr\u00e4che mit dem Oberarzt, Vorbereitung des Rapports (Patienten Vorstellung), Einsatz im OP-Saal, sowie Dienstarzt.<\/span><\/p>\n<p><span style=\"font-weight: 400;\">In meiner beruflichen Zukunft m\u00f6chte ich jedoch in <\/span><span style=\"font-weight: 400;\">der <\/span><span style=\"font-weight: 400;\">Viszeralchirugie<\/span> <span style=\"font-weight: 400;\">\u00a0t\u00e4tig sein, weil ich mich schon immer daf\u00fcr interessiert habe. W\u00e4hrend meines Praktikums in Barcelona habe ich in meinem Studienjahr entschieden, dass ich das Praktikum f\u00fcr 2 Monate in der Viszeralchirugie absolvieren wollte.\u00a0\u00a0<\/span><\/p>\n<h3><\/h3>\n<p><span style=\"font-weight: 400;\">Durch meine aktuelle T\u00e4tigkeit konnte ich eine sehr hohe Stressresistenz aufbauen. Au\u00dferdem finden Sie in mir eine verantwortungsvolle, zuverl\u00e4ssige und engagierte Mitarbeiterin, die selbstst\u00e4ndig arbeitet und sich gerne neuen Herausforderungen stellt. Zudem macht es mir Spa\u00df im Team zu arbeiten und von anderen Teammitgliedern etwas zu lernen. Ein respektvoller Umgang mit Kollegen und Patienten ist f\u00fcr mich selbstverst\u00e4ndlich.\u00a0<\/span><span style=\"font-weight: 400;\">Als Assistenz\u00e4rztin in Ihrem Krankenhaus m\u00f6chte ich gerne Ihr Team verst\u00e4rken und meine fachlichen Kenntnisse einbringen und erweitern.\u00a0<\/span><\/p>\n<p><span style=\"font-weight: 400;\">\u00dcber ein pers\u00f6nliches Gespr\u00e4ch w\u00fcrde ich mich sehr freuen.<\/span><\/p>\n<p><span style=\"font-weight: 400;\">Mit freundlichen Gr\u00fc\u00dfen<\/span><\/p>\n<p><span style=\"font-weight: 400;\">Ana Garcia<\/span><\/p>\n<\/div>\n<\/div>\n<\/div>\n<div id=\"elementor-tab-content-2913\" class=\"elementor-tab-content elementor-clearfix elementor-active\" role=\"region\" data-tab=\"3\" aria-labelledby=\"elementor-tab-title-2913\"><\/div>\n<div>\n<p><span style=\"font-size: revert; color: initial;\">\u00bf<\/span><strong style=\"font-size: revert; color: initial;\">Deseas <span style=\"color: #ff0000;\">avanzar<\/span><span style=\"color: #ffcc00;\"> en<\/span><\/strong> <strong style=\"font-size: revert; color: initial;\">tu aprendizaje <span style=\"color: #ff0000;\">del<\/span><span style=\"color: #ffcc00;\"> alem\u00e1n<\/span><\/strong><span style=\"font-size: revert; color: initial;\">?<\/span><\/p>\n<\/div>\n<div>\n<p>\u00a1Te ayudar\u00e9 a alcanzar tus metas!<strong>\ud83c\udfc6\u00a0<\/strong><\/p>\n<p>Haz clic en la imagen para obtener m\u00e1s informaci\u00f3n<\/p>\n<p><a href=\"https:\/\/profesornativodealeman.com\/clases-aleman\/precios\/\"><img fetchpriority=\"high\" decoding=\"async\" class=\"aligncenter wp-image-15628 size-full\" src=\"https:\/\/profesornativodealeman.com\/clases-aleman\/wp-content\/uploads\/2023\/08\/background-couple-hike-hiking-team-1-1.jpg\" alt=\"Clases de alem\u00e1n online\" width=\"1000\" height=\"686\" title=\"\" srcset=\"https:\/\/profesornativodealeman.com\/clases-aleman\/wp-content\/uploads\/2023\/08\/background-couple-hike-hiking-team-1-1.jpg 1000w, https:\/\/profesornativodealeman.com\/clases-aleman\/wp-content\/uploads\/2023\/08\/background-couple-hike-hiking-team-1-1-768x527.jpg 768w, https:\/\/profesornativodealeman.com\/clases-aleman\/wp-content\/uploads\/2023\/08\/background-couple-hike-hiking-team-1-1-980x672.jpg 980w, https:\/\/profesornativodealeman.com\/clases-aleman\/wp-content\/uploads\/2023\/08\/background-couple-hike-hiking-team-1-1-480x329.jpg 480w, https:\/\/profesornativodealeman.com\/clases-aleman\/wp-content\/uploads\/2023\/08\/background-couple-hike-hiking-team-1-1-150x103.jpg 150w\" sizes=\"(max-width: 1000px) 100vw, 1000px\" \/><\/a><\/p>\n<\/div>\n","protected":false},"excerpt":{"rendered":"<p>Ana Garcia (empresa a la que te diriges) \u00a0 \u00a0 \u00a0 \u00a0 \u00a0 \u00a0 \u00a0 \u00a0 \u00a0 \u00a0 \u00a0 \u00a0 \u00a0 \u00a0 \u00a0 \u00a0 \u00a0 \u00a0 \u00a0 \u00a0 \u00a0 \u00a0 \u00a0 \u00a0 \u00a0 \u00a0 \u00a0 \u00a0 \u00a0 \u00a0 \u00a0 \u00a0 \u00a0 \u00a0 \u00a0 \u00a0 \u00a0 \u00a0 \u00a0 \u00a0 \u00a0 \u00a0 \u00a0 \u00a0 \u00a0 \u00a0 \u00a0 [&hellip;]<\/p>\n","protected":false},"author":4,"featured_media":16382,"comment_status":"open","ping_status":"open","sticky":false,"template":"","format":"standard","meta":{"footnotes":""},"categories":[2624,13],"tags":[],"class_list":["post-16380","post","type-post","status-publish","format-standard","has-post-thumbnail","hentry","category-cursos-de-aleman","category-gramatica-alemana"],"_links":{"self":[{"href":"https:\/\/profesornativodealeman.com\/clases-aleman\/wp-json\/wp\/v2\/posts\/16380","targetHints":{"allow":["GET"]}}],"collection":[{"href":"https:\/\/profesornativodealeman.com\/clases-aleman\/wp-json\/wp\/v2\/posts"}],"about":[{"href":"https:\/\/profesornativodealeman.com\/clases-aleman\/wp-json\/wp\/v2\/types\/post"}],"author":[{"embeddable":true,"href":"https:\/\/profesornativodealeman.com\/clases-aleman\/wp-json\/wp\/v2\/users\/4"}],"replies":[{"embeddable":true,"href":"https:\/\/profesornativodealeman.com\/clases-aleman\/wp-json\/wp\/v2\/comments?post=16380"}],"version-history":[{"count":0,"href":"https:\/\/profesornativodealeman.com\/clases-aleman\/wp-json\/wp\/v2\/posts\/16380\/revisions"}],"wp:featuredmedia":[{"embeddable":true,"href":"https:\/\/profesornativodealeman.com\/clases-aleman\/wp-json\/wp\/v2\/media\/16382"}],"wp:attachment":[{"href":"https:\/\/profesornativodealeman.com\/clases-aleman\/wp-json\/wp\/v2\/media?parent=16380"}],"wp:term":[{"taxonomy":"category","embeddable":true,"href":"https:\/\/profesornativodealeman.com\/clases-aleman\/wp-json\/wp\/v2\/categories?post=16380"},{"taxonomy":"post_tag","embeddable":true,"href":"https:\/\/profesornativodealeman.com\/clases-aleman\/wp-json\/wp\/v2\/tags?post=16380"}],"curies":[{"name":"wp","href":"https:\/\/api.w.org\/{rel}","templated":true}]}}