{"id":16655,"date":"2024-04-22T17:35:03","date_gmt":"2024-04-22T15:35:03","guid":{"rendered":"https:\/\/profesornativodealeman.com\/clases-aleman\/?p=16655"},"modified":"2024-04-22T17:35:19","modified_gmt":"2024-04-22T15:35:19","slug":"vocabulario-de-cocina","status":"publish","type":"post","link":"https:\/\/profesornativodealeman.com\/clases-aleman\/vocabulario-de-cocina\/","title":{"rendered":"Vocabulario de cocina"},"content":{"rendered":"\t\t<div data-elementor-type=\"wp-post\" data-elementor-id=\"16655\" class=\"elementor elementor-16655\" data-elementor-post-type=\"post\">\n\t\t\t\t\t\t<section class=\"elementor-section elementor-top-section elementor-element elementor-element-1fc39472 elementor-section-boxed elementor-section-height-default elementor-section-height-default\" data-id=\"1fc39472\" data-element_type=\"section\" data-e-type=\"section\">\n\t\t\t\t\t\t<div class=\"elementor-container elementor-column-gap-default\">\n\t\t\t\t\t<div class=\"elementor-column elementor-col-100 elementor-top-column elementor-element elementor-element-601cda91\" data-id=\"601cda91\" data-element_type=\"column\" data-e-type=\"column\">\n\t\t\t<div class=\"elementor-widget-wrap elementor-element-populated\">\n\t\t\t\t\t\t<div class=\"elementor-element elementor-element-629493de elementor-widget elementor-widget-text-editor\" data-id=\"629493de\" data-element_type=\"widget\" data-e-type=\"widget\" data-widget_type=\"text-editor.default\">\n\t\t\t\t<div class=\"elementor-widget-container\">\n\t\t\t\t\t\t\t\t\t\n<h3 class=\"wp-block-heading\">\u00a0<\/h3>\n\n<figure class=\"wp-block-table\">\n<table>\n<tbody>\n<tr>\n<td>die Waschmaschine<\/td>\n<td>lavadora<\/td>\n<\/tr>\n<tr>\n<td>die Gabel<\/td>\n<td>el tenedor<\/td>\n<\/tr>\n<tr>\n<td>das Messer<\/td>\n<td>el cuchillo<\/td>\n<\/tr>\n<tr>\n<td>der L\u00f6ffel<\/td>\n<td>cuchara<\/td>\n<\/tr>\n<tr>\n<td>der Teller<\/td>\n<td>el plato<\/td>\n<\/tr>\n<tr>\n<td>die Tasse<\/td>\n<td>la taza<\/td>\n<\/tr>\n<tr>\n<td>das Glas<\/td>\n<td>el vaso<\/td>\n<\/tr>\n<tr>\n<td>die Sch\u00fcssel<\/td>\n<td>cuenco<\/td>\n<\/tr>\n<tr>\n<td>der Topf<\/td>\n<td>la olla<\/td>\n<\/tr>\n<tr>\n<td>die Bratpfanne<\/td>\n<td>la sarten<\/td>\n<\/tr>\n<tr>\n<td>der Deckel<\/td>\n<td>la tapa<\/td>\n<\/tr>\n<tr>\n<td>die Servillete<\/td>\n<td>servilleta<\/td>\n<\/tr>\n<tr>\n<td>der K\u00fchlschrank<\/td>\n<td>frigorifico<\/td>\n<\/tr>\n<tr>\n<td>die Friteuse<\/td>\n<td>freidora<\/td>\n<\/tr>\n<tr>\n<td>der Backofen<\/td>\n<td>el horno<\/td>\n<\/tr>\n<tr>\n<td>die Herdplatte<\/td>\n<td>el hornillo<\/td>\n<\/tr>\n<tr>\n<td>die Mikrowelle<\/td>\n<td>microondas<\/td>\n<\/tr>\n<tr>\n<td>der Mixer<\/td>\n<td>batidora<\/td>\n<\/tr>\n<tr>\n<td>die Kaffeemaschine<\/td>\n<td>maquina de cafe<\/td>\n<\/tr>\n<tr>\n<td>die Untertasse<\/td>\n<td>el platito que se pone de la taza de cafe<\/td>\n<\/tr>\n<tr>\n<td>die Tassen<\/td>\n<td>las tazas<\/td>\n<\/tr>\n<tr>\n<td>das Weinglas<\/td>\n<td>la copa de vino<\/td>\n<\/tr>\n<tr>\n<td>das\u00a0 Bierglas<\/td>\n<td>vaso de cerveza<\/td>\n<\/tr>\n<tr>\n<td>das Schneidebrett<\/td>\n<td>tabla de cortar<\/td>\n<\/tr>\n<tr>\n<td>schneiden<\/td>\n<td>cortar<\/td>\n<\/tr>\n<tr>\n<td>die Schere\u00a0<\/td>\n<td>las tijeras<\/td>\n<\/tr>\n<tr>\n<td>der K\u00fcchenhandschuh<\/td>\n<td>guante de cocina<\/td>\n<\/tr>\n<tr>\n<td>der K\u00fcchenschrank<\/td>\n<td>armario de cocina<\/td>\n<\/tr>\n<tr>\n<td>die K\u00fcchenwaage<\/td>\n<td>bascula de cocina<\/td>\n<\/tr>\n<tr>\n<td>kochen<\/td>\n<td>cocinar<\/td>\n<\/tr>\n<tr>\n<td>backen<\/td>\n<td>hornear<\/td>\n<\/tr>\n<tr>\n<td>fritieren<\/td>\n<td>freir<\/td>\n<\/tr>\n<tr>\n<td>das Eisfach<\/td>\n<td>el congelador del frigorifico<\/td>\n<\/tr>\n<tr>\n<td>die Steckdose<\/td>\n<td>el enchufe, el que esta en la pared<\/td>\n<\/tr>\n<tr>\n<td>der Toaster<\/td>\n<td>tostadora<\/td>\n<\/tr>\n<tr>\n<td>der Lappen<\/td>\n<td>trapo<\/td>\n<\/tr>\n<tr>\n<td>die Sp\u00fcle<\/td>\n<td>fregadero<\/td>\n<\/tr>\n<tr>\n<td>sp\u00fclen<\/td>\n<td>lavar los platos<\/td>\n<\/tr>\n<tr>\n<td><strong>ab<\/strong>trocknen<\/td>\n<td>secar los platos<\/td>\n<\/tr>\n<tr>\n<td>der Wasserhahn<\/td>\n<td>grifo de agua<\/td>\n<\/tr>\n<tr>\n<td>der Schwamm<\/td>\n<td>esponja<\/td>\n<\/tr>\n<tr>\n<td>das K\u00fcchentuch<\/td>\n<td>el mantel de cocina<\/td>\n<\/tr>\n<tr>\n<td>der Eierkocher<\/td>\n<td>la maquina que cocina los huevos<\/td>\n<\/tr>\n<tr>\n<td>der Teel\u00f6ffel<\/td>\n<td>cucharita de te o cafe<\/td>\n<\/tr>\n<\/tbody>\n<\/table>\n<\/figure>\n\n<p>\u00bf<strong>Deseas\u00a0avanzar<span style=\"color: #ff0000;\">\u00a0en<\/span><\/strong><span style=\"color: #ff0000;\">\u00a0<\/span><strong><span style=\"color: #ff0000;\">tu aprendizaje<\/span>\u00a0<span style=\"color: #ffcc00;\">del\u00a0alem\u00e1n<\/span><\/strong><span style=\"color: #ffcc00;\">?<\/span><\/p>\n\n<p>\u00a1Te ayudar\u00e9mos a alcanzar tus metas!<strong>\u00a0<\/strong><\/p>\n\n<p>Haz clic en la imagen para obtener m\u00e1s informaci\u00f3n<\/p>\n\n<figure class=\"wp-block-image\"><a href=\"https:\/\/profesornativodealeman.com\/clases-aleman\/precios\/\"><img fetchpriority=\"high\" decoding=\"async\" width=\"1000\" height=\"686\" class=\"wp-image-15628\" title=\"Curso B2 aleman. A partir de abril 8 https:\/\/profesornativodealeman.com\/clases-aleman\/wp-content\/uploads\/2023\/09\/young-business-woman-working-office-with-laptop-headphones-2-1.jpg\" src=\"https:\/\/profesornativodealeman.com\/clases-aleman\/wp-content\/uploads\/2023\/08\/background-couple-hike-hiking-team-1-1.jpg\" alt=\"background couple hike hiking team 1 1\" srcset=\"https:\/\/profesornativodealeman.com\/clases-aleman\/wp-content\/uploads\/2023\/08\/background-couple-hike-hiking-team-1-1.jpg 1000w, https:\/\/profesornativodealeman.com\/clases-aleman\/wp-content\/uploads\/2023\/08\/background-couple-hike-hiking-team-1-1-768x527.jpg 768w, https:\/\/profesornativodealeman.com\/clases-aleman\/wp-content\/uploads\/2023\/08\/background-couple-hike-hiking-team-1-1-980x672.jpg 980w, https:\/\/profesornativodealeman.com\/clases-aleman\/wp-content\/uploads\/2023\/08\/background-couple-hike-hiking-team-1-1-480x329.jpg 480w, https:\/\/profesornativodealeman.com\/clases-aleman\/wp-content\/uploads\/2023\/08\/background-couple-hike-hiking-team-1-1-150x103.jpg 150w\" sizes=\"(max-width: 1000px) 100vw, 1000px\" \/><\/a><\/figure>\n\t\t\t\t\t\t\t\t<\/div>\n\t\t\t\t<\/div>\n\t\t\t\t\t<\/div>\n\t\t<\/div>\n\t\t\t\t\t<\/div>\n\t\t<\/section>\n\t\t\t\t<\/div>\n\t\t","protected":false},"excerpt":{"rendered":"<p>\u00a0 die Waschmaschine lavadora die Gabel el tenedor das Messer el cuchillo der L\u00f6ffel cuchara der Teller el plato die Tasse la taza das Glas el vaso die Sch\u00fcssel cuenco der Topf la olla die Bratpfanne la sarten der Deckel la tapa die Servillete servilleta der K\u00fchlschrank frigorifico die Friteuse freidora der Backofen el horno [&hellip;]<\/p>\n","protected":false},"author":4,"featured_media":16657,"comment_status":"open","ping_status":"open","sticky":false,"template":"","format":"standard","meta":{"footnotes":""},"categories":[13],"tags":[],"class_list":["post-16655","post","type-post","status-publish","format-standard","has-post-thumbnail","hentry","category-gramatica-alemana"],"_links":{"self":[{"href":"https:\/\/profesornativodealeman.com\/clases-aleman\/wp-json\/wp\/v2\/posts\/16655","targetHints":{"allow":["GET"]}}],"collection":[{"href":"https:\/\/profesornativodealeman.com\/clases-aleman\/wp-json\/wp\/v2\/posts"}],"about":[{"href":"https:\/\/profesornativodealeman.com\/clases-aleman\/wp-json\/wp\/v2\/types\/post"}],"author":[{"embeddable":true,"href":"https:\/\/profesornativodealeman.com\/clases-aleman\/wp-json\/wp\/v2\/users\/4"}],"replies":[{"embeddable":true,"href":"https:\/\/profesornativodealeman.com\/clases-aleman\/wp-json\/wp\/v2\/comments?post=16655"}],"version-history":[{"count":0,"href":"https:\/\/profesornativodealeman.com\/clases-aleman\/wp-json\/wp\/v2\/posts\/16655\/revisions"}],"wp:featuredmedia":[{"embeddable":true,"href":"https:\/\/profesornativodealeman.com\/clases-aleman\/wp-json\/wp\/v2\/media\/16657"}],"wp:attachment":[{"href":"https:\/\/profesornativodealeman.com\/clases-aleman\/wp-json\/wp\/v2\/media?parent=16655"}],"wp:term":[{"taxonomy":"category","embeddable":true,"href":"https:\/\/profesornativodealeman.com\/clases-aleman\/wp-json\/wp\/v2\/categories?post=16655"},{"taxonomy":"post_tag","embeddable":true,"href":"https:\/\/profesornativodealeman.com\/clases-aleman\/wp-json\/wp\/v2\/tags?post=16655"}],"curies":[{"name":"wp","href":"https:\/\/api.w.org\/{rel}","templated":true}]}}