{"id":16791,"date":"2024-11-04T13:54:08","date_gmt":"2024-11-04T11:54:08","guid":{"rendered":"https:\/\/profesornativodealeman.com\/clases-aleman\/?p=16791"},"modified":"2024-11-04T13:56:29","modified_gmt":"2024-11-04T11:56:29","slug":"stuttgart-examen-c1-aleman","status":"publish","type":"post","link":"https:\/\/profesornativodealeman.com\/clases-aleman\/stuttgart-examen-c1-aleman\/","title":{"rendered":"Preparacion examen aleman C1. Stuttgart"},"content":{"rendered":"\t\t<div data-elementor-type=\"wp-post\" data-elementor-id=\"16791\" class=\"elementor elementor-16791\" data-elementor-post-type=\"post\">\n\t\t\t\t\t\t<section class=\"elementor-section elementor-top-section elementor-element elementor-element-d67f432 elementor-section-boxed elementor-section-height-default elementor-section-height-default\" data-id=\"d67f432\" data-element_type=\"section\" data-e-type=\"section\">\n\t\t\t\t\t\t<div class=\"elementor-container elementor-column-gap-default\">\n\t\t\t\t\t<div class=\"elementor-column elementor-col-100 elementor-top-column elementor-element elementor-element-7799b3a2\" data-id=\"7799b3a2\" data-element_type=\"column\" data-e-type=\"column\">\n\t\t\t<div class=\"elementor-widget-wrap elementor-element-populated\">\n\t\t\t\t\t\t<div class=\"elementor-element elementor-element-655e3e37 elementor-widget elementor-widget-text-editor\" data-id=\"655e3e37\" data-element_type=\"widget\" data-e-type=\"widget\" data-widget_type=\"text-editor.default\">\n\t\t\t\t<div class=\"elementor-widget-container\">\n\t\t\t\t\t\t\t\t\t<p><\/p>\n<div id=\"ez-toc-container\" class=\"ez-toc-v2_0_82_2 counter-flat ez-toc-counter ez-toc-custom ez-toc-container-direction\">\n<div class=\"ez-toc-title-container\">\n<p class=\"ez-toc-title\" style=\"cursor:inherit\">Tabla de contenidos. Haciendo clic llega a la informaci\u00f3n.<\/p>\n<span class=\"ez-toc-title-toggle\"><a href=\"#\" class=\"ez-toc-pull-right ez-toc-btn ez-toc-btn-xs ez-toc-btn-default ez-toc-toggle\" aria-label=\"Alternar tabla de contenidos\"><span class=\"ez-toc-js-icon-con\"><span class=\"\"><span class=\"eztoc-hide\" style=\"display:none;\">Toggle<\/span><span class=\"ez-toc-icon-toggle-span\"><svg style=\"fill: #1e73be;color:#1e73be\" xmlns=\"http:\/\/www.w3.org\/2000\/svg\" class=\"list-377408\" width=\"20px\" height=\"20px\" viewBox=\"0 0 24 24\" fill=\"none\"><path d=\"M6 6H4v2h2V6zm14 0H8v2h12V6zM4 11h2v2H4v-2zm16 0H8v2h12v-2zM4 16h2v2H4v-2zm16 0H8v2h12v-2z\" fill=\"currentColor\"><\/path><\/svg><svg style=\"fill: #1e73be;color:#1e73be\" class=\"arrow-unsorted-368013\" xmlns=\"http:\/\/www.w3.org\/2000\/svg\" width=\"10px\" height=\"10px\" viewBox=\"0 0 24 24\" version=\"1.2\" baseProfile=\"tiny\"><path d=\"M18.2 9.3l-6.2-6.3-6.2 6.3c-.2.2-.3.4-.3.7s.1.5.3.7c.2.2.4.3.7.3h11c.3 0 .5-.1.7-.3.2-.2.3-.5.3-.7s-.1-.5-.3-.7zM5.8 14.7l6.2 6.3 6.2-6.3c.2-.2.3-.5.3-.7s-.1-.5-.3-.7c-.2-.2-.4-.3-.7-.3h-11c-.3 0-.5.1-.7.3-.2.2-.3.5-.3.7s.1.5.3.7z\"\/><\/svg><\/span><\/span><\/span><\/a><\/span><\/div>\n<nav><ul class='ez-toc-list ez-toc-list-level-1 ' ><li class='ez-toc-page-1'><a class=\"ez-toc-link ez-toc-heading-1\" href=\"https:\/\/profesornativodealeman.com\/clases-aleman\/stuttgart-examen-c1-aleman\/#Examen_aleman_C1_Stuttgart\" >Examen alem\u00e1n C1 Stuttgart<\/a><\/li><li class='ez-toc-page-1'><a class=\"ez-toc-link ez-toc-heading-2\" href=\"https:\/\/profesornativodealeman.com\/clases-aleman\/stuttgart-examen-c1-aleman\/#Resenas_de_estudiantes_que_han_aprobado_el_C1\" >Rese\u00f1as de estudiantes que han aprobado el C1<\/a><\/li><\/ul><\/nav><\/div>\n<h2 class=\"wp-block-heading\"><span class=\"ez-toc-section\" id=\"Examen_aleman_C1_Stuttgart\"><\/span>Examen alem\u00e1n C1 Stuttgart<span class=\"ez-toc-section-end\"><\/span><\/h2>\n<p><\/p>\n<p><\/p>\n<p>\u00bfquieres prepararte para la proxima convocatoria del examen de alem\u00e1n C1 en la ciudad de Stuttgart?<\/p>\n<p><\/p>\n<p><\/p>\n<p>El curso de preparaci\u00f3n es individual o para dos alumnos. Las clases para dos alumnos son aptas para amigos, parejas, compa\u00f1eros de trabajo. Si no se conocen los alumnos, estas clases no suelen funcionar.<\/p>\n<p><\/p>\n<p><\/p>\n<p>\u00bfA quien va dirigido el curso?<\/p>\n<p><\/p>\n<p><\/p>\n<ul class=\"wp-block-list\">\n<li style=\"list-style-type: none;\">\n<ul class=\"wp-block-list\"><\/ul>\n<\/li>\n<\/ul>\n<p>\u00a0<\/p>\n<ul class=\"wp-block-list\">\n<li style=\"list-style-type: none;\">\n<ul class=\"wp-block-list\">\n<li>estudiantes que necesitan acreditar su nivel de alem\u00e1n para estudiar una carrera en alem\u00e1n o para conseguir una beca.<\/li>\n<\/ul>\n<\/li>\n<\/ul>\n<p><\/p>\n<p><\/p>\n<ul class=\"wp-block-list\">\n<li style=\"list-style-type: none;\">\n<ul class=\"wp-block-list\">\n<li>M\u00e9dicos que necesitan acreditar un nivel\u00a0 de alem\u00e1n para convalidar un titulo<\/li>\n<\/ul>\n<\/li>\n<\/ul>\n<p><\/p>\n<p><\/p>\n<ul class=\"wp-block-list\">\n<li style=\"list-style-type: none;\">\n<ul class=\"wp-block-list\">\n<li>enfermeros y enfermeras que necesitan acreditar su nivel de alem\u00e1n<\/li>\n<\/ul>\n<\/li>\n<\/ul>\n<p><\/p>\n<p><\/p>\n<ul class=\"wp-block-list\">\n<li style=\"list-style-type: none;\">\n<ul class=\"wp-block-list\">\n<li>A\u00a0 alumnos que quieren certificar su nivel de alem\u00e1n por ejemplo para el CV.<\/li>\n<\/ul>\n<\/li>\n<\/ul>\n<p><\/p>\n<p><\/p>\n<p><\/p>\n<blockquote class=\"wp-block-quote is-layout-flow wp-block-quote-is-layout-flow\">\n<p><\/p>\n<p>Por favor inf\u00f3rmate bien de los requisitos para la convalidaci\u00f3n de t\u00edtulos universitarios obtenidos en un pa\u00eds miembro de la UE o en otro estado.\u00a0<\/p>\n<p><\/p>\n<\/blockquote>\n<p><\/p>\n<p><\/p>\n<h3 class=\"wp-block-heading\"><span class=\"ez-toc-section\" id=\"Resenas_de_estudiantes_que_han_aprobado_el_C1\"><\/span><strong>Rese\u00f1as de estudiantes que han aprobado el C1<\/strong><span class=\"ez-toc-section-end\"><\/span><\/h3>\n<p><\/p>\n<p><\/p>\n<figure class=\"wp-block-image aligncenter\"><img decoding=\"async\" class=\"wp-image-8160\" title=\"Examenes de aleman aprobados 8 https:\/\/profesornativodealeman.com\/clases-aleman\/wp-content\/uploads\/2021\/06\/graduation-2038864_640-e1653553071255.jpg\" src=\"https:\/\/profesornativodealeman.com\/clases-aleman\/wp-content\/uploads\/2020\/10\/gloria-C1-Zertifikat-Deutsch.jpg\" alt=\"gloria C1 Zertifikat Deutsch\" \/><\/figure>\n<p><\/p>\n<p><\/p>\n<p><strong>Gloria Fern\u00e1ndez Polin (Zurich,Suiza) C1 Goethe aprobado<\/strong><\/p>\n<p><\/p>\n<p><\/p>\n<p><strong>Profesi\u00f3n: Asesora en comunicaci\u00f3n corporativa.\u00a0<\/strong><\/p>\n<p><\/p>\n<p><\/p>\n<p>Su opinion sobre las clases de aleman:<\/p>\n<p><\/p>\n<p><\/p>\n<p>Part\u00eda de cero y, gracias a Tobias, he conseguido un nivel C1 real y certificado \u00a1\u00a1en apenas un a\u00f1o!!\u00a0 He dado unas tres clases\u00a0 de 90 minutos por semana, lo que significa alcanzar el C1 cuatro veces m\u00e1s r\u00e1pido de lo que se suele estimar para este nivel. Sin duda, un gran ahorro de tiempo y de dinero. L\u00f3gicamente, detr\u00e1s de este logro hay horas de estudio, dedicaci\u00f3n, constancia\u2026 Pero, francamente, no hubiera podido alcanzarlo sin Tobias. \u00c9l no es solo un gran profesor de alem\u00e1n; es un gran coach\/entrenador personal con el que consigues aprender alem\u00e1n de manera eficaz, natural\u2026 y hasta divertida! Bajo mi punto de vista, para aprender alem\u00e1n no solo es importante contar con un profesor cualificado y con experiencia. A esto hay que a\u00f1adir cualidades propias de un coach: empat\u00eda, capacidad de motivaci\u00f3n, claridad, paciencia, capacidad para generar y mantener un entorno de confianza y respeto\u2026 Tobias es, sin duda, el mejor coach de alem\u00e1n que conozco. Y lo recomendar\u00eda a quienes necesiten \/ quieran aprender alem\u00e1n de manera r\u00e1pida y eficaz.<\/p>\n<p><\/p>\n<p><\/p>\n<figure class=\"wp-block-image alignleft\"><img fetchpriority=\"high\" decoding=\"async\" width=\"350\" height=\"466\" class=\"wp-image-13831\" title=\"Alem\u00e1n C1 D\u00fcsseldorf 1 https:\/\/profesornativodealeman.com\/clases-aleman\/wp-content\/uploads\/2023\/05\/examen-aleman-C1-Dusseldorf.jpg\" src=\"https:\/\/profesornativodealeman.com\/clases-aleman\/wp-content\/uploads\/2022\/08\/Mario-1.jpg\" alt=\"Deutsch f\u00fcr \u00c4rzte\" srcset=\"https:\/\/profesornativodealeman.com\/clases-aleman\/wp-content\/uploads\/2022\/08\/Mario-1.jpg 350w, https:\/\/profesornativodealeman.com\/clases-aleman\/wp-content\/uploads\/2022\/08\/Mario-1-150x200.jpg 150w\" sizes=\"(max-width: 350px) 100vw, 350px\" \/><\/figure>\n<p><\/p>\n<p><\/p>\n<p>Mario Espinosa (Alemania)\u00a0 \u00a0 \u00a0 \u00a0 \u00a0<\/p>\n<p><\/p>\n<p><\/p>\n<p>Profesi\u00f3n: Estudiante de medicina<\/p>\n<p><\/p>\n<p><\/p>\n<p>\u00abTobias me ha ayudado mucho en la preparaci\u00f3n de mi examen Goethe C1.<\/p>\n<p><\/p>\n<p><\/p>\n<p>Le recomiendo encarecidamente como profesor y preparador de alem\u00e1n y estoy muy contento de haberle encontrado en la confusa jungla de los profesores de alem\u00e1n.<\/p>\n<p><\/p>\n<p><\/p>\n<p>Tobias no s\u00f3lo ayuda con la preparaci\u00f3n t\u00e9cnica del examen, sino que tambi\u00e9n es un gran motivador y te quita el miedo al examen. Especialmente para los ex\u00e1menes C1, no s\u00f3lo es importante tener el nivel ling\u00fc\u00edstico, sino tambi\u00e9n estar met\u00f3dicamente bien preparado y tener confianza en uno mismo para el examen. Puedo recomendar a Tobias a cualquier persona que aprecie un ambiente de aprendizaje abierto y familiar en el que a uno tambi\u00e9n se le permite cometer errores y se le acerca paso a paso a su objetivo. Despu\u00e9s de haberme matriculado con Tobias con un nivel seguro B1\/B2 en agosto, aprob\u00e9 primero el TestDAF Nivel 3 (B2) en todas las categor\u00edas en septiembre y despu\u00e9s me present\u00e9 con \u00e9xito al Certificado Goethe C1. \u00a1\u00a1\u00a1Gracias, Tobias!!!<\/p>\n<p><\/p>\n<p><\/p>\n<figure class=\"wp-block-image\"><a href=\"https:\/\/profesornativodealeman.com\/clases-aleman\/curso-examen-c1-goethe\/fachspracheprufung-sofia-rodriguez-2\/\"><img decoding=\"async\" title=\"Alem\u00e1n C1 D\u00fcsseldorf 2 https:\/\/profesornativodealeman.com\/clases-aleman\/wp-content\/uploads\/2023\/05\/examen-aleman-C1-Dusseldorf.jpg\" src=\"https:\/\/profesornativodealeman.com\/clases-aleman\/wp-content\/uploads\/2019\/05\/Fachsprachepr%C3%BCfung-Sofia-Rodriguez.jpg\" alt=\"Fachsprachepr\u00fcfung Sofia Rodriguez\" \/><\/a>\n<p>\u00a0<\/p>\n<figcaption class=\"wp-element-caption\">Fachsprachpr\u00fcfung<\/figcaption>\n<\/figure>\n<p><\/p>\n<p><\/p>\n<figure class=\"wp-block-image\"><a href=\"https:\/\/profesornativodealeman.com\/clases-aleman\/curso-examen-c1-goethe\/sofia-1-1\/\"><img decoding=\"async\" title=\"Alem\u00e1n C1 D\u00fcsseldorf 3 https:\/\/profesornativodealeman.com\/clases-aleman\/wp-content\/uploads\/2023\/05\/examen-aleman-C1-Dusseldorf.jpg\" src=\"https:\/\/profesornativodealeman.com\/clases-aleman\/wp-content\/uploads\/2021\/05\/Sofia-1-1.jpg\" alt=\"aleman para medicos\" \/><\/a>\n<p>\u00a0<\/p>\n<figcaption class=\"wp-element-caption\">Sofia<\/figcaption>\n<\/figure>\n<p><\/p>\n<p><\/p>\n<figure class=\"wp-block-image\"><a href=\"https:\/\/profesornativodealeman.com\/clases-aleman\/curso-examen-c1-goethe\/c1-zertifikat-sofia-rodriguez-2\/\"><img decoding=\"async\" title=\"Alem\u00e1n C1 D\u00fcsseldorf 4 https:\/\/profesornativodealeman.com\/clases-aleman\/wp-content\/uploads\/2023\/05\/examen-aleman-C1-Dusseldorf.jpg\" src=\"https:\/\/profesornativodealeman.com\/clases-aleman\/wp-content\/uploads\/2019\/05\/C1-Zertifikat-Sofia-Rodriguez.jpg\" alt=\"C1 Zertifikat Sofia Rodriguez\" \/><\/a>\n<p>\u00a0<\/p>\n<figcaption class=\"wp-element-caption\">Certificado C1<\/figcaption>\n<\/figure>\n<p><\/p>\n<p><\/p>\n<p><strong>Sofia Rodriguez Granda, examen C1 y titulo medico aprobado:<\/strong><\/p>\n<p><\/p>\n<p><\/p>\n<p>Sofia Rodriguez Granda (Valencia, Espa\u00f1a)<br \/>Profesi\u00f3n: Medico<\/p>\n<p><\/p>\n<p><\/p>\n<p>Su comentario sobre las clases de aleman:<\/p>\n<p><\/p>\n<p><\/p>\n<p>\u201cEmpec\u00e9 con Tob\u00edas despu\u00e9s de aprobar el B2 gracias a mucho esfuerzo, sacrificio personal y poca ayuda. Tras haber probado academias, clases particulares individuales y aprendizaje autodidacta Tob\u00edas fue mi salvaci\u00f3n. Sacarme el C1 se hab\u00eda convertido en una necesidad para homologar el t\u00edtulo de m\u00e9dico en Alemania y aumentar las posibilidades de contrataci\u00f3n y, aunque dedicarle el 100% de mi tiempo hizo mucho, la ayuda, los conocimientos y sobre todo el apoyo moral que Tob\u00edas me brind\u00f3 fueron fundamentales.<\/p>\n<p><\/p>\n<p><\/p>\n<p>Tob\u00edas es algo m\u00e1s que un simple profesor, es un compa\u00f1ero de un viaje que, en muchas ocasiones es frustrante y dif\u00edcil: aprender un idioma tan exigente como el alem\u00e1n. Por ello le estar\u00e9 eternamente agradecida. Ojal\u00e1 hubiera m\u00e1s profesionales de la ense\u00f1anza tan dedicados como \u00e9l. \u201c<\/p>\n<p><\/p>\n<p><\/p>\n<p>\u00a1Alem\u00e1n para todos los niveles, sin fronteras!<\/p>\n<p><strong>\u00a1Te ayudo\u00a0<span style=\"color: #ff0000;\">a\u00a0alcanzar<\/span>\u00a0<span style=\"color: #ffcc00;\">tus metas!\u00a0<\/span><\/strong><\/p>\n<p>Haz clic en la imagen para obtener m\u00e1s informaci\u00f3n<a href=\"https:\/\/profesornativodealeman.com\/clases-aleman\/precios\/\"><img decoding=\"async\" class=\"alignnone lazy loaded\" title=\"Vocabulario 1 https:\/\/profesornativodealeman.com\/clases-aleman\/wp-content\/uploads\/2024\/10\/beautiful-shot-small-village-surrounded-by-lake-snowy-hills-1-1.jpg\" src=\"https:\/\/profesornativodealeman.com\/clases-aleman\/wp-content\/uploads\/2023\/08\/background-couple-hike-hiking-team-1-1.jpg\" alt=\"background couple hike hiking team 1 1\" width=\"1000\" height=\"686\" data-src=\"https:\/\/profesornativodealeman.com\/clases-aleman\/wp-content\/uploads\/2023\/08\/background-couple-hike-hiking-team-1-1.jpg\" data-was-processed=\"true\" \/><\/a><\/p>\n<p><\/p>\n<p><\/p>\n<p><\/p>\t\t\t\t\t\t\t\t<\/div>\n\t\t\t\t<\/div>\n\t\t\t\t\t<\/div>\n\t\t<\/div>\n\t\t\t\t\t<\/div>\n\t\t<\/section>\n\t\t\t\t<\/div>\n\t\t","protected":false},"excerpt":{"rendered":"<p>Examen alem\u00e1n C1 Stuttgart \u00bfquieres prepararte para la proxima convocatoria del examen de alem\u00e1n C1 en la ciudad de Stuttgart? El curso de preparaci\u00f3n es individual o para dos alumnos. Las clases para dos alumnos son aptas para amigos, parejas, compa\u00f1eros de trabajo. Si no se conocen los alumnos, estas clases no suelen funcionar. \u00bfA [&hellip;]<\/p>\n","protected":false},"author":4,"featured_media":17001,"comment_status":"open","ping_status":"open","sticky":false,"template":"","format":"standard","meta":{"footnotes":""},"categories":[2624],"tags":[],"class_list":["post-16791","post","type-post","status-publish","format-standard","has-post-thumbnail","hentry","category-cursos-de-aleman"],"_links":{"self":[{"href":"https:\/\/profesornativodealeman.com\/clases-aleman\/wp-json\/wp\/v2\/posts\/16791","targetHints":{"allow":["GET"]}}],"collection":[{"href":"https:\/\/profesornativodealeman.com\/clases-aleman\/wp-json\/wp\/v2\/posts"}],"about":[{"href":"https:\/\/profesornativodealeman.com\/clases-aleman\/wp-json\/wp\/v2\/types\/post"}],"author":[{"embeddable":true,"href":"https:\/\/profesornativodealeman.com\/clases-aleman\/wp-json\/wp\/v2\/users\/4"}],"replies":[{"embeddable":true,"href":"https:\/\/profesornativodealeman.com\/clases-aleman\/wp-json\/wp\/v2\/comments?post=16791"}],"version-history":[{"count":0,"href":"https:\/\/profesornativodealeman.com\/clases-aleman\/wp-json\/wp\/v2\/posts\/16791\/revisions"}],"wp:featuredmedia":[{"embeddable":true,"href":"https:\/\/profesornativodealeman.com\/clases-aleman\/wp-json\/wp\/v2\/media\/17001"}],"wp:attachment":[{"href":"https:\/\/profesornativodealeman.com\/clases-aleman\/wp-json\/wp\/v2\/media?parent=16791"}],"wp:term":[{"taxonomy":"category","embeddable":true,"href":"https:\/\/profesornativodealeman.com\/clases-aleman\/wp-json\/wp\/v2\/categories?post=16791"},{"taxonomy":"post_tag","embeddable":true,"href":"https:\/\/profesornativodealeman.com\/clases-aleman\/wp-json\/wp\/v2\/tags?post=16791"}],"curies":[{"name":"wp","href":"https:\/\/api.w.org\/{rel}","templated":true}]}}