{"id":16892,"date":"2025-01-06T19:10:00","date_gmt":"2025-01-06T17:10:00","guid":{"rendered":"https:\/\/profesornativodealeman.com\/clases-aleman\/?p=16892"},"modified":"2025-01-06T19:07:02","modified_gmt":"2025-01-06T17:07:02","slug":"examen-b2-aleman-zurich","status":"publish","type":"post","link":"https:\/\/profesornativodealeman.com\/clases-aleman\/examen-b2-aleman-zurich\/","title":{"rendered":"Curso preparacion examen B2 aleman Zurich."},"content":{"rendered":"\t\t<div data-elementor-type=\"wp-post\" data-elementor-id=\"16892\" class=\"elementor elementor-16892\" data-elementor-post-type=\"post\">\n\t\t\t\t\t\t<section class=\"elementor-section elementor-top-section elementor-element elementor-element-f07c0a0 elementor-section-boxed elementor-section-height-default elementor-section-height-default\" data-id=\"f07c0a0\" data-element_type=\"section\" data-e-type=\"section\">\n\t\t\t\t\t\t<div class=\"elementor-container elementor-column-gap-default\">\n\t\t\t\t\t<div class=\"elementor-column elementor-col-100 elementor-top-column elementor-element elementor-element-37232c76\" data-id=\"37232c76\" data-element_type=\"column\" data-e-type=\"column\">\n\t\t\t<div class=\"elementor-widget-wrap elementor-element-populated\">\n\t\t\t\t\t\t<div class=\"elementor-element elementor-element-7e602b9e elementor-widget elementor-widget-text-editor\" data-id=\"7e602b9e\" data-element_type=\"widget\" data-e-type=\"widget\" data-widget_type=\"text-editor.default\">\n\t\t\t\t<div class=\"elementor-widget-container\">\n\t\t\t\t\t\t\t\t\t<p><\/p>\n<p>El curso de preparacion para el examen B2 es individual o para dos alumnos.<\/p>\n<p><\/p>\n<p>He preparado muchos ex\u00e1menes oficiales de alem\u00e1n Telc y Goethe. Mas abajo puedes leer algunos testimonios de alumnos que han aprobado examenes<\/p>\n<p><\/p>\n<p>\u00bfA quien va dirigido el curso?<\/p>\n<p><\/p>\n<ul class=\"wp-block-list\">\n<li style=\"list-style-type: none;\">\n<ul class=\"wp-block-list\"><\/ul>\n<\/li>\n<\/ul>\n<p>\u00a0<\/p>\n<ul class=\"wp-block-list\">\n<li style=\"list-style-type: none;\">\n<ul class=\"wp-block-list\">\n<li>estudiantes que necesitan acreditar su nivel de aleman para estudiar una carrera en aleman o para conseguir una beca.<\/li>\n<\/ul>\n<\/li>\n<\/ul>\n<p><\/p>\n<ul class=\"wp-block-list\">\n<li style=\"list-style-type: none;\">\n<ul class=\"wp-block-list\">\n<li>Medicos que necesitan acreditar un nivel\u00a0 de alem\u00e1n para convalidar un titulo por ejemplo en Suiza, Alemania o Austria.<\/li>\n<\/ul>\n<\/li>\n<\/ul>\n<p><\/p>\n<ul class=\"wp-block-list\">\n<li style=\"list-style-type: none;\">\n<ul class=\"wp-block-list\">\n<li>enfermeros y enfermeras que necesitan acreditar como norma general un nivel B2<\/li>\n<\/ul>\n<\/li>\n<\/ul>\n<p><\/p>\n<ul class=\"wp-block-list\">\n<li style=\"list-style-type: none;\">\n<ul class=\"wp-block-list\">\n<li>auxiliares de Geriatria para poder trabajar por ejemplo en una residencia de mayores en un pais de habla alemana<\/li>\n<\/ul>\n<\/li>\n<\/ul>\n<p><\/p>\n<ul class=\"wp-block-list\">\n<li style=\"list-style-type: none;\">\n<ul class=\"wp-block-list\">\n<li>A\u00a0 alumnos que quieren certificar su nivel de aleman por ejemplo para el CV.<\/li>\n<\/ul>\n<\/li>\n<\/ul>\n<p><\/p>\n<p><\/p>\n<blockquote class=\"wp-block-quote is-layout-flow wp-block-quote-is-layout-flow\">\n<p><\/p>\n<figure class=\"wp-block-image\"><img decoding=\"async\" class=\"alignnone wp-image-16863\" src=\"https:\/\/profesornativodealeman.com\/clases-aleman\/wp-content\/uploads\/2024\/08\/WhatsApp-Image-2024-08-14-at-18.07.36-1-3.jpeg\" alt=\"Clases de alem\u00e1n online\" width=\"200\" height=\"200\" title=\"\"><\/figure>\n<p><\/p>\n<p>Maria Ribas (Zurich)<\/p>\n<p><\/p>\n<p>Profesion: Fisioterapeuta<\/p>\n<p><\/p>\n<p><strong>Certificado Telc B2<\/strong><\/p>\n<p><\/p>\n<figure class=\"wp-block-image alignleft\"><img fetchpriority=\"high\" decoding=\"async\" class=\"alignnone wp-image-16856\" title=\"nueva rese\u00f1a sobre las clases de aleman 1 https:\/\/profesornativodealeman.com\/clases-aleman\/wp-content\/uploads\/2024\/08\/WhatsApp-Image-2024-08-14-at-18.07.36-1-3.jpeg\" src=\"https:\/\/profesornativodealeman.com\/clases-aleman\/wp-content\/uploads\/2024\/08\/telc-Zertifikat-Frau-R.S.M.-1-imagenes-0-2.jpg\" alt=\"telc Zertifikat Frau R.S.M. 1 imagenes 0 2\" width=\"350\" height=\"495\" \/><\/figure>\n<p><\/p>\n<p>Su comentario sobre las clases con Tobias:<\/p>\n<p><\/p>\n<p>\u00abMe mud\u00e9 a Z\u00fcrich, Suiza, hace apenas un a\u00f1o con nociones muy b\u00e1sicas de alem\u00e1n. Mi reto era aprobar el examen B2 para poder homologar mi t\u00edtulo de graduada en Fisioterapia. Despu\u00e9s de hacer alg\u00fan curso intensivo en una academia y probar un par de profesores online, no me sent\u00eda motivada ni acompa\u00f1ada en mi preparaci\u00f3n para el examen. Estaba a punto de tirar la toalla hasta que di con la p\u00e1gina web de Tobias y enseguida me transmiti\u00f3 confianza y profesionalidad. Y no me equivocaba. Des de la primera clase me dio seguridad y motivaci\u00f3n para preparar el examen con un sinf\u00edn de material did\u00e1ctico y un seguimiento constante e individualizado.<\/p>\n<p><\/p>\n<p>Gracias a su carisma, buen humor, cercan\u00eda y sensibilidad, me he sentido en todo momento acompa\u00f1ada en este dif\u00edcil proceso, el de aprender una lengua tan diferente y empezar desde cero en otro pa\u00eds. En solo 7 meses ( 2 clases de 1 hora por semana) no solo aprob\u00e9 con nota el examen del Telc B2, sino que Tob\u00edas tambi\u00e9n me ayud\u00f3 a comunicarme mejor en mi trabajo, ganando confianza en mi misma y acelerando a pasos agigantados mi adaptaci\u00f3n en Z\u00fcrich.<\/p>\n<p><\/p>\n<p>Sin duda recomiendo sus clases al 100%, ya que con su m\u00e9todo de ense\u00f1anza, profesional y riguroso, y su humanidad, no solo te asegura el \u00e9xito acad\u00e9mico, sino que tambi\u00e9n te proporciona un apoyo incondicional en el proceso de aprendizaje. Muchas gracias Tobias!<\/p>\n<p><\/p>\n<p><\/p>\n<\/blockquote>\n<p><\/p>\n<figure class=\"wp-block-gallery has-nested-images columns-3 is-cropped wp-block-gallery-4 is-layout-flex wp-block-gallery-is-layout-flex\">\n<p>\u00a0<\/p>\n<figure class=\"wp-block-image size-large\"><img decoding=\"async\" data-id=\"9521\" class=\"wp-image-9521\" src=\"https:\/\/profesornativodealeman.com\/clases-aleman\/wp-content\/uploads\/2021\/05\/Sofia-1-1.jpg\" alt=\"aleman para medicos\" title=\"\"><\/figure>\n<p><\/p>\n<figure class=\"wp-block-image size-large\"><img decoding=\"async\" data-id=\"7264\" class=\"wp-image-7264\" src=\"https:\/\/profesornativodealeman.com\/clases-aleman\/wp-content\/uploads\/2019\/05\/Fachsprachepr\u00fcfung-Sofia-Rodriguez.jpg\" alt=\"Clases de alem\u00e1n online\" title=\"\"><\/figure>\n<p><\/p>\n<figure class=\"wp-block-image size-large\"><img decoding=\"async\" data-id=\"7259\" class=\"wp-image-7259\" src=\"https:\/\/profesornativodealeman.com\/clases-aleman\/wp-content\/uploads\/2019\/05\/C1-Zertifikat-Sofia-Rodriguez.jpg\" alt=\"Clases de alem\u00e1n online\" title=\"\"><\/figure>\n<p><\/p>\n<\/figure>\n<p><\/p>\n<p><strong>Sofia Rodriguez Granda, examen C1 y titulo medico aprobado:<\/strong><\/p>\n<p><\/p>\n<p>Sofia Rodriguez Granda (Valencia, Espa\u00f1a)<br \/>Profesi\u00f3n: Medico<\/p>\n<p><\/p>\n<p>Su comentario sobre las clases de aleman:<\/p>\n<p><\/p>\n<p>\u201cEmpec\u00e9 con Tob\u00edas despu\u00e9s de aprobar el B2 gracias a mucho esfuerzo, sacrificio personal y poca ayuda. Tras haber probado academias, clases particulares individuales y aprendizaje autodidacta Tob\u00edas fue mi salvaci\u00f3n. Sacarme el C1 se hab\u00eda convertido en una necesidad para homologar el t\u00edtulo de m\u00e9dico en Alemania y aumentar las posibilidades de contrataci\u00f3n y, aunque dedicarle el 100% de mi tiempo hizo mucho, la ayuda, los conocimientos y sobre todo el apoyo moral que Tob\u00edas me brind\u00f3 fueron fundamentales.<\/p>\n<p><\/p>\n<p>Tob\u00edas es algo m\u00e1s que un simple profesor, es un compa\u00f1ero de un viaje que, en muchas ocasiones es frustrante y dif\u00edcil: aprender un idioma tan exigente como el alem\u00e1n. Por ello le estar\u00e9 eternamente agradecida. Ojal\u00e1 hubiera m\u00e1s profesionales de la ense\u00f1anza tan dedicados como \u00e9l. \u201c<\/p>\n<p><\/p>\n<p>Por esto y por todo\u2026 DANKE TOBIAS!<\/p>\n<p><\/p>\n<figure class=\"wp-block-gallery has-nested-images columns-3 is-cropped wp-block-gallery-5 is-layout-flex wp-block-gallery-is-layout-flex\">\n<p>\u00a0<\/p>\n<figure class=\"wp-block-image size-large\"><img decoding=\"async\" width=\"300\" height=\"400\" data-id=\"7270\" class=\"wp-image-7270\" src=\"https:\/\/profesornativodealeman.com\/clases-aleman\/wp-content\/uploads\/2019\/05\/Certificado-Telc-B2-Leidy-Arango-e1652680879221.jpg\" alt=\"Clases de alem\u00e1n online\" title=\"\"><\/figure>\n<p><\/p>\n<figure class=\"wp-block-image size-large\"><img loading=\"lazy\" decoding=\"async\" width=\"250\" height=\"254\" data-id=\"7183\" class=\"wp-image-7183\" src=\"https:\/\/profesornativodealeman.com\/clases-aleman\/wp-content\/uploads\/2019\/04\/Leidy-Arango-e1653553092985.jpg\" alt=\"Clases de alem\u00e1n online\" title=\"\" srcset=\"https:\/\/profesornativodealeman.com\/clases-aleman\/wp-content\/uploads\/2019\/04\/Leidy-Arango-e1653553092985.jpg 250w, https:\/\/profesornativodealeman.com\/clases-aleman\/wp-content\/uploads\/2019\/04\/Leidy-Arango-e1653553092985-150x152.jpg 150w\" sizes=\"(max-width: 250px) 100vw, 250px\" \/><\/figure>\n<p><\/p>\n<\/figure>\n<p><\/p>\n<p><strong>Leidy Arango Rohr, Examen Telc B2 aprobado<\/strong><\/p>\n<p><\/p>\n<p>Leidy Arango Rohr (Ingelheim, Alemania)<br \/>Profesi\u00f3n: Medico<br \/>Su opinion sobre las clases de aleman :<\/p>\n<p><\/p>\n<p>\u201cSoy m\u00e9dica colombiana, actualmente resido en Alemania. Considero que Tobias es un excelente profesor, de los pocos que en realidad disfrutan hacer su trabajo y se preocupan porque el alumno realmente aprenda. Hab\u00eda tenido que interrumpir mis clases en 2 escuelas debido a mi trabajo por lo cual opt\u00e9 por continuar mi aprendizaje con Tobias. Con \u00e9l pude alcanzar el nivel de alem\u00e1n B2 y aprobar el examen Telc B2, me admitieron en el hospital estatal para iniciar mis pr\u00e1cticas y actualmente preparamos el examen m\u00e9dico para convalidaci\u00f3n de mi titulo en Alemania. No dudo en recomendarlo.\u201d<\/p>\n<p><\/p>\n<figure class=\"wp-block-gallery has-nested-images columns-3 is-cropped wp-block-gallery-6 is-layout-flex wp-block-gallery-is-layout-flex\">\n<p>\u00a0<\/p>\n<figure class=\"wp-block-image size-large\"><img loading=\"lazy\" decoding=\"async\" width=\"201\" height=\"235\" data-id=\"11457\" class=\"wp-image-11457\" src=\"https:\/\/profesornativodealeman.com\/clases-aleman\/wp-content\/uploads\/2022\/01\/Luis-reducida_Mesa-de-trabajo-1.png\" alt=\"Clases de alem\u00e1n online\" title=\"\" srcset=\"https:\/\/profesornativodealeman.com\/clases-aleman\/wp-content\/uploads\/2022\/01\/Luis-reducida_Mesa-de-trabajo-1.png 201w, https:\/\/profesornativodealeman.com\/clases-aleman\/wp-content\/uploads\/2022\/01\/Luis-reducida_Mesa-de-trabajo-1-150x175.png 150w\" sizes=\"(max-width: 201px) 100vw, 201px\" \/><\/figure>\n<p><\/p>\n<figure class=\"wp-block-image size-large\"><img loading=\"lazy\" decoding=\"async\" width=\"200\" height=\"291\" data-id=\"14945\" class=\"wp-image-14945\" src=\"https:\/\/profesornativodealeman.com\/clases-aleman\/wp-content\/uploads\/2021\/08\/IMG-20211127-WA0005-4-e1674727450156.jpg\" alt=\"Clases de alem\u00e1n online\" title=\"\" srcset=\"https:\/\/profesornativodealeman.com\/clases-aleman\/wp-content\/uploads\/2021\/08\/IMG-20211127-WA0005-4-e1674727450156.jpg 200w, https:\/\/profesornativodealeman.com\/clases-aleman\/wp-content\/uploads\/2021\/08\/IMG-20211127-WA0005-4-e1674727450156-150x218.jpg 150w\" sizes=\"(max-width: 200px) 100vw, 200px\" \/><\/figure>\n<p><\/p>\n<\/figure>\n<p><\/p>\n<p><strong><em>Luis Carlos Melero (Examen B1 aprobado)<\/em><\/strong><\/p>\n<p><\/p>\n<p><em>Consejero de Trabajo, Migraciones y Seguridad Social en la Embajada de Espa\u00f1a en Suiza, Austria y Liechtenstein.<\/em><\/p>\n<p><\/p>\n<p><em>Su opinion sobre las clases de aleman con Tobias:<\/em><\/p>\n<p><\/p>\n<p>\u00abAprender alem\u00e1n no nada f\u00e1cil para los hispanoparlantes: vocabulario, pronunciaci\u00f3n y una gram\u00e1tica enrevesada constituyen grandes retos que no presentan otros idiomas m\u00e1s cercanos al espa\u00f1ol como el franc\u00e9s o el italiano. Es por esto que para aprender alem\u00e1n resulta imprescindible no s\u00f3lo un buen m\u00e9todo, sino encontrar a un buen profesor.<\/p>\n<p><\/p>\n<p>Tob\u00edas es un profesional con todas las letras, alguien con quien aprender los mil y un usos de la part\u00edcula \u00abzu\u00bb no s\u00f3lo es f\u00e1cil sino divertido. Es alguien en quien confiar, que est\u00e1 siempre a tu lado en el proceso de aprendizaje, acompa\u00f1\u00e1ndote, gui\u00e1ndote, dej\u00e1ndote solo para que puedas mejorar y ayud\u00e1ndote a levantar cuando tropiezas en tu aprendizaje. Ll\u00e1malo \u00abcoach\u00bb, gu\u00eda, mentor o como quieras, pero Tob\u00edas lo es. Y eso marca la diferencia con tantos otros profesores de idiomas que andan por la red vendiendo m\u00e1s humo que eficiencia.<\/p>\n<p><\/p>\n<p>Acabo de obtener un 96 sobre 100 en el Goethe B1 y s\u00e9 que buena parte de mi \u00e9xito es gracias a Tob\u00edas. La otra parte, la que me corresponde a m\u00ed, no deja de ser un reflejo de lo que he aprendido con Tob\u00edas d\u00eda a d\u00eda, as\u00ed que tambi\u00e9n es \u00e9xito suyo.\u00bb<\/p>\n<p><\/p>\n<p>\u00a1Ahora a seguir adelante con el mejor de los mejores!<\/p>\n<p><\/p>\n<figure class=\"wp-block-image aligncenter\"><img decoding=\"async\" class=\"wp-image-8160\" title=\"Examenes de aleman aprobados 8 https:\/\/profesornativodealeman.com\/clases-aleman\/wp-content\/uploads\/2021\/06\/graduation-2038864_640-e1653553071255.jpg\" src=\"https:\/\/profesornativodealeman.com\/clases-aleman\/wp-content\/uploads\/2020\/10\/gloria-C1-Zertifikat-Deutsch.jpg\" alt=\"gloria C1 Zertifikat Deutsch\" \/><\/figure>\n<p><\/p>\n<p><strong>Gloria Fern\u00e1ndez Polin (Zurich,Suiza) C1 Goethe aprobado<\/strong><\/p>\n<p><\/p>\n<p><strong>Profesi\u00f3n: Asesora en comunicaci\u00f3n corporativa.\u00a0<\/strong><\/p>\n<p><\/p>\n<p>Su opinion sobre las clases de aleman:<\/p>\n<p><\/p>\n<p>Part\u00eda de cero y, gracias a Tobias, he conseguido un nivel C1 real y certificado \u00a1\u00a1en apenas un a\u00f1o!!\u00a0 He dado unas tres clases\u00a0 de 90 minutos por semana, lo que significa alcanzar el C1 cuatro veces m\u00e1s r\u00e1pido de lo que se suele estimar para este nivel. Sin duda, un gran ahorro de tiempo y de dinero. L\u00f3gicamente, detr\u00e1s de este logro hay horas de estudio, dedicaci\u00f3n, constancia\u2026 Pero, francamente, no hubiera podido alcanzarlo sin Tobias. \u00c9l no es solo un gran profesor de alem\u00e1n; es un gran coach\/entrenador personal con el que consigues aprender alem\u00e1n de manera eficaz, natural\u2026 y hasta divertida! Bajo mi punto de vista, para aprender alem\u00e1n no solo es importante contar con un profesor cualificado y con experiencia. A esto hay que a\u00f1adir cualidades propias de un coach: empat\u00eda, capacidad de motivaci\u00f3n, claridad, paciencia, capacidad para generar y mantener un entorno de confianza y respeto\u2026 Tobias es, sin duda, el mejor coach de alem\u00e1n que conozco. Y lo recomendar\u00eda a quienes necesiten \/ quieran aprender alem\u00e1n de manera r\u00e1pida y eficaz.<\/p>\n<p><\/p>\n<p>\u00bfDeseas avanzar en tu aprendizaje del alem\u00e1n?<\/p>\n<p><strong>\u00a1Te ayudo\u00a0<span style=\"color: #ff0000;\">a\u00a0alcanzar<\/span><span style=\"color: #ffcc00;\">\u00a0tus metas!\u00a0<\/span><\/strong><\/p>\n<p>Haz clic en la imagen para obtener m\u00e1s informaci\u00f3n<\/p>\n<figure class=\"wp-block-image size-full\"><a href=\"https:\/\/profesornativodealeman.com\/clases-aleman\/precios\/\"><img loading=\"lazy\" decoding=\"async\" class=\"alignnone wp-image-17057 lazy loaded\" title=\"Uso de preposiciones 1 https:\/\/profesornativodealeman.com\/clases-aleman\/wp-content\/uploads\/2024\/12\/watzmann-9024268_640-1.jpg\" src=\"https:\/\/profesornativodealeman.com\/clases-aleman\/wp-content\/uploads\/2024\/12\/image.png\" sizes=\"(max-width: 1000px) 100vw, 1000px\" srcset=\"https:\/\/profesornativodealeman.com\/clases-aleman\/wp-content\/uploads\/2024\/12\/image.png 1000w, https:\/\/profesornativodealeman.com\/clases-aleman\/wp-content\/uploads\/2024\/12\/image-768x527.png 768w, https:\/\/profesornativodealeman.com\/clases-aleman\/wp-content\/uploads\/2024\/12\/image-150x103.png 150w\" alt=\"image\" width=\"1000\" height=\"686\" data-src=\"https:\/\/profesornativodealeman.com\/clases-aleman\/wp-content\/uploads\/2024\/12\/image.png\" data-srcset=\"https:\/\/profesornativodealeman.com\/clases-aleman\/wp-content\/uploads\/2024\/12\/image.png 1000w, https:\/\/profesornativodealeman.com\/clases-aleman\/wp-content\/uploads\/2024\/12\/image-768x527.png 768w, https:\/\/profesornativodealeman.com\/clases-aleman\/wp-content\/uploads\/2024\/12\/image-150x103.png 150w\" data-sizes=\"(max-width: 1000px) 100vw, 1000px\" data-was-processed=\"true\" \/><\/a><\/figure>\n<p>\n                <div class='gf_browser_gecko gform_wrapper gform_legacy_markup_wrapper gform-theme--no-framework' data-form-theme='legacy' data-form-index='0' id='gform_wrapper_1' >\n                        <div class='gform_heading'>\n                            <h3 class=\"gform_title\">Contacto e informaci\u00f3n<\/h3>\n                            <p class='gform_description'>Formulario de petici\u00f3n de informaci\u00f3n y contacto<\/p>\n                        <\/div><form method='post' enctype='multipart\/form-data'  id='gform_1'  action='\/clases-aleman\/wp-json\/wp\/v2\/posts\/16892' data-formid='1' novalidate>\n                        <div class='gform-body gform_body'><ul id='gform_fields_1' class='gform_fields top_label form_sublabel_below description_below validation_below'><li id=\"field_1_11\" class=\"gfield gfield--type-honeypot gform_validation_container field_sublabel_below gfield--has-description field_description_below field_validation_below gfield_visibility_visible\"  ><label class='gfield_label gform-field-label' for='input_1_11'>Comments<\/label><div class='ginput_container'><input name='input_11' id='input_1_11' type='text' value='' autocomplete='new-password'\/><\/div><div class='gfield_description' id='gfield_description_1_11'>Este campo es un campo de validaci\u00f3n y debe quedar sin cambios.<\/div><\/li><li id=\"field_1_1\" class=\"gfield gfield--type-text gfield--input-type-text gfield_contains_required field_sublabel_below gfield--no-description field_description_below field_validation_below gfield_visibility_visible\"  ><label class='gfield_label gform-field-label' for='input_1_1'>Nombre<span class=\"gfield_required\"><span class=\"gfield_required gfield_required_asterisk\">*<\/span><\/span><\/label><div class='ginput_container ginput_container_text'><input name='input_1' id='input_1_1' type='text' value='' class='large'    placeholder='NOMBRE' aria-required=\"true\" aria-invalid=\"false\"   \/><\/div><\/li><li id=\"field_1_3\" class=\"gfield gfield--type-email gfield--input-type-email gfield_contains_required field_sublabel_below gfield--no-description field_description_below field_validation_below gfield_visibility_visible\"  ><label class='gfield_label gform-field-label' for='input_1_3'>Email<span class=\"gfield_required\"><span class=\"gfield_required gfield_required_asterisk\">*<\/span><\/span><\/label><div class='ginput_container ginput_container_email'>\n                            <input name='input_3' id='input_1_3' type='email' value='' class='large'   placeholder='EMAIL' aria-required=\"true\" aria-invalid=\"false\"  \/>\n                        <\/div><\/li><li id=\"field_1_4\" class=\"gfield gfield--type-textarea gfield--input-type-textarea gfield_contains_required field_sublabel_below gfield--no-description field_description_below field_validation_below gfield_visibility_visible\"  ><label class='gfield_label gform-field-label' for='input_1_4'>Mensaje<span class=\"gfield_required\"><span class=\"gfield_required gfield_required_asterisk\">*<\/span><\/span><\/label><div class='ginput_container ginput_container_textarea'><textarea name='input_4' id='input_1_4' class='textarea small'    placeholder='MENSAJE' aria-required=\"true\" aria-invalid=\"false\"   rows='10' cols='50'><\/textarea><\/div><\/li><li id=\"field_1_8\" class=\"gfield gfield--type-checkbox gfield--type-choice gfield--input-type-checkbox gfield_contains_required field_sublabel_below gfield--no-description field_description_below field_validation_below gfield_visibility_visible\"  ><label class='gfield_label gform-field-label gfield_label_before_complex' >He le\u00eddo y acepto el &quot;Aviso Legal&quot; y la &quot;Pol\u00edtica de Privacidad&quot;<span class=\"gfield_required\"><span class=\"gfield_required gfield_required_asterisk\">*<\/span><\/span><\/label><div class='ginput_container ginput_container_checkbox'><ul class='gfield_checkbox' id='input_1_8'><li class='gchoice gchoice_1_8_1'>\n\t\t\t\t\t\t\t\t<input class='gfield-choice-input' name='input_8.1' type='checkbox'  value='Los datos facilitados en este formulario, quedar\u00e1n registrados en un fichero titularidad del Responsable de los Ficheros cuyos datos se detallan en el &lt;a href=&quot;https:\/\/profesornativodealeman.com\/clases-aleman\/aviso-legal\/&quot;&gt;Aviso Legal&lt;\/a&gt;. Podr\u00e1s ejercer tus derechos A.R.C.O, mediante comunicaci\u00f3n al e-mail: profesornativodealeman@gmail.com. Para m\u00e1s informaci\u00f3n sobre como tratamos tus datos, visita nuestra &lt;a href=&quot;https:\/\/profesornativodealeman.com\/clases-aleman\/politica-de-privacidad\/&quot;&gt;\u201cPol\u00edtica de Privacidad\u201d.&lt;\/a&gt;' checked='checked' id='choice_1_8_1'   \/>\n\t\t\t\t\t\t\t\t<label for='choice_1_8_1' id='label_1_8_1' class='gform-field-label gform-field-label--type-inline'>Los datos facilitados en este formulario, quedar\u00e1n registrados en un fichero titularidad del Responsable de los Ficheros cuyos datos se detallan en el <a href=\"https:\/\/profesornativodealeman.com\/clases-aleman\/aviso-legal\/\">Aviso Legal<\/a>. Podr\u00e1s ejercer tus derechos A.R.C.O, mediante comunicaci\u00f3n al e-mail: profesornativodealeman@gmail.com. Para m\u00e1s informaci\u00f3n sobre como tratamos tus datos, visita nuestra <a href=\"https:\/\/profesornativodealeman.com\/clases-aleman\/politica-de-privacidad\/\">\u201cPol\u00edtica de Privacidad\u201d.<\/a><\/label>\n\t\t\t\t\t\t\t<\/li><\/ul><\/div><\/li><li id=\"field_1_9\" class=\"gfield gfield--type-hidden gfield--input-type-hidden gfield--width-full gform_hidden field_sublabel_below gfield--no-description field_description_below field_validation_below gfield_visibility_visible\"  ><div class='ginput_container ginput_container_text'><input name='input_9' id='input_1_9' type='hidden' class='gform_hidden'  aria-invalid=\"false\" value='https:\/\/profesornativodealeman.com\/clases-aleman\/wp-json\/wp\/v2\/posts\/16892https:\/\/profesornativodealeman.com\/clases-aleman\/wp-json\/wp\/v2\/posts\/16892' \/><\/div><\/li><li id=\"field_1_10\" class=\"gfield gfield--type-hidden gfield--input-type-hidden gform_hidden field_sublabel_below gfield--no-description field_description_below field_validation_below gfield_visibility_visible\"  ><div class='ginput_container ginput_container_text'><input name='input_10' id='input_1_10' type='hidden' class='gform_hidden'  aria-invalid=\"false\" value='https:\/\/profesornativodealeman.com\/clases-aleman\/wp-json\/wp\/v2\/posts\/16892' \/><\/div><\/li><\/ul><\/div>\n        <div class='gform-footer gform_footer top_label'> <input type='submit' id='gform_submit_button_1' class='gform_button button' onclick='gform.submission.handleButtonClick(this);' data-submission-type='submit' value='Enviar'  \/> \n            <input type='hidden' class='gform_hidden' name='gform_submission_method' data-js='gform_submission_method_1' value='postback' \/>\n            <input type='hidden' class='gform_hidden' name='gform_theme' data-js='gform_theme_1' id='gform_theme_1' value='legacy' \/>\n            <input type='hidden' class='gform_hidden' name='gform_style_settings' data-js='gform_style_settings_1' id='gform_style_settings_1' value='[]' \/>\n            <input type='hidden' class='gform_hidden' name='is_submit_1' value='1' \/>\n            <input type='hidden' class='gform_hidden' name='gform_submit' value='1' \/>\n            \n            <input type='hidden' class='gform_hidden' name='gform_currency' data-currency='USD' value='3czjKa7h0b5C7y9AhYF\/iQplQLA59T+GJPHC7zvvar7oh0FkJUTZngbN+VxCQ1MQ\/3rXeJiqlaaHbwRd17y+6JGLbkOASh\/unuYp2FzF6vGoaR8=' \/>\n            <input type='hidden' class='gform_hidden' name='gform_unique_id' value='' \/>\n            <input type='hidden' class='gform_hidden' name='state_1' value='WyJbXSIsImE3ZTlkMWQxZTkyMDYxYzlmYzQ2MTlkZDIyMzA3ODZkIl0=' \/>\n            <input type='hidden' autocomplete='off' class='gform_hidden' name='gform_target_page_number_1' id='gform_target_page_number_1' value='0' \/>\n            <input type='hidden' autocomplete='off' class='gform_hidden' name='gform_source_page_number_1' id='gform_source_page_number_1' value='1' \/>\n            <input type='hidden' name='gform_field_values' value='' \/>\n            \n        <\/div>\n                        <p style=\"display: none !important;\" class=\"akismet-fields-container\" data-prefix=\"ak_\"><label>&#916;<textarea name=\"ak_hp_textarea\" cols=\"45\" rows=\"8\" maxlength=\"100\"><\/textarea><\/label><input type=\"hidden\" id=\"ak_js_2\" name=\"ak_js\" value=\"120\"\/><script>\ndocument.getElementById( \"ak_js_2\" ).setAttribute( \"value\", ( new Date() ).getTime() );\n<\/script>\n<\/p><\/form>\n                        <\/div><script>\ngform.initializeOnLoaded( function() {gformInitSpinner( 1, 'https:\/\/profesornativodealeman.com\/clases-aleman\/wp-content\/plugins\/gravityforms\/images\/spinner.svg', true );jQuery('#gform_ajax_frame_1').on('load',function(){var contents = jQuery(this).contents().find('*').html();var is_postback = contents.indexOf('GF_AJAX_POSTBACK') >= 0;if(!is_postback){return;}var form_content = jQuery(this).contents().find('#gform_wrapper_1');var is_confirmation = jQuery(this).contents().find('#gform_confirmation_wrapper_1').length > 0;var is_redirect = contents.indexOf('gformRedirect(){') >= 0;var is_form = form_content.length > 0 && ! is_redirect && ! is_confirmation;var mt = parseInt(jQuery('html').css('margin-top'), 10) + parseInt(jQuery('body').css('margin-top'), 10) + 100;if(is_form){jQuery('#gform_wrapper_1').html(form_content.html());if(form_content.hasClass('gform_validation_error')){jQuery('#gform_wrapper_1').addClass('gform_validation_error');} else {jQuery('#gform_wrapper_1').removeClass('gform_validation_error');}setTimeout( function() { \/* delay the scroll by 50 milliseconds to fix a bug in chrome *\/  }, 50 );if(window['gformInitDatepicker']) {gformInitDatepicker();}if(window['gformInitPriceFields']) {gformInitPriceFields();}var current_page = jQuery('#gform_source_page_number_1').val();gformInitSpinner( 1, 'https:\/\/profesornativodealeman.com\/clases-aleman\/wp-content\/plugins\/gravityforms\/images\/spinner.svg', true );jQuery(document).trigger('gform_page_loaded', [1, current_page]);window['gf_submitting_1'] = false;}else if(!is_redirect){var confirmation_content = jQuery(this).contents().find('.GF_AJAX_POSTBACK').html();if(!confirmation_content){confirmation_content = contents;}jQuery('#gform_wrapper_1').replaceWith(confirmation_content);jQuery(document).trigger('gform_confirmation_loaded', [1]);window['gf_submitting_1'] = false;wp.a11y.speak(jQuery('#gform_confirmation_message_1').text());}else{jQuery('#gform_1').append(contents);if(window['gformRedirect']) {gformRedirect();}}jQuery(document).trigger(\"gform_pre_post_render\", [{ formId: \"1\", currentPage: \"current_page\", abort: function() { this.preventDefault(); } }]);        if (event && event.defaultPrevented) {                return;        }        const gformWrapperDiv = document.getElementById( \"gform_wrapper_1\" );        if ( gformWrapperDiv ) {            const visibilitySpan = document.createElement( \"span\" );            visibilitySpan.id = \"gform_visibility_test_1\";            gformWrapperDiv.insertAdjacentElement( \"afterend\", visibilitySpan );        }        const visibilityTestDiv = document.getElementById( \"gform_visibility_test_1\" );        let postRenderFired = false;        function triggerPostRender() {            if ( postRenderFired ) {                return;            }            postRenderFired = true;            gform.core.triggerPostRenderEvents( 1, current_page );            if ( visibilityTestDiv ) {                visibilityTestDiv.parentNode.removeChild( visibilityTestDiv );            }        }        function debounce( func, wait, immediate ) {            var timeout;            return function() {                var context = this, args = arguments;                var later = function() {                    timeout = null;                    if ( !immediate ) func.apply( context, args );                };                var callNow = immediate && !timeout;                clearTimeout( timeout );                timeout = setTimeout( later, wait );                if ( callNow ) func.apply( context, args );            };        }        const debouncedTriggerPostRender = debounce( function() {            triggerPostRender();        }, 200 );        if ( visibilityTestDiv && visibilityTestDiv.offsetParent === null ) {            const observer = new MutationObserver( ( mutations ) => {                mutations.forEach( ( mutation ) => {                    if ( mutation.type === 'attributes' && visibilityTestDiv.offsetParent !== null ) {                        debouncedTriggerPostRender();                        observer.disconnect();                    }                });            });            observer.observe( document.body, {                attributes: true,                childList: false,                subtree: true,                attributeFilter: [ 'style', 'class' ],            });        } else {            triggerPostRender();        }    } );} );\n<\/script>\n<\/p>\n<p><\/p>\t\t\t\t\t\t\t\t<\/div>\n\t\t\t\t<\/div>\n\t\t\t\t\t<\/div>\n\t\t<\/div>\n\t\t\t\t\t<\/div>\n\t\t<\/section>\n\t\t\t\t<\/div>\n\t\t","protected":false},"excerpt":{"rendered":"<p>El curso de preparacion para el examen B2 es individual o para dos alumnos. He preparado muchos ex\u00e1menes oficiales de alem\u00e1n Telc y Goethe. Mas abajo puedes leer algunos testimonios de alumnos que han aprobado examenes \u00bfA quien va dirigido el curso? Sofia Rodriguez Granda, examen C1 y titulo medico aprobado: Sofia Rodriguez Granda (Valencia, [&hellip;]<\/p>\n","protected":false},"author":4,"featured_media":16895,"comment_status":"open","ping_status":"open","sticky":false,"template":"","format":"standard","meta":{"footnotes":""},"categories":[2624,13],"tags":[],"class_list":["post-16892","post","type-post","status-publish","format-standard","has-post-thumbnail","hentry","category-cursos-de-aleman","category-gramatica-alemana"],"_links":{"self":[{"href":"https:\/\/profesornativodealeman.com\/clases-aleman\/wp-json\/wp\/v2\/posts\/16892","targetHints":{"allow":["GET"]}}],"collection":[{"href":"https:\/\/profesornativodealeman.com\/clases-aleman\/wp-json\/wp\/v2\/posts"}],"about":[{"href":"https:\/\/profesornativodealeman.com\/clases-aleman\/wp-json\/wp\/v2\/types\/post"}],"author":[{"embeddable":true,"href":"https:\/\/profesornativodealeman.com\/clases-aleman\/wp-json\/wp\/v2\/users\/4"}],"replies":[{"embeddable":true,"href":"https:\/\/profesornativodealeman.com\/clases-aleman\/wp-json\/wp\/v2\/comments?post=16892"}],"version-history":[{"count":0,"href":"https:\/\/profesornativodealeman.com\/clases-aleman\/wp-json\/wp\/v2\/posts\/16892\/revisions"}],"wp:featuredmedia":[{"embeddable":true,"href":"https:\/\/profesornativodealeman.com\/clases-aleman\/wp-json\/wp\/v2\/media\/16895"}],"wp:attachment":[{"href":"https:\/\/profesornativodealeman.com\/clases-aleman\/wp-json\/wp\/v2\/media?parent=16892"}],"wp:term":[{"taxonomy":"category","embeddable":true,"href":"https:\/\/profesornativodealeman.com\/clases-aleman\/wp-json\/wp\/v2\/categories?post=16892"},{"taxonomy":"post_tag","embeddable":true,"href":"https:\/\/profesornativodealeman.com\/clases-aleman\/wp-json\/wp\/v2\/tags?post=16892"}],"curies":[{"name":"wp","href":"https:\/\/api.w.org\/{rel}","templated":true}]}}