{"id":17155,"date":"2025-01-21T08:20:08","date_gmt":"2025-01-21T06:20:08","guid":{"rendered":"https:\/\/profesornativodealeman.com\/clases-aleman\/?p=17155"},"modified":"2025-02-17T19:28:44","modified_gmt":"2025-02-17T17:28:44","slug":"preguntas-frecuentes","status":"publish","type":"post","link":"https:\/\/profesornativodealeman.com\/clases-aleman\/preguntas-frecuentes\/","title":{"rendered":"Preguntas frecuentes"},"content":{"rendered":"\t\t<div data-elementor-type=\"wp-post\" data-elementor-id=\"17155\" class=\"elementor elementor-17155\" data-elementor-post-type=\"post\">\n\t\t\t\t\t\t<section class=\"elementor-section elementor-top-section elementor-element elementor-element-50e02113 elementor-section-boxed elementor-section-height-default elementor-section-height-default\" data-id=\"50e02113\" data-element_type=\"section\" data-e-type=\"section\">\n\t\t\t\t\t\t<div class=\"elementor-container elementor-column-gap-default\">\n\t\t\t\t\t<div class=\"elementor-column elementor-col-100 elementor-top-column elementor-element elementor-element-5483a269\" data-id=\"5483a269\" data-element_type=\"column\" data-e-type=\"column\">\n\t\t\t<div class=\"elementor-widget-wrap elementor-element-populated\">\n\t\t\t\t\t\t<div class=\"elementor-element elementor-element-2e7e0704 elementor-widget elementor-widget-text-editor\" data-id=\"2e7e0704\" data-element_type=\"widget\" data-e-type=\"widget\" data-widget_type=\"text-editor.default\">\n\t\t\t\t<div class=\"elementor-widget-container\">\n\t\t\t\t\t\t\t\t\t<ol class=\"wp-block-list\">\n<li style=\"list-style-type: none;\">\n<ol class=\"wp-block-list\"><\/ol>\n<\/li>\n<\/ol>\n<div id=\"ez-toc-container\" class=\"ez-toc-v2_0_82_2 counter-flat ez-toc-counter ez-toc-custom ez-toc-container-direction\">\n<div class=\"ez-toc-title-container\">\n<p class=\"ez-toc-title\" style=\"cursor:inherit\">Tabla de contenidos. Haciendo clic llega a la informaci\u00f3n.<\/p>\n<span class=\"ez-toc-title-toggle\"><a href=\"#\" class=\"ez-toc-pull-right ez-toc-btn ez-toc-btn-xs ez-toc-btn-default ez-toc-toggle\" aria-label=\"Alternar tabla de contenidos\"><span class=\"ez-toc-js-icon-con\"><span class=\"\"><span class=\"eztoc-hide\" style=\"display:none;\">Toggle<\/span><span class=\"ez-toc-icon-toggle-span\"><svg style=\"fill: #1e73be;color:#1e73be\" xmlns=\"http:\/\/www.w3.org\/2000\/svg\" class=\"list-377408\" width=\"20px\" height=\"20px\" viewBox=\"0 0 24 24\" fill=\"none\"><path d=\"M6 6H4v2h2V6zm14 0H8v2h12V6zM4 11h2v2H4v-2zm16 0H8v2h12v-2zM4 16h2v2H4v-2zm16 0H8v2h12v-2z\" fill=\"currentColor\"><\/path><\/svg><svg style=\"fill: #1e73be;color:#1e73be\" class=\"arrow-unsorted-368013\" xmlns=\"http:\/\/www.w3.org\/2000\/svg\" width=\"10px\" height=\"10px\" viewBox=\"0 0 24 24\" version=\"1.2\" baseProfile=\"tiny\"><path d=\"M18.2 9.3l-6.2-6.3-6.2 6.3c-.2.2-.3.4-.3.7s.1.5.3.7c.2.2.4.3.7.3h11c.3 0 .5-.1.7-.3.2-.2.3-.5.3-.7s-.1-.5-.3-.7zM5.8 14.7l6.2 6.3 6.2-6.3c.2-.2.3-.5.3-.7s-.1-.5-.3-.7c-.2-.2-.4-.3-.7-.3h-11c-.3 0-.5.1-.7.3-.2.2-.3.5-.3.7s.1.5.3.7z\"\/><\/svg><\/span><\/span><\/span><\/a><\/span><\/div>\n<nav><ul class='ez-toc-list ez-toc-list-level-1 ' ><li class='ez-toc-page-1'><a class=\"ez-toc-link ez-toc-heading-1\" href=\"https:\/\/profesornativodealeman.com\/clases-aleman\/preguntas-frecuentes\/#%C2%BFCuanto_tiempo_se_tarda_en_aprender_aleman\" >\u00bfCu\u00e1nto tiempo se tarda en aprender alem\u00e1n?<\/a><\/li><li class='ez-toc-page-1'><a class=\"ez-toc-link ez-toc-heading-2\" href=\"https:\/\/profesornativodealeman.com\/clases-aleman\/preguntas-frecuentes\/#Como_estimacion_aproximada\" >Como estimaci\u00f3n aproximada:<\/a><\/li><li class='ez-toc-page-1'><a class=\"ez-toc-link ez-toc-heading-3\" href=\"https:\/\/profesornativodealeman.com\/clases-aleman\/preguntas-frecuentes\/#%C2%BFQue_metodologias_se_aplican\" >\u00bfQu\u00e9 metodolog\u00edas se aplican?<\/a><\/li><li class='ez-toc-page-1'><a class=\"ez-toc-link ez-toc-heading-4\" href=\"https:\/\/profesornativodealeman.com\/clases-aleman\/preguntas-frecuentes\/#%C2%BFDonde_se_imparten_las_clases\" >\u00bfD\u00f3nde se imparten las clases?<\/a><\/li><li class='ez-toc-page-1'><a class=\"ez-toc-link ez-toc-heading-5\" href=\"https:\/\/profesornativodealeman.com\/clases-aleman\/preguntas-frecuentes\/#%C2%BFHay_algun_tipo_de_apoyo_fuera_del_horario_de_la_clase\" >\u00bfHay alg\u00fan tipo de apoyo fuera del horario de la clase?<\/a><\/li><li class='ez-toc-page-1'><a class=\"ez-toc-link ez-toc-heading-6\" href=\"https:\/\/profesornativodealeman.com\/clases-aleman\/preguntas-frecuentes\/#%C2%BFEl_material_esta_incluido_en_el_precio\" >\u00bfEl material est\u00e1 incluido en el precio?<\/a><\/li><li class='ez-toc-page-1'><a class=\"ez-toc-link ez-toc-heading-7\" href=\"https:\/\/profesornativodealeman.com\/clases-aleman\/preguntas-frecuentes\/#Horarios_de_las_clases\" >Horarios de las clases<\/a><\/li><li class='ez-toc-page-1'><a class=\"ez-toc-link ez-toc-heading-8\" href=\"https:\/\/profesornativodealeman.com\/clases-aleman\/preguntas-frecuentes\/#Programa_de_las_clases\" >Programa de las clases:<\/a><\/li><\/ul><\/nav><\/div>\n<h3><span class=\"ez-toc-section\" id=\"%C2%BFCuanto_tiempo_se_tarda_en_aprender_aleman\"><\/span><strong>\u00bfCu\u00e1nto tiempo se tarda en aprender alem\u00e1n?<\/strong><span class=\"ez-toc-section-end\"><\/span><\/h3>\n<p><\/p>\n<p><!-- \/wp:list --><!-- wp:paragraph --><\/p>\n<p>Cuando el puzzle encaja casi a la perfecci\u00f3n, se puede aprender muy r\u00e1pido alem\u00e1n, si el alumno cuenta con el apoyo adecuado.<br>Aqu\u00ed puedes leer la historia de una alumna que, en un solo a\u00f1o, consigui\u00f3 un nivel C1 real (4-5 veces m\u00e1s r\u00e1pido de lo que se suele estimar para llegar a este nivel), con solo 3 clases de 90 minutos por semana. Ha ahorrado mucho tiempo y dinero en conseguir sus objetivos:<br><a href=\"https:\/\/profesornativodealeman.com\/clases-aleman\/de-cero-a-c1-de-aleman-en-tiempo-record-la-historia-de-mi-alumna-gloria\/\">https:\/\/profesornativodealeman.com\/clases-aleman\/de-cero-a-c1-de-aleman-en-tiempo-record-la-historia-de-mi-alumna-gloria\/<\/a><\/p>\n<p><!-- \/wp:paragraph --><!-- wp:paragraph --><\/p>\n<p>La velocidad del aprendizaje depende de varios factores. Los factores principales son:<\/p>\n<p><!-- \/wp:paragraph --><!-- wp:list --><\/p>\n<ul class=\"wp-block-list\">\n<li style=\"list-style-type: none;\">\n<ul class=\"wp-block-list\"><!-- wp:list-item --><\/ul>\n<\/li>\n<\/ul>\n<ul class=\"wp-block-list\">\n<li style=\"list-style-type: none;\">\n<ul class=\"wp-block-list\">\n<li>Una buena calidad de la ense\u00f1anza.<\/li>\n<\/ul>\n<\/li>\n<\/ul>\n<p><!-- \/wp:list-item --><!-- wp:list-item --><\/p>\n<ul class=\"wp-block-list\">\n<li style=\"list-style-type: none;\">\n<ul class=\"wp-block-list\">\n<li>Las circunstancias personales del alumno, que juegan un papel muy importante en la velocidad del aprendizaje.<\/li>\n<\/ul>\n<\/li>\n<\/ul>\n<p><!-- \/wp:list-item --><\/p>\n<p><!-- \/wp:list --><!-- wp:paragraph --><\/p>\n<p>Hoy en d\u00eda, en la mayor\u00eda de los centros de formaci\u00f3n, academias o profesores no se tienen en cuenta estos factores. Venden su programa \u201cconsiga un B1 en X tiempo\u201d y, cuando el alumno no consigue los objetivos, la respuesta siempre suele ser la misma: \u201cTienes que estudiar m\u00e1s\u201d.<br>A una persona que tiene p\u00e1nico a los ex\u00e1menes, por mucho que se le diga \u201cestudia m\u00e1s\u201d, no va a mejorar si no se trata la ra\u00edz del problema.<\/p>\n<p><!-- \/wp:paragraph --><!-- wp:paragraph --><\/p>\n<p>En una ense\u00f1anza moderna, el profesor tiene que combinar sus capacidades de ense\u00f1anza con las cualidades de un coach o de un entrenador personal para aprender alem\u00e1n. Adem\u00e1s, tiene que estar en un continuo proceso de actualizaci\u00f3n y formaci\u00f3n.<\/p>\n<p><!-- \/wp:paragraph --><!-- wp:paragraph --><\/p>\n<p>El aprendizaje es una tarea altamente individual. Ning\u00fan profesor tiene una varita m\u00e1gica, pero un buen profesor facilita mucho el camino. Si inviertes menos tiempo al d\u00eda en tu aprendizaje, vas a necesitar m\u00e1s tiempo para conseguir los objetivos.<\/p>\n<p><!-- \/wp:paragraph --><!-- wp:paragraph --><\/p>\n<p><strong>Factores negativos:<\/strong><\/p>\n<p><!-- \/wp:paragraph --><!-- wp:list --><\/p>\n<ul class=\"wp-block-list\">\n<li style=\"list-style-type: none;\">\n<ul class=\"wp-block-list\"><!-- wp:list-item --><\/ul>\n<\/li>\n<\/ul>\n<ul class=\"wp-block-list\">\n<li style=\"list-style-type: none;\">\n<ul class=\"wp-block-list\">\n<li>El estr\u00e9s.<\/li>\n<\/ul>\n<\/li>\n<\/ul>\n<p><!-- \/wp:list-item --><!-- wp:list-item --><\/p>\n<ul class=\"wp-block-list\">\n<li style=\"list-style-type: none;\">\n<ul class=\"wp-block-list\">\n<li>Perfeccionismo.<\/li>\n<\/ul>\n<\/li>\n<\/ul>\n<p><!-- \/wp:list-item --><!-- wp:list-item --><\/p>\n<ul class=\"wp-block-list\">\n<li style=\"list-style-type: none;\">\n<ul class=\"wp-block-list\">\n<li>Nerviosismo para hablar.<\/li>\n<\/ul>\n<\/li>\n<\/ul>\n<p><!-- \/wp:list-item --><!-- wp:list-item --><\/p>\n<ul class=\"wp-block-list\">\n<li style=\"list-style-type: none;\">\n<ul class=\"wp-block-list\">\n<li>Malas experiencias en el pasado con profesores o academias (muchas veces me toca \u201creparar\u201d el da\u00f1o que han causado otros).<\/li>\n<\/ul>\n<\/li>\n<\/ul>\n<p><!-- \/wp:list-item --><!-- wp:list-item --><\/p>\n<ul class=\"wp-block-list\">\n<li style=\"list-style-type: none;\">\n<ul class=\"wp-block-list\">\n<li>Analizar demasiado la gram\u00e1tica. La gram\u00e1tica es importante, eso quiero dejarlo claro, pero cuando se \u201cremueve\u201d demasiado en los temas gramaticales, el alumno no avanza. Es importante ampliar vocabulario.<br>Una conversaci\u00f3n no se acaba por fallos en la gram\u00e1tica, por declinar mal o por colocar mal el verbo, sino por falta de vocabulario. Sin vocabulario no es posible mantener una conversaci\u00f3n.<\/li>\n<\/ul>\n<\/li>\n<\/ul>\n<p><!-- \/wp:list-item --><!-- wp:list-item --><\/p>\n<ul class=\"wp-block-list\">\n<li style=\"list-style-type: none;\">\n<ul class=\"wp-block-list\">\n<li>P\u00e1nico a los ex\u00e1menes.<\/li>\n<\/ul>\n<\/li>\n<\/ul>\n<p><!-- \/wp:list-item --><\/p>\n<p><!-- \/wp:list --><!-- wp:paragraph --><\/p>\n<h4><span class=\"ez-toc-section\" id=\"Como_estimacion_aproximada\"><\/span><strong>Como estimaci\u00f3n aproximada:<\/strong><span class=\"ez-toc-section-end\"><\/span><\/h4>\n<p>En un contexto de aprendizaje muy favorable, el alumno puede conseguir un nivel B1 real en aproximadamente 3-4 meses o incluso m\u00e1s r\u00e1pido. Para conseguir este objetivo, aparte de las clases, tiene que invertir 4-5 horas al d\u00eda en el aprendizaje del alem\u00e1n.<\/p>\n<h5><span class=\"ez-toc-section\" id=\"%C2%BFQue_metodologias_se_aplican\"><\/span><strong style=\"background-color: transparent; color: var( --e-global-color-text ); font-family: var( --e-global-typography-text-font-family ), Sans-serif;\">\u00bfQu\u00e9 metodolog\u00edas se aplican?<\/strong><span class=\"ez-toc-section-end\"><\/span><\/h5>\n<p>En las clases individuales, las sesiones est\u00e1n 100% individualizadas y adaptadas a las necesidades del alumno, mientras que las clases grupales est\u00e1n enfocadas en un objetivo com\u00fan.<br>La clave en las clases individuales es adaptar la metodolog\u00eda a la situaci\u00f3n de cada alumn@.<br>\u00bfQu\u00e9 pueden tener un jubilado, una mam\u00e1 de un beb\u00e9 peque\u00f1o y un CEO en com\u00fan?<br>Los tres quieren aprender alem\u00e1n, pero cada uno en una circunstancia y situaci\u00f3n diferente.<\/p>\n<p><!-- \/wp:list-item --><!-- wp:list-item --><\/p>\n<h5><span class=\"ez-toc-section\" id=\"%C2%BFDonde_se_imparten_las_clases\"><\/span><strong>\u00bfD\u00f3nde se imparten las clases?<\/strong><span class=\"ez-toc-section-end\"><\/span><\/h5>\n<p>Las clases se imparten v\u00eda Zoom, Google Hangouts, Zoom o en el domicilio del alumno.<\/p>\n<p><!-- \/wp:list-item --><!-- wp:list-item --><\/p>\n<h5><span class=\"ez-toc-section\" id=\"%C2%BFHay_algun_tipo_de_apoyo_fuera_del_horario_de_la_clase\"><\/span><strong>\u00bfHay alg\u00fan tipo de apoyo fuera del horario de la clase?<\/strong><span class=\"ez-toc-section-end\"><\/span><\/h5>\n<p>S\u00ed, en las clases individuales el alumno recibe un apoyo 100% personalizado fuera del horario de la clase, para que pueda progresar m\u00e1s r\u00e1pido con el aprendizaje.<br>Esto es una ventaja que pocos profesores o academias ofrecen, ya que, en muchas ocasiones, cobran el apoyo fuera del horario de la clase aparte.<\/p>\n<p><!-- \/wp:list-item --><!-- wp:list-item --><\/p>\n<h5><span class=\"ez-toc-section\" id=\"%C2%BFEl_material_esta_incluido_en_el_precio\"><\/span><strong>\u00bfEl material est\u00e1 incluido en el precio?<\/strong><span class=\"ez-toc-section-end\"><\/span><\/h5>\n<p>S\u00ed, todos los materiales est\u00e1n incluidos en el precio, aunque es recomendable que el alumno tenga f\u00edsicamente el libro del curso.<\/p>\n<p><!-- \/wp:list-item --><!-- wp:list-item --><\/p>\n<h5><span class=\"ez-toc-section\" id=\"Horarios_de_las_clases\"><\/span><strong>Horarios de las clases<\/strong><span class=\"ez-toc-section-end\"><\/span><\/h5>\n<p>Se imparten clases de lunes a viernes entre las 8:00 y las 21:00 horas.<br>S\u00e1bados desde las 8:00 hasta las 12:30 horas.<br>Domingos desde las 9:00 hasta las 21:15 horas.<\/p>\n<p><!-- \/wp:list-item --><!-- wp:list-item --><\/p>\n<h5><span class=\"ez-toc-section\" id=\"Programa_de_las_clases\"><\/span><strong>Programa de las clases:<\/strong><span class=\"ez-toc-section-end\"><\/span><\/h5>\n<p><!-- \/wp:list-item --><\/p>\n<p><!-- \/wp:list --><!-- wp:list --><\/p>\n<ul class=\"wp-block-list\">\n<li style=\"list-style-type: none;\">\n<ul class=\"wp-block-list\"><!-- wp:list-item --><\/ul>\n<\/li>\n<\/ul>\n<ul class=\"wp-block-list\">\n<li style=\"list-style-type: none;\">\n<ul class=\"wp-block-list\">\n<li>No se paga matr\u00edcula.<\/li>\n<\/ul>\n<\/li>\n<\/ul>\n<p><!-- \/wp:list-item --><!-- wp:list-item --><\/p>\n<ul class=\"wp-block-list\">\n<li style=\"list-style-type: none;\">\n<ul class=\"wp-block-list\">\n<li>Incluye el material de aprendizaje.<\/li>\n<\/ul>\n<\/li>\n<\/ul>\n<p><!-- \/wp:list-item --><!-- wp:list-item --><\/p>\n<ul class=\"wp-block-list\">\n<li style=\"list-style-type: none;\">\n<ul class=\"wp-block-list\">\n<li>Las dudas que tengas durante el curso te las puedo explicar en castellano para que todos los temas queden muy claros.<\/li>\n<\/ul>\n<\/li>\n<\/ul>\n<p><!-- \/wp:list-item --><!-- wp:list-item --><\/p>\n<ul class=\"wp-block-list\">\n<li style=\"list-style-type: none;\">\n<ul class=\"wp-block-list\">\n<li>Acceso a un disco duro virtual con libros de lectura, gram\u00e1tica y audios.<\/li>\n<\/ul>\n<\/li>\n<\/ul>\n<p><!-- \/wp:list-item --><!-- wp:list-item --><\/p>\n<ul class=\"wp-block-list\">\n<li style=\"list-style-type: none;\">\n<ul class=\"wp-block-list\">\n<li>Plan de aprendizaje para ayudarte a organizarte y aprender m\u00e1s eficazmente fuera del horario de la clase.<\/li>\n<\/ul>\n<\/li>\n<\/ul>\n<p><!-- \/wp:list-item --><!-- wp:list-item --><\/p>\n<ul class=\"wp-block-list\">\n<li style=\"list-style-type: none;\">\n<ul class=\"wp-block-list\">\n<li>En mis clases los alumnos progresan m\u00e1s r\u00e1pido que en los cursos tradicionales.<\/li>\n<\/ul>\n<\/li>\n<\/ul>\n<p><!-- \/wp:list-item --><!-- wp:list-item --><\/p>\n<ul class=\"wp-block-list\">\n<li>No perdemos tiempo en estudiar gram\u00e1tica y vocabulario innecesarios. En los cursos tradicionales dedican mucho tiempo a temas que no son necesarios para el d\u00eda a d\u00eda en un pa\u00eds de habla alemana. Nos centramos en lo importante.<br>Aqu\u00ed puedes consultar m\u00e1s de 50 opiniones de alumnos que han estudiado alem\u00e1n conmigo:<br><a href=\"https:\/\/profesornativodealeman.com\/clases-aleman\/opiniones-de-los-alumnos\/\">https:\/\/profesornativodealeman.com\/clases-aleman\/opiniones-de-los-alumnos\/<\/a><\/li>\n<\/ul>\n<div>&nbsp;<\/div>\n<p><!-- \/wp:list-item --><\/p>\n<p><!-- \/wp:list --><!-- wp:paragraph --><\/p>\n<p>\u00bf<strong>Deseas&nbsp;avanzar<span style=\"color: #ff0000;\">&nbsp;en<\/span><\/strong><span style=\"color: #ff0000;\">&nbsp;<\/span><strong><span style=\"color: #ff0000;\">tu aprendizaje <\/span><span style=\"color: #ffcc00;\">del&nbsp;alem\u00e1n<\/span><span style=\"color: #ffcc00;\">?<\/span><\/strong><\/p>\n<p><!-- \/wp:paragraph --><!-- wp:paragraph --><\/p>\n<p>\u00a1Te ayudar\u00e9 a alcanzar tus metas!<strong>&nbsp;<\/strong><\/p>\n<p><!-- \/wp:paragraph --><!-- wp:paragraph --><\/p>\n<p>Haz clic en la imagen para obtener m\u00e1s informaci\u00f3n<\/p>\n<p><!-- \/wp:paragraph --><!-- wp:image {\"id\":15628,\"linkDestination\":\"custom\",\"align\":\"center\"} --><\/p>\n<figure class=\"wp-block-image aligncenter\"><a href=\"https:\/\/profesornativodealeman.com\/clases-aleman\/precios\/\"><img fetchpriority=\"high\" decoding=\"async\" width=\"1000\" height=\"686\" class=\"wp-image-15628\" title=\"Nueva rese\u00f1a sobre las clases con el profesor Tobias Woelke 1 https:\/\/profesornativodealeman.com\/clases-aleman\/wp-content\/uploads\/2023\/08\/7974325.jpg\" src=\"https:\/\/profesornativodealeman.com\/clases-aleman\/wp-content\/uploads\/2023\/08\/background-couple-hike-hiking-team-1-1.jpg\" alt=\"background couple hike hiking team 1 1\" srcset=\"https:\/\/profesornativodealeman.com\/clases-aleman\/wp-content\/uploads\/2023\/08\/background-couple-hike-hiking-team-1-1.jpg 1000w, https:\/\/profesornativodealeman.com\/clases-aleman\/wp-content\/uploads\/2023\/08\/background-couple-hike-hiking-team-1-1-768x527.jpg 768w, https:\/\/profesornativodealeman.com\/clases-aleman\/wp-content\/uploads\/2023\/08\/background-couple-hike-hiking-team-1-1-980x672.jpg 980w, https:\/\/profesornativodealeman.com\/clases-aleman\/wp-content\/uploads\/2023\/08\/background-couple-hike-hiking-team-1-1-480x329.jpg 480w, https:\/\/profesornativodealeman.com\/clases-aleman\/wp-content\/uploads\/2023\/08\/background-couple-hike-hiking-team-1-1-150x103.jpg 150w\" sizes=\"(max-width: 1000px) 100vw, 1000px\" \/><\/a><\/figure>\n<p><!-- \/wp:image --><\/p>\t\t\t\t\t\t\t\t<\/div>\n\t\t\t\t<\/div>\n\t\t\t\t\t<\/div>\n\t\t<\/div>\n\t\t\t\t\t<\/div>\n\t\t<\/section>\n\t\t\t\t<\/div>\n\t\t","protected":false},"excerpt":{"rendered":"<p>Cuando el puzzle encaja casi a la perfecci\u00f3n, se puede aprender muy r\u00e1pido alem\u00e1n, si el alumno cuenta con el apoyo adecuado.Aqu\u00ed puedes leer la historia de una alumna que, en un solo a\u00f1o, consigui\u00f3 un nivel C1 real (4-5 veces m\u00e1s r\u00e1pido de lo que se suele estimar para llegar a este nivel), con [&hellip;]<\/p>\n","protected":false},"author":4,"featured_media":17158,"comment_status":"open","ping_status":"open","sticky":false,"template":"","format":"standard","meta":{"footnotes":""},"categories":[2624,13],"tags":[],"class_list":["post-17155","post","type-post","status-publish","format-standard","has-post-thumbnail","hentry","category-cursos-de-aleman","category-gramatica-alemana"],"_links":{"self":[{"href":"https:\/\/profesornativodealeman.com\/clases-aleman\/wp-json\/wp\/v2\/posts\/17155","targetHints":{"allow":["GET"]}}],"collection":[{"href":"https:\/\/profesornativodealeman.com\/clases-aleman\/wp-json\/wp\/v2\/posts"}],"about":[{"href":"https:\/\/profesornativodealeman.com\/clases-aleman\/wp-json\/wp\/v2\/types\/post"}],"author":[{"embeddable":true,"href":"https:\/\/profesornativodealeman.com\/clases-aleman\/wp-json\/wp\/v2\/users\/4"}],"replies":[{"embeddable":true,"href":"https:\/\/profesornativodealeman.com\/clases-aleman\/wp-json\/wp\/v2\/comments?post=17155"}],"version-history":[{"count":0,"href":"https:\/\/profesornativodealeman.com\/clases-aleman\/wp-json\/wp\/v2\/posts\/17155\/revisions"}],"wp:featuredmedia":[{"embeddable":true,"href":"https:\/\/profesornativodealeman.com\/clases-aleman\/wp-json\/wp\/v2\/media\/17158"}],"wp:attachment":[{"href":"https:\/\/profesornativodealeman.com\/clases-aleman\/wp-json\/wp\/v2\/media?parent=17155"}],"wp:term":[{"taxonomy":"category","embeddable":true,"href":"https:\/\/profesornativodealeman.com\/clases-aleman\/wp-json\/wp\/v2\/categories?post=17155"},{"taxonomy":"post_tag","embeddable":true,"href":"https:\/\/profesornativodealeman.com\/clases-aleman\/wp-json\/wp\/v2\/tags?post=17155"}],"curies":[{"name":"wp","href":"https:\/\/api.w.org\/{rel}","templated":true}]}}