{"id":17673,"date":"2025-03-10T17:00:30","date_gmt":"2025-03-10T15:00:30","guid":{"rendered":"https:\/\/profesornativodealeman.com\/clases-aleman\/?p=17673"},"modified":"2025-09-17T19:18:51","modified_gmt":"2025-09-17T17:18:51","slug":"vocabulario-medicos-sala-de-operacion","status":"publish","type":"post","link":"https:\/\/profesornativodealeman.com\/clases-aleman\/vocabulario-medicos-sala-de-operacion\/","title":{"rendered":"Vocabulario medicos. Sala de operacion"},"content":{"rendered":"\t\t<div data-elementor-type=\"wp-post\" data-elementor-id=\"17673\" class=\"elementor elementor-17673\" data-elementor-post-type=\"post\">\n\t\t\t\t<div class=\"elementor-element elementor-element-3ca036cd e-flex e-con-boxed e-con e-parent\" data-id=\"3ca036cd\" data-element_type=\"container\" data-e-type=\"container\">\n\t\t\t\t\t<div class=\"e-con-inner\">\n\t\t\t\t<div class=\"elementor-element elementor-element-a580542 elementor-widget elementor-widget-heading\" data-id=\"a580542\" data-element_type=\"widget\" data-e-type=\"widget\" data-widget_type=\"heading.default\">\n\t\t\t\t<div class=\"elementor-widget-container\">\n\t\t\t\t\t<div id=\"ez-toc-container\" class=\"ez-toc-v2_0_82_2 counter-flat ez-toc-counter ez-toc-custom ez-toc-container-direction\">\n<div class=\"ez-toc-title-container\">\n<p class=\"ez-toc-title\" style=\"cursor:inherit\">Tabla de contenidos. Haciendo clic llega a la informaci\u00f3n.<\/p>\n<span class=\"ez-toc-title-toggle\"><a href=\"#\" class=\"ez-toc-pull-right ez-toc-btn ez-toc-btn-xs ez-toc-btn-default ez-toc-toggle\" aria-label=\"Alternar tabla de contenidos\"><span class=\"ez-toc-js-icon-con\"><span class=\"\"><span class=\"eztoc-hide\" style=\"display:none;\">Toggle<\/span><span class=\"ez-toc-icon-toggle-span\"><svg style=\"fill: #1e73be;color:#1e73be\" xmlns=\"http:\/\/www.w3.org\/2000\/svg\" class=\"list-377408\" width=\"20px\" height=\"20px\" viewBox=\"0 0 24 24\" fill=\"none\"><path d=\"M6 6H4v2h2V6zm14 0H8v2h12V6zM4 11h2v2H4v-2zm16 0H8v2h12v-2zM4 16h2v2H4v-2zm16 0H8v2h12v-2z\" fill=\"currentColor\"><\/path><\/svg><svg style=\"fill: #1e73be;color:#1e73be\" class=\"arrow-unsorted-368013\" xmlns=\"http:\/\/www.w3.org\/2000\/svg\" width=\"10px\" height=\"10px\" viewBox=\"0 0 24 24\" version=\"1.2\" baseProfile=\"tiny\"><path d=\"M18.2 9.3l-6.2-6.3-6.2 6.3c-.2.2-.3.4-.3.7s.1.5.3.7c.2.2.4.3.7.3h11c.3 0 .5-.1.7-.3.2-.2.3-.5.3-.7s-.1-.5-.3-.7zM5.8 14.7l6.2 6.3 6.2-6.3c.2-.2.3-.5.3-.7s-.1-.5-.3-.7c-.2-.2-.4-.3-.7-.3h-11c-.3 0-.5.1-.7.3-.2.2-.3.5-.3.7s.1.5.3.7z\"\/><\/svg><\/span><\/span><\/span><\/a><\/span><\/div>\n<nav><ul class='ez-toc-list ez-toc-list-level-1 ' ><li class='ez-toc-page-1'><a class=\"ez-toc-link ez-toc-heading-1\" href=\"https:\/\/profesornativodealeman.com\/clases-aleman\/vocabulario-medicos-sala-de-operacion\/#%C2%BFTe_gustaria_aprender_aleman_de_una_manera_efectiva_y_adaptada_a_tus_necesidades\" >\u00bfTe gustar\u00eda aprender alem\u00e1n de una manera efectiva y adaptada a tus necesidades?<\/a><\/li><li class='ez-toc-page-1'><a class=\"ez-toc-link ez-toc-heading-2\" href=\"https:\/\/profesornativodealeman.com\/clases-aleman\/vocabulario-medicos-sala-de-operacion\/#Algunos_testimonios_de_mis_estudiantes\" >Algunos testimonios de mis estudiantes<\/a><\/li><li class='ez-toc-page-1'><a class=\"ez-toc-link ez-toc-heading-3\" href=\"https:\/\/profesornativodealeman.com\/clases-aleman\/vocabulario-medicos-sala-de-operacion\/#Vocabulario\" >Vocabulario<\/a><\/li><li class='ez-toc-page-1'><a class=\"ez-toc-link ez-toc-heading-4\" href=\"https:\/\/profesornativodealeman.com\/clases-aleman\/vocabulario-medicos-sala-de-operacion\/#%C2%BFPor_que_mis_estudiantes_logran_aprender_aleman_con_exito\" >\u00bfPor qu\u00e9 mis estudiantes logran aprender alem\u00e1n con exito?<\/a><\/li><\/ul><\/nav><\/div>\n<h3 class=\"elementor-heading-title elementor-size-default\"><span class=\"ez-toc-section\" id=\"%C2%BFTe_gustaria_aprender_aleman_de_una_manera_efectiva_y_adaptada_a_tus_necesidades\"><\/span>\u00bfTe gustar\u00eda aprender alem\u00e1n de una manera efectiva y adaptada a tus necesidades?<span class=\"ez-toc-section-end\"><\/span><\/h3>\t\t\t\t<\/div>\n\t\t\t\t<\/div>\n\t\t\t\t<div class=\"elementor-element elementor-element-5bcfcdf elementor-widget elementor-widget-text-editor\" data-id=\"5bcfcdf\" data-element_type=\"widget\" data-e-type=\"widget\" data-widget_type=\"text-editor.default\">\n\t\t\t\t<div class=\"elementor-widget-container\">\n\t\t\t\t\t\t\t\t\t<p>Para aprender alem\u00e1n de manera r\u00e1pida y eficaz, no basta solo con dominar la gram\u00e1tica, el vocabulario, entender el idioma y saber expresarse con fluidez. Este proceso es mucho m\u00e1s complejo y requiere de todo el apoyo que el profesor pueda dar al alumn@.<\/p><p>Mi p\u00e1gina est\u00e1 entre las mejor posicionadas en los buscadores con cientos de t\u00e9rminos de busqueda y una de las mejor valoradas por los estudiantes. Esto significa que muchas personas conf\u00edan en mi m\u00e9todo para aprender alem\u00e1n.<\/p>\t\t\t\t\t\t\t\t<\/div>\n\t\t\t\t<\/div>\n\t\t\t\t<div class=\"elementor-element elementor-element-f77d44a elementor-widget elementor-widget-heading\" data-id=\"f77d44a\" data-element_type=\"widget\" data-e-type=\"widget\" data-widget_type=\"heading.default\">\n\t\t\t\t<div class=\"elementor-widget-container\">\n\t\t\t\t\t<h3 class=\"elementor-heading-title elementor-size-default\"><span class=\"ez-toc-section\" id=\"Algunos_testimonios_de_mis_estudiantes\"><\/span>Algunos testimonios de mis estudiantes<span class=\"ez-toc-section-end\"><\/span><\/h3>\t\t\t\t<\/div>\n\t\t\t\t<\/div>\n\t\t\t\t<div class=\"elementor-element elementor-element-7b7c548 elementor-testimonial--skin-default elementor-testimonial--layout-image_inline elementor-testimonial--align-center elementor-arrows-yes elementor-pagination-type-bullets elementor-widget elementor-widget-testimonial-carousel\" data-id=\"7b7c548\" data-element_type=\"widget\" data-e-type=\"widget\" data-settings=\"{&quot;show_arrows&quot;:&quot;yes&quot;,&quot;pagination&quot;:&quot;bullets&quot;,&quot;speed&quot;:500,&quot;autoplay&quot;:&quot;yes&quot;,&quot;autoplay_speed&quot;:5000,&quot;loop&quot;:&quot;yes&quot;,&quot;pause_on_hover&quot;:&quot;yes&quot;,&quot;pause_on_interaction&quot;:&quot;yes&quot;,&quot;space_between&quot;:{&quot;unit&quot;:&quot;px&quot;,&quot;size&quot;:10,&quot;sizes&quot;:[]},&quot;space_between_tablet&quot;:{&quot;unit&quot;:&quot;px&quot;,&quot;size&quot;:10,&quot;sizes&quot;:[]},&quot;space_between_mobile&quot;:{&quot;unit&quot;:&quot;px&quot;,&quot;size&quot;:10,&quot;sizes&quot;:[]}}\" data-widget_type=\"testimonial-carousel.default\">\n\t\t\t\t<div class=\"elementor-widget-container\">\n\t\t\t\t\t\t\t\t\t<div class=\"elementor-swiper\">\n\t\t\t\t\t<div class=\"elementor-main-swiper swiper\" role=\"region\" aria-roledescription=\"carousel\" aria-label=\"Diapositivas\">\n\t\t\t\t<div class=\"swiper-wrapper\">\n\t\t\t\t\t\t\t\t\t\t\t<div class=\"swiper-slide\" role=\"group\" aria-roledescription=\"slide\">\n\t\t\t\t\t\t\t\t\t<div class=\"elementor-testimonial\">\n\t\t\t\t\t\t\t<div class=\"elementor-testimonial__content\">\n\t\t\t\t\t<div class=\"elementor-testimonial__text\">\n\t\t\t\t\t\t\"Tras haber probado academias, clases particulares individuales y aprendizaje autodidacta Tob\u00edas fue mi salvaci\u00f3n.Sacarme el C1 se hab\u00eda convertido en una necesidad para homologar el t\u00edtulo de m\u00e9dico en Alemania\"\t\t\t\t\t<\/div>\n\t\t\t\t\t\t\t\t\t<\/div>\n\t\t\t\t\t\t<div class=\"elementor-testimonial__footer\">\n\t\t\t\t\t\t\t\t\t<div class=\"elementor-testimonial__image\">\n\t\t\t\t\t\t<img decoding=\"async\" src=\"https:\/\/profesornativodealeman.com\/clases-aleman\/wp-content\/uploads\/2021\/05\/Sofia-1-1-e1739436405318.jpg\" alt=\"aleman para medicos\" title=\"\">\n\t\t\t\t\t\t\t\t\t\t\t<\/div>\n\t\t\t\t\t\t\t\t<cite class=\"elementor-testimonial__cite\"><span class=\"elementor-testimonial__name\">Sofia Rodriguez Granda <\/span><span class=\"elementor-testimonial__title\">Medico<\/span><\/cite>\t\t\t<\/div>\n\t\t<\/div>\n\t\t\t\t\t\t\t\t<\/div>\n\t\t\t\t\t\t\t\t\t\t\t<div class=\"swiper-slide\" role=\"group\" aria-roledescription=\"slide\">\n\t\t\t\t\t\t\t\t\t<div class=\"elementor-testimonial\">\n\t\t\t\t\t\t\t<div class=\"elementor-testimonial__content\">\n\t\t\t\t\t<div class=\"elementor-testimonial__text\">\n\t\t\t\t\t\t\"Ll\u00e1malo \"coach\", gu\u00eda, mentor o como quieras, pero Tob\u00edas lo es. Y eso marca la diferencia con tantos otros profesores de idiomas que andan por la red vendiendo m\u00e1s humo que eficiencia\"\t\t\t\t\t<\/div>\n\t\t\t\t\t\t\t\t\t<\/div>\n\t\t\t\t\t\t<div class=\"elementor-testimonial__footer\">\n\t\t\t\t\t\t\t\t\t<div class=\"elementor-testimonial__image\">\n\t\t\t\t\t\t<img decoding=\"async\" src=\"https:\/\/profesornativodealeman.com\/clases-aleman\/wp-content\/uploads\/2023\/10\/Luis-reducida_Mesa-de-trabajo-1.png\" alt=\"Luis Carlos Melero\" title=\"\">\n\t\t\t\t\t\t\t\t\t\t\t<\/div>\n\t\t\t\t\t\t\t\t<cite class=\"elementor-testimonial__cite\"><span class=\"elementor-testimonial__name\">Luis Carlos Melero<\/span><span class=\"elementor-testimonial__title\">Consejero de Trabajo, Migraciones y Seguridad Social en la Embajada de Espa\u00f1a en Suiza, Austria y Liechtenstein.<\/span><\/cite>\t\t\t<\/div>\n\t\t<\/div>\n\t\t\t\t\t\t\t\t<\/div>\n\t\t\t\t\t\t\t\t\t\t\t<div class=\"swiper-slide\" role=\"group\" aria-roledescription=\"slide\">\n\t\t\t\t\t\t\t\t\t<div class=\"elementor-testimonial\">\n\t\t\t\t\t\t\t<div class=\"elementor-testimonial__content\">\n\t\t\t\t\t<div class=\"elementor-testimonial__text\">\n\t\t\t\t\t\tEstaba a punto de tirar la toalla hasta que di con la p\u00e1gina web de Tobias y enseguida me transmiti\u00f3 confianza y profesionalidad.\nEn solo 7 meses ( 2 clases de 1 hora por semana) no solo aprob\u00e9 con nota el examen del Telc B2, sino que Tob\u00edas tambi\u00e9n me ayud\u00f3 a comunicarme mejor en mi trabajo, ganando confianza en mi misma y acelerando a pasos agigantados mi adaptaci\u00f3n en Z\u00fcrich.\t\t\t\t\t<\/div>\n\t\t\t\t\t\t\t\t\t<\/div>\n\t\t\t\t\t\t<div class=\"elementor-testimonial__footer\">\n\t\t\t\t\t\t\t\t\t<div class=\"elementor-testimonial__image\">\n\t\t\t\t\t\t<img decoding=\"async\" src=\"https:\/\/profesornativodealeman.com\/clases-aleman\/wp-content\/uploads\/2024\/08\/WhatsApp-Image-2024-08-14-at-18.07.36-1-3-e1739436430506.jpeg\" alt=\"Maria Rivas\" title=\"\">\n\t\t\t\t\t\t\t\t\t\t\t<\/div>\n\t\t\t\t\t\t\t\t<cite class=\"elementor-testimonial__cite\"><span class=\"elementor-testimonial__name\">Maria Rivas<\/span><span class=\"elementor-testimonial__title\">Fisioterapeuta<\/span><\/cite>\t\t\t<\/div>\n\t\t<\/div>\n\t\t\t\t\t\t\t\t<\/div>\n\t\t\t\t\t\t\t\t\t\t\t<div class=\"swiper-slide\" role=\"group\" aria-roledescription=\"slide\">\n\t\t\t\t\t\t\t\t\t<div class=\"elementor-testimonial\">\n\t\t\t\t\t\t\t<div class=\"elementor-testimonial__content\">\n\t\t\t\t\t<div class=\"elementor-testimonial__text\">\n\t\t\t\t\t\t\u201cTob\u00edas es un gran profesor para m\u00ed. Desde que empec\u00e9 a dar clases con \u00e9l, he recuperado la ilusi\u00f3n por el idioma.Estoy realmente contenta de tenerle como profesor. \"\t\t\t\t\t<\/div>\n\t\t\t\t\t\t\t\t\t<\/div>\n\t\t\t\t\t\t<div class=\"elementor-testimonial__footer\">\n\t\t\t\t\t\t\t\t\t<div class=\"elementor-testimonial__image\">\n\t\t\t\t\t\t<img decoding=\"async\" src=\"https:\/\/profesornativodealeman.com\/clases-aleman\/wp-content\/uploads\/2015\/04\/Foto-Montserrat-Egea-Tapetado-e1652798167788.jpg\" alt=\"Montserrat Egea\" title=\"\">\n\t\t\t\t\t\t\t\t\t\t\t<\/div>\n\t\t\t\t\t\t\t\t<cite class=\"elementor-testimonial__cite\"><span class=\"elementor-testimonial__name\">Montserrat Egea<\/span><span class=\"elementor-testimonial__title\">Musico<\/span><\/cite>\t\t\t<\/div>\n\t\t<\/div>\n\t\t\t\t\t\t\t\t<\/div>\n\t\t\t\t\t\t\t\t\t<\/div>\n\t\t\t\t\t\t\t\t\t\t\t\t\t\t\t<div class=\"elementor-swiper-button elementor-swiper-button-prev\" role=\"button\" tabindex=\"0\" aria-label=\"Anterior\">\n\t\t\t\t\t\t\t<i aria-hidden=\"true\" class=\"eicon-chevron-left\"><\/i>\t\t\t\t\t\t<\/div>\n\t\t\t\t\t\t<div class=\"elementor-swiper-button elementor-swiper-button-next\" role=\"button\" tabindex=\"0\" aria-label=\"Siguiente\">\n\t\t\t\t\t\t\t<i aria-hidden=\"true\" class=\"eicon-chevron-right\"><\/i>\t\t\t\t\t\t<\/div>\n\t\t\t\t\t\t\t\t\t\t\t\t\t\t\t\t<div class=\"swiper-pagination\"><\/div>\n\t\t\t\t\t\t\t\t\t\t\t\t<\/div>\n\t\t\t\t<\/div>\n\t\t\t\t\t\t\t\t<\/div>\n\t\t\t\t<\/div>\n\t\t\t\t<div class=\"elementor-element elementor-element-ea7805b elementor-widget elementor-widget-heading\" data-id=\"ea7805b\" data-element_type=\"widget\" data-e-type=\"widget\" data-widget_type=\"heading.default\">\n\t\t\t\t<div class=\"elementor-widget-container\">\n\t\t\t\t\t<h3 class=\"elementor-heading-title elementor-size-default\"><span class=\"ez-toc-section\" id=\"Vocabulario\"><\/span>Vocabulario<span class=\"ez-toc-section-end\"><\/span><\/h3>\t\t\t\t<\/div>\n\t\t\t\t<\/div>\n\t\t\t\t<div class=\"elementor-element elementor-element-1975a38a elementor-widget elementor-widget-text-editor\" data-id=\"1975a38a\" data-element_type=\"widget\" data-e-type=\"widget\" data-widget_type=\"text-editor.default\">\n\t\t\t\t<div class=\"elementor-widget-container\">\n\t\t\t\t\t\t\t\t\t<table dir=\"ltr\" border=\"1\" cellspacing=\"0\" cellpadding=\"0\" data-sheets-root=\"1\" data-sheets-baot=\"1\"><colgroup><col width=\"211\" \/><col width=\"278\" \/><\/colgroup><tbody><tr><td><strong>Alem\u00e1n<\/strong><\/td><td><strong>Espa\u00f1ol<\/strong><\/td><\/tr><tr><td>der Chirurg<\/td><td>el cirujano<\/td><\/tr><tr><td>die Chirurgin<\/td><td>la cirujana<\/td><\/tr><tr><td>der An\u00e4sthesist<\/td><td>el anestesista<\/td><\/tr><tr><td>die An\u00e4sthesistin<\/td><td>la anestesista<\/td><\/tr><tr><td>der Patient<\/td><td>el paciente<\/td><\/tr><tr><td>die Patientin<\/td><td>la paciente<\/td><\/tr><tr><td>die Operation<\/td><td>la operaci\u00f3n<\/td><\/tr><tr><td>der Operationssaal<\/td><td>la sala de operaciones<\/td><\/tr><tr><td>der OP-Tisch<\/td><td>la mesa de operaciones<\/td><\/tr><tr><td>die Narkose<\/td><td>la anestesia<\/td><\/tr><tr><td>die Bet\u00e4ubung<\/td><td>la sedaci\u00f3n<\/td><\/tr><tr><td>das Skalpell<\/td><td>el bistur\u00ed<\/td><\/tr><tr><td>die Pinzette<\/td><td>la pinza<\/td><\/tr><tr><td>die Schere<\/td><td>las tijeras<\/td><\/tr><tr><td>der Verband<\/td><td>el vendaje<\/td><\/tr><tr><td>die Naht<\/td><td>la sutura<\/td><\/tr><tr><td>die Wunde<\/td><td>la herida<\/td><\/tr><tr><td>die Blutprobe<\/td><td>la muestra de sangre<\/td><\/tr><tr><td>die Diagnose<\/td><td>el diagn\u00f3stico<\/td><\/tr><tr><td>die Behandlung<\/td><td>el tratamiento<\/td><\/tr><tr><td>die Medizin<\/td><td>la medicina<\/td><\/tr><tr><td>das Medikament<\/td><td>el medicamento<\/td><\/tr><tr><td>die Spritze<\/td><td>la jeringa<\/td><\/tr><tr><td>die Infusion<\/td><td>la infusi\u00f3n<\/td><\/tr><tr><td>der Blutdruck<\/td><td>la presi\u00f3n arterial<\/td><\/tr><tr><td>der Puls<\/td><td>el pulso<\/td><\/tr><tr><td>die Herzfrequenz<\/td><td>la frecuencia card\u00edaca<\/td><\/tr><tr><td>die Atmung<\/td><td>la respiraci\u00f3n<\/td><\/tr><tr><td>der Sauerstoff<\/td><td>el ox\u00edgeno<\/td><\/tr><tr><td>die Maske<\/td><td>la mascarilla<\/td><\/tr><tr><td>der Handschuh<\/td><td>el guante<\/td><\/tr><tr><td>der Kittel<\/td><td>la bata<\/td><\/tr><tr><td>die Sterilisation<\/td><td>la esterilizaci\u00f3n<\/td><\/tr><tr><td>die Desinfektion<\/td><td>la desinfecci\u00f3n<\/td><\/tr><tr><td>die R\u00f6ntgenaufnahme<\/td><td>la radiograf\u00eda<\/td><\/tr><tr><td>der Ultraschall<\/td><td>el ultrasonido<\/td><\/tr><tr><td>der CT-Scan<\/td><td>la tomograf\u00eda computarizada<\/td><\/tr><tr><td>der MRT<\/td><td>la resonancia magn\u00e9tica<\/td><\/tr><tr><td>die Nadel<\/td><td>la aguja<\/td><\/tr><tr><td>der Katheter<\/td><td>el cat\u00e9ter<\/td><\/tr><tr><td>der Monitor<\/td><td>el monitor<\/td><\/tr><tr><td>die Beatmungsmaschine<\/td><td>el respirador<\/td><\/tr><tr><td>die Notfallversorgung<\/td><td>la atenci\u00f3n de emergencia<\/td><\/tr><tr><td>die Intensivstation<\/td><td>la unidad de cuidados intensivos<\/td><\/tr><tr><td>die Schwesternstation<\/td><td>la sala de enfermer\u00eda<\/td><\/tr><tr><td>der Krankensaal<\/td><td>la sala de pacientes<\/td><\/tr><tr><td>die Genesung<\/td><td>la recuperaci\u00f3n<\/td><\/tr><tr><td>die Rehabilitation<\/td><td>la rehabilitaci\u00f3n<\/td><\/tr><tr><td>\u00a0<\/td><td>\u00a0<\/td><\/tr><\/tbody><\/table>\t\t\t\t\t\t\t\t<\/div>\n\t\t\t\t<\/div>\n\t\t\t\t<div class=\"elementor-element elementor-element-ee9e6b3 elementor-widget elementor-widget-heading\" data-id=\"ee9e6b3\" data-element_type=\"widget\" data-e-type=\"widget\" data-widget_type=\"heading.default\">\n\t\t\t\t<div class=\"elementor-widget-container\">\n\t\t\t\t\t<h4 class=\"elementor-heading-title elementor-size-default\"><span class=\"ez-toc-section\" id=\"%C2%BFPor_que_mis_estudiantes_logran_aprender_aleman_con_exito\"><\/span>\u00bfPor qu\u00e9 mis estudiantes logran aprender alem\u00e1n con exito?<span class=\"ez-toc-section-end\"><\/span><\/h4>\t\t\t\t<\/div>\n\t\t\t\t<\/div>\n\t\t\t\t<div class=\"elementor-element elementor-element-cae7b61 elementor-widget elementor-widget-text-editor\" data-id=\"cae7b61\" data-element_type=\"widget\" data-e-type=\"widget\" data-widget_type=\"text-editor.default\">\n\t\t\t\t<div class=\"elementor-widget-container\">\n\t\t\t\t\t\t\t\t\t<p><strong>M\u00e9todo probado:<\/strong>\u00a0Soy uno de los profesores mejor valorados y mi p\u00e1gina est\u00e1\u00a0entre las mejor posicionadas en Google, lo que demuestra la confianza de mis estudiantes.<\/p><p><strong>Clases personalizadas:<\/strong>\u00a0Adapto las lecciones a tus necesidades, ya sea para viajar, trabajar o simplemente por hobby.<\/p>\t\t\t\t\t\t\t\t<\/div>\n\t\t\t\t<\/div>\n\t\t\t\t<div class=\"elementor-element elementor-element-5fd67a6 elementor-widget elementor-widget-button\" data-id=\"5fd67a6\" data-element_type=\"widget\" data-e-type=\"widget\" data-widget_type=\"button.default\">\n\t\t\t\t<div class=\"elementor-widget-container\">\n\t\t\t\t\t\t\t\t\t<div class=\"elementor-button-wrapper\">\n\t\t\t\t\t<a class=\"elementor-button elementor-button-link elementor-size-sm\" href=\"https:\/\/profesornativodealeman.com\/clases-aleman\/formulario-contacto\/\" target=\"_blank\">\n\t\t\t\t\t\t<span class=\"elementor-button-content-wrapper\">\n\t\t\t\t\t\t\t\t\t<span class=\"elementor-button-text\">\ud83d\udcc5 Reservar clase gratis<\/span>\n\t\t\t\t\t<\/span>\n\t\t\t\t\t<\/a>\n\t\t\t\t<\/div>\n\t\t\t\t\t\t\t\t<\/div>\n\t\t\t\t<\/div>\n\t\t\t\t\t<\/div>\n\t\t\t\t<\/div>\n\t\t\t\t<\/div>\n\t\t","protected":false},"excerpt":{"rendered":"<p>\u00bfTe gustar\u00eda aprender alem\u00e1n de una manera efectiva y adaptada a tus necesidades? Para aprender alem\u00e1n de manera r\u00e1pida y eficaz, no basta solo con dominar la gram\u00e1tica, el vocabulario, entender el idioma y saber expresarse con fluidez. Este proceso es mucho m\u00e1s complejo y requiere de todo el apoyo que el profesor pueda dar [&hellip;]<\/p>\n","protected":false},"author":4,"featured_media":17169,"comment_status":"open","ping_status":"open","sticky":false,"template":"","format":"standard","meta":{"footnotes":""},"categories":[13],"tags":[],"class_list":["post-17673","post","type-post","status-publish","format-standard","has-post-thumbnail","hentry","category-gramatica-alemana"],"_links":{"self":[{"href":"https:\/\/profesornativodealeman.com\/clases-aleman\/wp-json\/wp\/v2\/posts\/17673","targetHints":{"allow":["GET"]}}],"collection":[{"href":"https:\/\/profesornativodealeman.com\/clases-aleman\/wp-json\/wp\/v2\/posts"}],"about":[{"href":"https:\/\/profesornativodealeman.com\/clases-aleman\/wp-json\/wp\/v2\/types\/post"}],"author":[{"embeddable":true,"href":"https:\/\/profesornativodealeman.com\/clases-aleman\/wp-json\/wp\/v2\/users\/4"}],"replies":[{"embeddable":true,"href":"https:\/\/profesornativodealeman.com\/clases-aleman\/wp-json\/wp\/v2\/comments?post=17673"}],"version-history":[{"count":1,"href":"https:\/\/profesornativodealeman.com\/clases-aleman\/wp-json\/wp\/v2\/posts\/17673\/revisions"}],"predecessor-version":[{"id":18683,"href":"https:\/\/profesornativodealeman.com\/clases-aleman\/wp-json\/wp\/v2\/posts\/17673\/revisions\/18683"}],"wp:featuredmedia":[{"embeddable":true,"href":"https:\/\/profesornativodealeman.com\/clases-aleman\/wp-json\/wp\/v2\/media\/17169"}],"wp:attachment":[{"href":"https:\/\/profesornativodealeman.com\/clases-aleman\/wp-json\/wp\/v2\/media?parent=17673"}],"wp:term":[{"taxonomy":"category","embeddable":true,"href":"https:\/\/profesornativodealeman.com\/clases-aleman\/wp-json\/wp\/v2\/categories?post=17673"},{"taxonomy":"post_tag","embeddable":true,"href":"https:\/\/profesornativodealeman.com\/clases-aleman\/wp-json\/wp\/v2\/tags?post=17673"}],"curies":[{"name":"wp","href":"https:\/\/api.w.org\/{rel}","templated":true}]}}