{"id":18117,"date":"2025-07-14T11:50:00","date_gmt":"2025-07-14T09:50:00","guid":{"rendered":"https:\/\/profesornativodealeman.com\/clases-aleman\/?p=18117"},"modified":"2025-07-12T08:51:28","modified_gmt":"2025-07-12T06:51:28","slug":"nueva-resena-de-las-clases-con-tobias","status":"publish","type":"post","link":"https:\/\/profesornativodealeman.com\/clases-aleman\/nueva-resena-de-las-clases-con-tobias\/","title":{"rendered":"Nueva rese\u00f1a de las clases con Tobias"},"content":{"rendered":"\t\t<div data-elementor-type=\"wp-post\" data-elementor-id=\"18117\" class=\"elementor elementor-18117\" data-elementor-post-type=\"post\">\n\t\t\t\t<div class=\"elementor-element elementor-element-282dd4e3 e-flex e-con-boxed e-con e-parent\" data-id=\"282dd4e3\" data-element_type=\"container\" data-e-type=\"container\">\n\t\t\t\t\t<div class=\"e-con-inner\">\n\t\t\t\t<div class=\"elementor-element elementor-element-36867b35 elementor-widget elementor-widget-text-editor\" data-id=\"36867b35\" data-element_type=\"widget\" data-e-type=\"widget\" data-widget_type=\"text-editor.default\">\n\t\t\t\t<div class=\"elementor-widget-container\">\n\t\t\t\t\t\t\t\t\t\n<p>Sara Alonso (Alemania)<\/p>\n<p><img fetchpriority=\"high\" decoding=\"async\" class=\"size-full wp-image-18121 alignnone\" src=\"https:\/\/profesornativodealeman.com\/clases-aleman\/wp-content\/uploads\/2025\/07\/WhatsApp-Image-2025-06-29-at-17.05.24-1-1-1.jpeg\" alt=\"Clases de alem\u00e1n online\" width=\"180\" height=\"315\" title=\"\"><\/p>\n<p>Profesion: Educadora<\/p>\n<p>\u00abDesde el inicio de las clases con Tob\u00edas se puede apreciar la excelente metodolog\u00eda que emplea en sus clases , una metodolog\u00eda nada que ver con otros cursos de alem\u00e1n ya que Tob\u00edas enfoca la teor\u00eda y la practica de forma equilibrada adapt\u00e1ndose a las circunstancias personales con una facilidad que hace que comprender los contenidos sea sencillo y motivante promoviendo el inter\u00e9s que ha sido fundamental en mi proceso de aprendizaje.<\/p>\n<p>Quiero resaltar la empat\u00eda y buen trato que demuestra en todas sus clases creando un ambiente de confianza en el que me he sentido tan segura que no me ha dado miedo acometer fallos , mis inquietudes y dificultades han sido siempre escuchadas y atendidas lo que me ha permitido superar retos acad\u00e9micos y personales. Tob\u00edas es la persona que te gu\u00eda en la ense\u00f1anza adapt\u00e1ndose a las circunstancias personales ese es una de sus grandes cualidades porque lo hace de tal manera que sin enterarte te vas<br \/>superando d\u00eda a d\u00eda.<\/p>\n<p>Por circunstancias de la vida me ha tocado aprender alem\u00e1n, no ha sido mi elecci\u00f3n y puedo<br \/>decir que he pasado por otros cursos con clases tediosas de gram\u00e1tica en las que cada vez que tenia clase me pasaba el d\u00eda pensando \u00a1 ooooh nooo! tengo clase de alem\u00e1n, llegue a no querer saber nada del idioma pero no me quedaba otra que aprender ,una amiga me<br \/>recomend\u00f3 probar con Tob\u00edas y el cambio fue de pasar a odiar las clases de alem\u00e1n a esperar<br \/>con alegr\u00eda la nueva clase de Tob\u00edas creo que cuando uno disfruta es cuando realmente<br \/>aprende , ha sido una suerte encontrar esta clase ,un gran profesional con conocimientos<br \/>,experiencia, actitud y metodolog\u00eda personalizada hace de \u00e9l no solo un gran profesor si no<br \/>tambi\u00e9n una gran persona.<br \/>Gracias siempre Tob\u00edas por ser como eres y estar siempre dispuesto a estar ah\u00ed para lograr<br \/>superar esa barrera del idioma que tanto miedo me daba\u00bb<\/p>\n<p>\u00a1Alem\u00e1n para todos los niveles, sin fronteras!<\/p>\n<p><strong>\u00a1Te ayudo\u00a0<span style=\"color: #ff0000;\">a\u00a0alcanzar<\/span><span style=\"color: #ffcc00;\">\u00a0tus metas!\u00a0<\/span><\/strong><\/p>\n<p>Haz clic en la imagen para obtener m\u00e1s informaci\u00f3n<a href=\"https:\/\/profesornativodealeman.com\/clases-aleman\/precios\/\" data-wpel-link=\"internal\"><img decoding=\"async\" class=\"alignnone lazy loaded perfmatters-lazy entered pmloaded\" title=\"Vocabulario 1 https:\/\/profesornativodealeman.com\/clases-aleman\/wp-content\/uploads\/2024\/10\/beautiful-shot-small-village-surrounded-by-lake-snowy-hills-1-1.jpg\" src=\"https:\/\/profesornativodealeman.com\/clases-aleman\/wp-content\/uploads\/2023\/08\/background-couple-hike-hiking-team-1-1.jpg\" alt=\"background couple hike hiking team 1 1\" width=\"1000\" height=\"686\" data-src=\"https:\/\/profesornativodealeman.com\/clases-aleman\/wp-content\/uploads\/2023\/08\/background-couple-hike-hiking-team-1-1.jpg\" data-was-processed=\"true\" data-ll-status=\"loaded\" \/><\/a><\/p>\n\t\t\t\t\t\t\t\t<\/div>\n\t\t\t\t<\/div>\n\t\t\t\t\t<\/div>\n\t\t\t\t<\/div>\n\t\t\t\t<\/div>\n\t\t","protected":false},"excerpt":{"rendered":"<p>Sara Alonso (Alemania) Profesion: Educadora \u00abDesde el inicio de las clases con Tob\u00edas se puede apreciar la excelente metodolog\u00eda que emplea en sus clases , una metodolog\u00eda nada que ver con otros cursos de alem\u00e1n ya que Tob\u00edas enfoca la teor\u00eda y la practica de forma equilibrada adapt\u00e1ndose a las circunstancias personales con una facilidad [&hellip;]<\/p>\n","protected":false},"author":4,"featured_media":18118,"comment_status":"open","ping_status":"open","sticky":false,"template":"","format":"standard","meta":{"footnotes":""},"categories":[3892,2624,1],"tags":[],"class_list":["post-18117","post","type-post","status-publish","format-standard","has-post-thumbnail","hentry","category-aleman","category-cursos-de-aleman","category-idioma-aleman"],"_links":{"self":[{"href":"https:\/\/profesornativodealeman.com\/clases-aleman\/wp-json\/wp\/v2\/posts\/18117","targetHints":{"allow":["GET"]}}],"collection":[{"href":"https:\/\/profesornativodealeman.com\/clases-aleman\/wp-json\/wp\/v2\/posts"}],"about":[{"href":"https:\/\/profesornativodealeman.com\/clases-aleman\/wp-json\/wp\/v2\/types\/post"}],"author":[{"embeddable":true,"href":"https:\/\/profesornativodealeman.com\/clases-aleman\/wp-json\/wp\/v2\/users\/4"}],"replies":[{"embeddable":true,"href":"https:\/\/profesornativodealeman.com\/clases-aleman\/wp-json\/wp\/v2\/comments?post=18117"}],"version-history":[{"count":2,"href":"https:\/\/profesornativodealeman.com\/clases-aleman\/wp-json\/wp\/v2\/posts\/18117\/revisions"}],"predecessor-version":[{"id":18128,"href":"https:\/\/profesornativodealeman.com\/clases-aleman\/wp-json\/wp\/v2\/posts\/18117\/revisions\/18128"}],"wp:featuredmedia":[{"embeddable":true,"href":"https:\/\/profesornativodealeman.com\/clases-aleman\/wp-json\/wp\/v2\/media\/18118"}],"wp:attachment":[{"href":"https:\/\/profesornativodealeman.com\/clases-aleman\/wp-json\/wp\/v2\/media?parent=18117"}],"wp:term":[{"taxonomy":"category","embeddable":true,"href":"https:\/\/profesornativodealeman.com\/clases-aleman\/wp-json\/wp\/v2\/categories?post=18117"},{"taxonomy":"post_tag","embeddable":true,"href":"https:\/\/profesornativodealeman.com\/clases-aleman\/wp-json\/wp\/v2\/tags?post=18117"}],"curies":[{"name":"wp","href":"https:\/\/api.w.org\/{rel}","templated":true}]}}