{"id":18222,"date":"2025-07-23T12:37:00","date_gmt":"2025-07-23T10:37:00","guid":{"rendered":"https:\/\/profesornativodealeman.com\/clases-aleman\/?p=18222"},"modified":"2025-07-23T20:24:33","modified_gmt":"2025-07-23T18:24:33","slug":"curso-de-aleman-c1","status":"publish","type":"post","link":"https:\/\/profesornativodealeman.com\/clases-aleman\/curso-de-aleman-c1\/","title":{"rendered":"Curso de aleman C1. Comienzo en agosto"},"content":{"rendered":"<div id=\"ez-toc-container\" class=\"ez-toc-v2_0_82_2 counter-flat ez-toc-counter ez-toc-custom ez-toc-container-direction\">\n<div class=\"ez-toc-title-container\">\n<p class=\"ez-toc-title\" style=\"cursor:inherit\">Tabla de contenidos. Haciendo clic llega a la informaci\u00f3n.<\/p>\n<span class=\"ez-toc-title-toggle\"><a href=\"#\" class=\"ez-toc-pull-right ez-toc-btn ez-toc-btn-xs ez-toc-btn-default ez-toc-toggle\" aria-label=\"Alternar tabla de contenidos\"><span class=\"ez-toc-js-icon-con\"><span class=\"\"><span class=\"eztoc-hide\" style=\"display:none;\">Toggle<\/span><span class=\"ez-toc-icon-toggle-span\"><svg style=\"fill: #1e73be;color:#1e73be\" xmlns=\"http:\/\/www.w3.org\/2000\/svg\" class=\"list-377408\" width=\"20px\" height=\"20px\" viewBox=\"0 0 24 24\" fill=\"none\"><path d=\"M6 6H4v2h2V6zm14 0H8v2h12V6zM4 11h2v2H4v-2zm16 0H8v2h12v-2zM4 16h2v2H4v-2zm16 0H8v2h12v-2z\" fill=\"currentColor\"><\/path><\/svg><svg style=\"fill: #1e73be;color:#1e73be\" class=\"arrow-unsorted-368013\" xmlns=\"http:\/\/www.w3.org\/2000\/svg\" width=\"10px\" height=\"10px\" viewBox=\"0 0 24 24\" version=\"1.2\" baseProfile=\"tiny\"><path d=\"M18.2 9.3l-6.2-6.3-6.2 6.3c-.2.2-.3.4-.3.7s.1.5.3.7c.2.2.4.3.7.3h11c.3 0 .5-.1.7-.3.2-.2.3-.5.3-.7s-.1-.5-.3-.7zM5.8 14.7l6.2 6.3 6.2-6.3c.2-.2.3-.5.3-.7s-.1-.5-.3-.7c-.2-.2-.4-.3-.7-.3h-11c-.3 0-.5.1-.7.3-.2.2-.3.5-.3.7s.1.5.3.7z\"\/><\/svg><\/span><\/span><\/span><\/a><\/span><\/div>\n<nav><ul class='ez-toc-list ez-toc-list-level-1 ' ><li class='ez-toc-page-1'><a class=\"ez-toc-link ez-toc-heading-1\" href=\"https:\/\/profesornativodealeman.com\/clases-aleman\/curso-de-aleman-c1\/#Curso_de_aleman_C1\" >Curso de aleman C1<\/a><\/li><li class='ez-toc-page-1'><a class=\"ez-toc-link ez-toc-heading-2\" href=\"https:\/\/profesornativodealeman.com\/clases-aleman\/curso-de-aleman-c1\/#%C2%BFA_quien_va_dirigido_el_curso\" >\u00bfA quien va dirigido el curso?<\/a><\/li><li class='ez-toc-page-1'><a class=\"ez-toc-link ez-toc-heading-3\" href=\"https:\/\/profesornativodealeman.com\/clases-aleman\/curso-de-aleman-c1\/#Resenas_de_estudiantes_que_han_aprobado_el_C1\" >Rese\u00f1as de estudiantes que han aprobado el C1<\/a><\/li><li class='ez-toc-page-1'><a class=\"ez-toc-link ez-toc-heading-4\" href=\"https:\/\/profesornativodealeman.com\/clases-aleman\/curso-de-aleman-c1\/#Gloria_Goethe_Zertifikat_C1\" >Gloria, Goethe Zertifikat C1<\/a><\/li><li class='ez-toc-page-1'><a class=\"ez-toc-link ez-toc-heading-5\" href=\"https:\/\/profesornativodealeman.com\/clases-aleman\/curso-de-aleman-c1\/#Sofia_Goethe_Zertifikat_C1_y_FSP_Prufung\" >Sofia , Goethe Zertifikat C1 y FSP Pr\u00fcfung<\/a><\/li><li class='ez-toc-page-1'><a class=\"ez-toc-link ez-toc-heading-6\" href=\"https:\/\/profesornativodealeman.com\/clases-aleman\/curso-de-aleman-c1\/#Cristina_Telc_C1_Hochschule_aprobado\" >Cristina, Telc C1 Hochschule aprobado<\/a><\/li><li class='ez-toc-page-1'><a class=\"ez-toc-link ez-toc-heading-7\" href=\"https:\/\/profesornativodealeman.com\/clases-aleman\/curso-de-aleman-c1\/#Mario_Goethe_C1_aprobado\" >Mario, Goethe C1 aprobado<\/a><\/li><li class='ez-toc-page-1'><a class=\"ez-toc-link ez-toc-heading-8\" href=\"https:\/\/profesornativodealeman.com\/clases-aleman\/curso-de-aleman-c1\/#%C2%BFQuieres_prepararte_para_el_C1_de_aleman\" >\u00bfQuieres prepararte para el C1 de aleman?<\/a><\/li><li class='ez-toc-page-1'><a class=\"ez-toc-link ez-toc-heading-9\" href=\"https:\/\/profesornativodealeman.com\/clases-aleman\/curso-de-aleman-c1\/#%F0%9F%93%85_Reservar_clase_gratis\" >\ud83d\udcc5 Reservar clase gratis<\/a><\/li><\/ul><\/nav><\/div>\n<h2><span class=\"ez-toc-section\" id=\"Curso_de_aleman_C1\"><\/span>Curso de aleman C1<span class=\"ez-toc-section-end\"><\/span><\/h2>\n<!-- \/wp:post-content --><!-- wp:paragraph -->\n\n\u00bfquieres prepararte para la proxima convocatoria del examen de alem\u00e1n C1?\n\n<!-- \/wp:paragraph --><!-- wp:paragraph -->\n\nEl curso de preparaci\u00f3n es individual o para dos alumnos. Las clases para dos alumnos son aptas para amigos, parejas, compa\u00f1eros de trabajo. Si no se conocen los alumnos, estas clases no suelen funcionar.\n\n<!-- \/wp:paragraph --><!-- wp:paragraph -->\n<h3><span class=\"ez-toc-section\" id=\"%C2%BFA_quien_va_dirigido_el_curso\"><\/span>\u00bfA quien va dirigido el curso?<span class=\"ez-toc-section-end\"><\/span><\/h3>\n<!-- \/wp:paragraph --><!-- wp:list -->\n<ul>\n \t<li style=\"list-style-type: none;\">\n<ul><!-- wp:list-item --><\/ul>\n<\/li>\n<\/ul>\n<ul>\n \t<li style=\"list-style-type: none;\">\n<ul>\n \t<li>estudiantes que necesitan acreditar su nivel de alem\u00e1n para estudiar una carrera en alem\u00e1n o para conseguir una beca.<\/li>\n<\/ul>\n<\/li>\n<\/ul>\n<!-- \/wp:list-item --><!-- wp:list-item -->\n<ul>\n \t<li style=\"list-style-type: none;\">\n<ul>\n \t<li>M\u00e9dicos que necesitan acreditar un nivel\u00a0 de alem\u00e1n para convalidar un titulo por ejemplo en Suiza, Alemania o Austria.<\/li>\n<\/ul>\n<\/li>\n<\/ul>\n<!-- \/wp:list-item --><!-- wp:list-item -->\n<ul>\n \t<li style=\"list-style-type: none;\">\n<ul>\n \t<li>enfermeros y enfermeras que necesitan acreditar su nivel de alem\u00e1n<\/li>\n<\/ul>\n<\/li>\n<\/ul>\n<!-- \/wp:list-item --><!-- wp:list-item -->\n<ul>\n \t<li style=\"list-style-type: none;\">\n<ul>\n \t<li>A\u00a0 alumnos que quieren certificar su nivel de alem\u00e1n por ejemplo para el CV.<\/li>\n<\/ul>\n<\/li>\n<\/ul>\n<!-- \/wp:list-item -->\n\n<!-- \/wp:list --><!-- wp:quote -->\n<blockquote><!-- wp:paragraph -->\n\nPor favor inf\u00f3rmate bien de los requisitos para la convalidaci\u00f3n de t\u00edtulos universitarios obtenidos en un pa\u00eds miembro de la UE o en otro estado.\n\n<!-- \/wp:paragraph --><\/blockquote>\n<!-- \/wp:quote --><!-- wp:heading {\"level\":3} -->\n\n<!-- \/wp:heading -->\n<h2><span class=\"ez-toc-section\" id=\"Resenas_de_estudiantes_que_han_aprobado_el_C1\"><\/span>Rese\u00f1as de estudiantes que han aprobado el C1<span class=\"ez-toc-section-end\"><\/span><\/h2>\n<h3><span class=\"ez-toc-section\" id=\"Gloria_Goethe_Zertifikat_C1\"><\/span>Gloria, Goethe Zertifikat C1<span class=\"ez-toc-section-end\"><\/span><\/h3>\n<h4><\/h4>\n<!-- \/wp:heading --><!-- wp:image {\"id\":8160,\"align\":\"center\"} -->\n<figure><img fetchpriority=\"high\" decoding=\"async\" title=\"Examenes de aleman aprobados 8 https:\/\/profesornativodealeman.com\/clases-aleman\/wp-content\/uploads\/2021\/06\/graduation-2038864_640-e1653553071255.jpg\" src=\"https:\/\/profesornativodealeman.com\/clases-aleman\/wp-content\/uploads\/2020\/10\/gloria-C1-Zertifikat-Deutsch.jpg\" alt=\"gloria C1 Zertifikat Deutsch\" width=\"350\" height=\"445\" \/><\/figure>\n<!-- \/wp:image --><!-- wp:paragraph -->\n\nGloria Fern\u00e1ndez Polin (Zurich,Suiza)\n\n<!-- \/wp:paragraph --><!-- wp:paragraph -->\n\nProfesi\u00f3n: Asesora en comunicaci\u00f3n corporativa.\n\n<!-- \/wp:paragraph --><!-- wp:paragraph -->\n\nSu opinion sobre las clases de aleman:\n\n<!-- \/wp:paragraph --><!-- wp:paragraph -->\n\nPart\u00eda de cero y, gracias a Tobias, he conseguido un nivel C1 real y certificado \u00a1\u00a1en apenas un a\u00f1o!!\u00a0 He dado unas tres clases\u00a0 de 90 minutos por semana, lo que significa alcanzar el C1 cuatro veces m\u00e1s r\u00e1pido de lo que se suele estimar para este nivel. Sin duda, un gran ahorro de tiempo y de dinero. L\u00f3gicamente, detr\u00e1s de este logro hay horas de estudio, dedicaci\u00f3n, constancia\u2026 Pero, francamente, no hubiera podido alcanzarlo sin Tobias. \u00c9l no es solo un gran profesor de alem\u00e1n; es un gran coach\/entrenador personal con el que consigues aprender alem\u00e1n de manera eficaz, natural\u2026 y hasta divertida! Bajo mi punto de vista, para aprender alem\u00e1n no solo es importante contar con un profesor cualificado y con experiencia. A esto hay que a\u00f1adir cualidades propias de un coach: empat\u00eda, capacidad de motivaci\u00f3n, claridad, paciencia, capacidad para generar y mantener un entorno de confianza y respeto\u2026 Tobias es, sin duda, el mejor coach de alem\u00e1n que conozco. Y lo recomendar\u00eda a quienes necesiten \/ quieran aprender alem\u00e1n de manera r\u00e1pida y eficaz.\n<h3><span class=\"ez-toc-section\" id=\"Sofia_Goethe_Zertifikat_C1_y_FSP_Prufung\"><\/span>Sofia , Goethe Zertifikat C1 y FSP Pr\u00fcfung<span class=\"ez-toc-section-end\"><\/span><\/h3>\n<figure><div id='gallery-1' class='gallery galleryid-18222 gallery-columns-3 gallery-size-medium'><figure class='gallery-item'>\n\t\t\t<div class='gallery-icon portrait'>\n\t\t\t\t<a href='https:\/\/profesornativodealeman.com\/clases-aleman\/curso-examen-c1-goethe\/sofia-1-1\/'><img decoding=\"async\" width=\"250\" height=\"445\" src=\"https:\/\/profesornativodealeman.com\/clases-aleman\/wp-content\/uploads\/2021\/05\/Sofia-1-1-e1739436405318.jpg\" class=\"attachment-medium size-medium\" alt=\"aleman para medicos\" title=\"\"><\/a>\n\t\t\t<\/div><\/figure><figure class='gallery-item'>\n\t\t\t<div class='gallery-icon portrait'>\n\t\t\t\t<a href='https:\/\/profesornativodealeman.com\/clases-aleman\/historias-de-exito-aprendizaje-del-aleman\/c1-zertifikat-sofia-rodriguez\/'><img decoding=\"async\" width=\"250\" height=\"347\" src=\"https:\/\/profesornativodealeman.com\/clases-aleman\/wp-content\/uploads\/2019\/05\/C1-Zertifikat-Sofia-Rodriguez-e1739436374556.jpg\" class=\"attachment-medium size-medium\" alt=\"Clases de alem\u00e1n online\" title=\"\"><\/a>\n\t\t\t<\/div><\/figure><figure class='gallery-item'>\n\t\t\t<div class='gallery-icon portrait'>\n\t\t\t\t<a href='https:\/\/profesornativodealeman.com\/clases-aleman\/historias-de-exito-aprendizaje-del-aleman\/fachspracheprufung-sofia-rodriguez\/'><img loading=\"lazy\" decoding=\"async\" width=\"250\" height=\"355\" src=\"https:\/\/profesornativodealeman.com\/clases-aleman\/wp-content\/uploads\/2019\/05\/Fachsprachepr\u00fcfung-Sofia-Rodriguez-e1739436391841.jpg\" class=\"attachment-medium size-medium\" alt=\"Clases de alem\u00e1n online\" title=\"\"><\/a>\n\t\t\t<\/div><\/figure>\n\t\t<\/div>\n\n<p style=\"text-align: left;\">Sofia Rodriguez Granda (Valencia, Espa\u00f1a)<\/p>\n<\/figure>\nProfesi\u00f3n: Medico\n\nSu comentario sobre las clases de aleman:\n\n<!-- \/wp:paragraph --><!-- wp:paragraph -->\n\n\u201cEmpec\u00e9 con Tob\u00edas despu\u00e9s de aprobar el B2 gracias a mucho esfuerzo, sacrificio personal y poca ayuda. Tras haber probado academias, clases particulares individuales y aprendizaje autodidacta Tob\u00edas fue mi salvaci\u00f3n. Sacarme el C1 se hab\u00eda convertido en una necesidad para homologar el t\u00edtulo de m\u00e9dico en Alemania y aumentar las posibilidades de contrataci\u00f3n y, aunque dedicarle el 100% de mi tiempo hizo mucho, la ayuda, los conocimientos y sobre todo el apoyo moral que Tob\u00edas me brind\u00f3 fueron fundamentales.\n\n<!-- \/wp:paragraph --><!-- wp:paragraph -->\n\nTob\u00edas es algo m\u00e1s que un simple profesor, es un compa\u00f1ero de un viaje que, en muchas ocasiones es frustrante y dif\u00edcil: aprender un idioma tan exigente como el alem\u00e1n. Por ello le estar\u00e9 eternamente agradecida. Ojal\u00e1 hubiera m\u00e1s profesionales de la ense\u00f1anza tan dedicados como \u00e9l. \u201c\n<h3><span class=\"ez-toc-section\" id=\"Cristina_Telc_C1_Hochschule_aprobado\"><\/span>Cristina, Telc C1 Hochschule aprobado<span class=\"ez-toc-section-end\"><\/span><\/h3>\nCristina Fernandez (Alemania)\n<figure><img decoding=\"async\" title=\"Nueva rese\u00f1a.Telc C1 aprobado 1 https:\/\/profesornativodealeman.com\/clases-aleman\/wp-content\/uploads\/2024\/11\/badge-6602793_640.png\" src=\"https:\/\/profesornativodealeman.com\/clases-aleman\/wp-content\/uploads\/2024\/11\/foto-curriculum-CF-1.jpg\" alt=\"foto curriculum CF 1\" \/><\/figure>\n<figure><img decoding=\"async\" title=\"Nueva rese\u00f1a.Telc C1 aprobado 2 https:\/\/profesornativodealeman.com\/clases-aleman\/wp-content\/uploads\/2024\/11\/badge-6602793_640.png\" src=\"https:\/\/profesornativodealeman.com\/clases-aleman\/wp-content\/uploads\/2024\/11\/Zertifikat-C1-1.jpeg\" alt=\"Zertifikat C1 1\" \/><\/figure>\nSu opinion sobre las clases con Tobias:\n\n\u201cCuando me puse en contacto con Tobias, solo ten\u00eda el certificado B1, pero mi nivel era en algunas \u00e1reas inferior. Quer\u00eda hacer una carrera universitaria, as\u00ed que me puse en contacto con Tobias para que me ayudara a alcanzar el nivel C1 necesario para estudiar en Alemania.\n\nYa en la entrevista, me impresion\u00f3 la profesionalidad de Tobias, pero tambi\u00e9n su franqueza y cercan\u00eda. Me dio valiosos consejos, cre\u00f3 un itinerario totalmente adaptado a mi situaci\u00f3n personal y profesional y nos pusimos manos a la obra. Tanto mi marido como mis compa\u00f1eros de trabajo notaron r\u00e1pidamente los resultados positivos de mis clases de alem\u00e1n con Tobias.\n\nTobias es un profesor que se adapta muy bien a las necesidades del alumno, te facilita todo el material que necesites y est\u00e1 siempre disponible para cualquier duda que tengas.\n\nEn mi caso, no puedo dejar de mencionar el apoyo que recib\u00ed de Tobias siendo alumna suya. Se preocup\u00f3 tanto por mi salud como por mi bienestar, y en momentos dif\u00edciles me dio tanto consejos como apoyo moral, sin faltar nunca a su profesionalidad.\n\nEl camino no fue f\u00e1cil y a pesar de los nervios, finalmente aprob\u00e9 el examen Telc C1 Hochschule a la primera y eso es definitivamente gracias a Tobias, a su ayuda y paciencia.\n\nTobias me prepar\u00f3 para un nuevo cap\u00edtulo en mi vida y le estoy muy agradecida por ello.\u201d\n<h3><span class=\"ez-toc-section\" id=\"Mario_Goethe_C1_aprobado\"><\/span>Mario, Goethe C1 aprobado<span class=\"ez-toc-section-end\"><\/span><\/h3>\nMario Espinosa (Alemania)\n\n<!-- \/wp:paragraph --><!-- wp:paragraph -->\n\n<img decoding=\"async\" src=\"https:\/\/profesornativodealeman.com\/clases-aleman\/wp-content\/uploads\/2022\/08\/Mario-1.jpg\" alt=\"Deutsch f\u00fcr \u00c4rzte\" title=\"\">\n\nProfesi\u00f3n: Estudiante de medicina\n\n<!-- \/wp:paragraph --><!-- wp:paragraph -->\n\n\u00abTobias me ha ayudado mucho en la preparaci\u00f3n de mi examen Goethe C1.\n\n<!-- \/wp:paragraph --><!-- wp:paragraph -->\n\nLe recomiendo encarecidamente como profesor y preparador de alem\u00e1n y estoy muy contento de haberle encontrado en la confusa jungla de los profesores de alem\u00e1n.\n\n<!-- \/wp:paragraph --><!-- wp:paragraph -->\n\nTobias no s\u00f3lo ayuda con la preparaci\u00f3n t\u00e9cnica del examen, sino que tambi\u00e9n es un gran motivador y te quita el miedo al examen. Especialmente para los ex\u00e1menes C1, no s\u00f3lo es importante tener el nivel ling\u00fc\u00edstico, sino tambi\u00e9n estar met\u00f3dicamente bien preparado y tener confianza en uno mismo para el examen. Puedo recomendar a Tobias a cualquier persona que aprecie un ambiente de aprendizaje abierto y familiar en el que a uno tambi\u00e9n se le permite cometer errores y se le acerca paso a paso a su objetivo. Despu\u00e9s de haberme matriculado con Tobias con un nivel seguro B1\/B2 en agosto, aprob\u00e9 primero el TestDAF Nivel 3 (B2) en todas las categor\u00edas en septiembre y despu\u00e9s me present\u00e9 con \u00e9xito al Certificado Goethe C1. \u00a1\u00a1\u00a1Gracias, Tobias!!!\n<h3><span class=\"ez-toc-section\" id=\"%C2%BFQuieres_prepararte_para_el_C1_de_aleman\"><\/span>\u00bfQuieres prepararte para el C1 de aleman?<span class=\"ez-toc-section-end\"><\/span><\/h3>\nTe ayudo en todo el proceso de preparaci\u00f3n y me implico al 100% para que puedas conseguir tu objetivo.\n<h4><span class=\"ez-toc-section\" id=\"%F0%9F%93%85_Reservar_clase_gratis\"><\/span><a href=\"https:\/\/profesornativodealeman.com\/clases-aleman\/formulario-contacto\/\">\ud83d\udcc5 Reservar clase gratis<\/a><span class=\"ez-toc-section-end\"><\/span><\/h4>","protected":false},"excerpt":{"rendered":"<p>Curso de aleman C1 \u00bfquieres prepararte para la proxima convocatoria del examen de alem\u00e1n C1? El curso de preparaci\u00f3n es individual o para dos alumnos. Las clases para dos alumnos son aptas para amigos, parejas, compa\u00f1eros de trabajo. Si no se conocen los alumnos, estas clases no suelen funcionar. \u00bfA quien va dirigido el curso? [&hellip;]<\/p>\n","protected":false},"author":4,"featured_media":18224,"comment_status":"open","ping_status":"open","sticky":false,"template":"","format":"standard","meta":{"footnotes":""},"categories":[4055,2624,4056,2626],"tags":[3991],"class_list":["post-18222","post","type-post","status-publish","format-standard","has-post-thumbnail","hentry","category-aleman-c1","category-cursos-de-aleman","category-examen-aleman-c1","category-examenes-de-aleman","tag-curso-de-aleman-c1"],"_links":{"self":[{"href":"https:\/\/profesornativodealeman.com\/clases-aleman\/wp-json\/wp\/v2\/posts\/18222","targetHints":{"allow":["GET"]}}],"collection":[{"href":"https:\/\/profesornativodealeman.com\/clases-aleman\/wp-json\/wp\/v2\/posts"}],"about":[{"href":"https:\/\/profesornativodealeman.com\/clases-aleman\/wp-json\/wp\/v2\/types\/post"}],"author":[{"embeddable":true,"href":"https:\/\/profesornativodealeman.com\/clases-aleman\/wp-json\/wp\/v2\/users\/4"}],"replies":[{"embeddable":true,"href":"https:\/\/profesornativodealeman.com\/clases-aleman\/wp-json\/wp\/v2\/comments?post=18222"}],"version-history":[{"count":2,"href":"https:\/\/profesornativodealeman.com\/clases-aleman\/wp-json\/wp\/v2\/posts\/18222\/revisions"}],"predecessor-version":[{"id":18232,"href":"https:\/\/profesornativodealeman.com\/clases-aleman\/wp-json\/wp\/v2\/posts\/18222\/revisions\/18232"}],"wp:featuredmedia":[{"embeddable":true,"href":"https:\/\/profesornativodealeman.com\/clases-aleman\/wp-json\/wp\/v2\/media\/18224"}],"wp:attachment":[{"href":"https:\/\/profesornativodealeman.com\/clases-aleman\/wp-json\/wp\/v2\/media?parent=18222"}],"wp:term":[{"taxonomy":"category","embeddable":true,"href":"https:\/\/profesornativodealeman.com\/clases-aleman\/wp-json\/wp\/v2\/categories?post=18222"},{"taxonomy":"post_tag","embeddable":true,"href":"https:\/\/profesornativodealeman.com\/clases-aleman\/wp-json\/wp\/v2\/tags?post=18222"}],"curies":[{"name":"wp","href":"https:\/\/api.w.org\/{rel}","templated":true}]}}