{"id":3020,"date":"2015-07-24T11:47:38","date_gmt":"2015-07-24T11:47:38","guid":{"rendered":"http:\/\/disenopaginasweb.net\/aleman\/?p=3020"},"modified":"2019-11-16T17:16:21","modified_gmt":"2019-11-16T17:16:21","slug":"el-tekamolo-en-aleman","status":"publish","type":"post","link":"https:\/\/profesornativodealeman.com\/clases-aleman\/el-tekamolo-en-aleman\/","title":{"rendered":"El TEKAMOLO en aleman"},"content":{"rendered":"<p>La regla <strong>TEKAMOLO<\/strong> <strong>en<\/strong> <strong>aleman<\/strong><\/p>\n<figure id=\"attachment_150\" aria-describedby=\"caption-attachment-150\" style=\"width: 150px\" class=\"wp-caption alignright\"><a href=\"https:\/\/profesornativodealeman.com\/clases-aleman\/wp-content\/uploads\/2013\/08\/bamberg1.jpg\"><img decoding=\"async\" class=\"wp-image-150 size-thumbnail\" src=\"https:\/\/profesornativodealeman.com\/clases-aleman\/wp-content\/uploads\/2013\/08\/bamberg1-150x150.jpg\" alt=\"BAMBERG; BAVIERA\" width=\"150\" height=\"150\" title=\"\"><\/a><figcaption id=\"caption-attachment-150\" class=\"wp-caption-text\">BAMBERG; BAVIERA<\/figcaption><\/figure>\n<p>Los complementos se colocan entre el verbo conjugado y el verbo sin conjugar:<\/p>\n<table>\n<tbody>\n<tr>\n<td>Sujeto<\/td>\n<td>Verbo<br \/>\nConjugado<\/td>\n<td>Complementos<\/td>\n<td>Objeto<br \/>\nAkkusativ<\/td>\n<td>Verbo no<br \/>\nConjugado<\/td>\n<\/tr>\n<tr>\n<td>Herr Meier<\/td>\n<td>hat<\/td>\n<td><u>gestern aus Liebe im Geheimen in M\u00fcnchen<\/u><\/td>\n<td>Blumen<\/td>\n<td>gekauft<\/td>\n<\/tr>\n<\/tbody>\n<\/table>\n<p>El se\u00f1or Meier ha comprado flores ayer por amor en secreto en M\u00fanich.<\/p>\n<p>Complementos se ordenan entre s\u00ed siguiendo la regla mnemot\u00e9cnica de\u00a0<strong>TEKAMOLO:<\/strong><\/p>\n<ol>\n<li>Temporales\u00a0<strong>(TE)<\/strong><\/li>\n<li>Causales\u00a0<strong>(KA)<\/strong><\/li>\n<li>Modales\u00a0<strong>(MO)<\/strong><\/li>\n<li>Locales\u00a0<strong>(LO)<\/strong><\/li>\n<\/ol>\n<p>Veamos un ejemplo:<\/p>\n<table>\n<tbody>\n<tr>\n<td><strong>Temporal<\/strong><\/td>\n<td><strong>Kausal<\/strong><\/td>\n<td><strong>Modal<\/strong><\/td>\n<td><strong>Lokal<\/strong><\/td>\n<\/tr>\n<tr>\n<td>gestern<\/td>\n<td>aus Liebe<\/td>\n<td>im Geheimen<\/td>\n<td>in M\u00fcnchen<\/td>\n<\/tr>\n<\/tbody>\n<\/table>\n<p>Beispiel:\u00a0<em>T-K-M-L<\/em><br \/>\nIch lerne\u00a0<em>am Wochenende wegen meiner Pr\u00fcfung sehr intensiv in der Bibliothek<\/em>.<br \/>\n<em>T: am Wochenende (=wann?)<\/em><em><br \/>\n<em>K: wegen meiner Pr\u00fcfung (=warum?)<\/em><br \/>\n<em>M: intensiv (=wie?)<\/em><br \/>\n<em>L: in der Bibliothek (=wo?)<\/em><\/em><\/p>\n<table>\n<tbody>\n<tr>\n<td>Sujeto<\/td>\n<td>Verbo<br \/>\nConjugado<\/td>\n<td>Complementos<\/td>\n<td>Objeto<br \/>\nAkkusativ<\/td>\n<td>Verbo no<br \/>\nConjugado<\/td>\n<\/tr>\n<tr>\n<td>Peter<\/td>\n<td>ist<\/td>\n<td><u>am Montag wegen des schlechten Wetters mit dem Auto in die Stadt<\/u><\/td>\n<td><\/td>\n<td>gefahren<\/td>\n<\/tr>\n<\/tbody>\n<\/table>\n<p>&nbsp;<\/p>\n<table>\n<tbody>\n<tr>\n<td><strong>Temporal<\/strong><\/td>\n<td><strong>Kausal<\/strong><\/td>\n<td><strong>Modal<\/strong><\/td>\n<td><strong>Lokal<\/strong><\/td>\n<\/tr>\n<tr>\n<td>am Montag<\/td>\n<td>wegen des schlechten Wetters<\/td>\n<td>mit dem Auto<\/td>\n<td>in die Stadt<\/td>\n<\/tr>\n<\/tbody>\n<\/table>\n<p><strong>TE<\/strong>: complemento del tiempo: Am Montag (el lunes)<\/p>\n<p><strong>KA<\/strong>: causal: wegen des schlechten Wetters (debido al mal tiempo)<\/p>\n<p><strong>MO<\/strong>: \u00bfde que modo? mit dem Auto (con el coche)<\/p>\n<p><strong>LO<\/strong>: \u00bfhacia donde? in die Stadt\u00a0 (a la ciudad)<\/p>\n","protected":false},"excerpt":{"rendered":"<p>La regla TEKAMOLO en aleman Los complementos se colocan entre el verbo conjugado y el verbo sin conjugar: Sujeto Verbo Conjugado Complementos Objeto Akkusativ Verbo no Conjugado Herr Meier hat gestern aus Liebe im Geheimen in M\u00fcnchen Blumen gekauft El se\u00f1or Meier ha comprado flores ayer por amor en secreto en M\u00fanich. Complementos se ordenan [&hellip;]<\/p>\n","protected":false},"author":4,"featured_media":0,"comment_status":"open","ping_status":"open","sticky":false,"template":"","format":"standard","meta":{"footnotes":""},"categories":[13],"tags":[6,39],"class_list":["post-3020","post","type-post","status-publish","format-standard","hentry","category-gramatica-alemana","tag-aleman","tag-tekamolo"],"_links":{"self":[{"href":"https:\/\/profesornativodealeman.com\/clases-aleman\/wp-json\/wp\/v2\/posts\/3020","targetHints":{"allow":["GET"]}}],"collection":[{"href":"https:\/\/profesornativodealeman.com\/clases-aleman\/wp-json\/wp\/v2\/posts"}],"about":[{"href":"https:\/\/profesornativodealeman.com\/clases-aleman\/wp-json\/wp\/v2\/types\/post"}],"author":[{"embeddable":true,"href":"https:\/\/profesornativodealeman.com\/clases-aleman\/wp-json\/wp\/v2\/users\/4"}],"replies":[{"embeddable":true,"href":"https:\/\/profesornativodealeman.com\/clases-aleman\/wp-json\/wp\/v2\/comments?post=3020"}],"version-history":[{"count":0,"href":"https:\/\/profesornativodealeman.com\/clases-aleman\/wp-json\/wp\/v2\/posts\/3020\/revisions"}],"wp:attachment":[{"href":"https:\/\/profesornativodealeman.com\/clases-aleman\/wp-json\/wp\/v2\/media?parent=3020"}],"wp:term":[{"taxonomy":"category","embeddable":true,"href":"https:\/\/profesornativodealeman.com\/clases-aleman\/wp-json\/wp\/v2\/categories?post=3020"},{"taxonomy":"post_tag","embeddable":true,"href":"https:\/\/profesornativodealeman.com\/clases-aleman\/wp-json\/wp\/v2\/tags?post=3020"}],"curies":[{"name":"wp","href":"https:\/\/api.w.org\/{rel}","templated":true}]}}