{"id":3088,"date":"2015-10-20T10:04:17","date_gmt":"2015-10-20T10:04:17","guid":{"rendered":"http:\/\/disenopaginasweb.net\/aleman\/?p=3088"},"modified":"2015-12-27T13:05:56","modified_gmt":"2015-12-27T13:05:56","slug":"declinacion-de-sustantivos-como-adjetivos-en-aleman","status":"publish","type":"post","link":"https:\/\/profesornativodealeman.com\/clases-aleman\/declinacion-de-sustantivos-como-adjetivos-en-aleman\/","title":{"rendered":"Declinacion del sustantivo como adjetivo en alem\u00e1n"},"content":{"rendered":"<figure id=\"attachment_3125\" aria-describedby=\"caption-attachment-3125\" style=\"width: 300px\" class=\"wp-caption alignright\"><a href=\"https:\/\/profesornativodealeman.com\/clases-aleman\/wp-content\/uploads\/2015\/10\/Todtnau-Wasserfall-Cascada-Todtnau.jpg\"><img fetchpriority=\"high\" decoding=\"async\" class=\"wp-image-3125 size-medium\" src=\"https:\/\/profesornativodealeman.com\/clases-aleman\/wp-content\/uploads\/2015\/10\/Todtnau-Wasserfall-Cascada-Todtnau-300x198.jpg\" alt=\"Clases de alem\u00e1n online\" width=\"300\" height=\"198\" title=\"\"><\/a><figcaption id=\"caption-attachment-3125\" class=\"wp-caption-text\">Todtnau, cascada Selva Negra<\/figcaption><\/figure>\n<p><strong>Declinacion del sustantivo como adjetivo en alem\u00e1n<\/strong><\/p>\n<p><strong>\u00a0<\/strong><\/p>\n<p><strong>\u00a0<\/strong>En algunos sustantivos <u>se aplican las reglas de la <strong>declinaci\u00f3n de adjetivos<\/strong><\/u> porque son <strong>adjetivos sustantivados<\/strong>, sustantivos cuyo origen es un adjetivo.Tambien se puede sustantivar el <strong>Partizip I y II<\/strong>. Si imprimes las tablas de la declinaci\u00f3n de adjetivos te vas a dar cuenta que la declinaci\u00f3n de los adjetivos sustantivados es exactamente igual como la declinaci\u00f3n de adjetivos<\/p>\n<p>&nbsp;<\/p>\n<p>Ejemplos de <strong>sustantivos que se declinan como adjetivos en alem\u00e1n:<\/strong><\/p>\n<p>&nbsp;<\/p>\n<p>bekannt-der Bekannte<\/p>\n<p>arbeitslos-der Arbeitslose<\/p>\n<p>&nbsp;<\/p>\n<p>Ejemplos de <strong>Partizip II que se usan como\u00a0sustantivo en aleman<\/strong><\/p>\n<p>&nbsp;<\/p>\n<p>verheiratet\u00a0\u00a0\u00a0\u00a0\u00a0\u00a0 Sind Verheiratete wirklich gl\u00fccklicher als Ledige?(realmente los casados son mas felices que los solteros?)<\/p>\n<p>&nbsp;<\/p>\n<p>verletzt\u00a0\u00a0\u00a0\u00a0 \u00a0\u00a0\u00a0\u00a0\u00a0\u00a0\u00a0\u00a0\u00a0Die Sanit\u00e4ter konnten die Blutung des Verletzten stoppen.<\/p>\n<p>&nbsp;<\/p>\n<p>Ejemplos de<strong> Partizip I que se usan como sustantivo\u00a0en aleman<\/strong>(Muy poco comun)<\/p>\n<p>&nbsp;<\/p>\n<p>\u00dcberlebend\u00a0 \u00a0Bei dem gestrigen Flugzeugabsturz gab es keine \u00dcberlebenden.(En el accidente a\u00e9reo de ayer no hubo supervivientes)<\/p>\n<p>&nbsp;<\/p>\n<p>&nbsp;<\/p>\n<p>&nbsp;<\/p>\n<p>&nbsp;<\/p>\n<p>&nbsp;<\/p>\n<p>&nbsp;<\/p>\n<p>&nbsp;<\/p>\n<p>&nbsp;<\/p>\n<p>&nbsp;<\/p>\n","protected":false},"excerpt":{"rendered":"<p>Declinacion del sustantivo como adjetivo en alem\u00e1n \u00a0 \u00a0En algunos sustantivos se aplican las reglas de la declinaci\u00f3n de adjetivos porque son adjetivos sustantivados, sustantivos cuyo origen es un adjetivo.Tambien se puede sustantivar el Partizip I y II. Si imprimes las tablas de la declinaci\u00f3n de adjetivos te vas a dar cuenta que la declinaci\u00f3n [&hellip;]<\/p>\n","protected":false},"author":4,"featured_media":0,"comment_status":"open","ping_status":"open","sticky":false,"template":"","format":"standard","meta":{"footnotes":""},"categories":[13],"tags":[48,6,65,66,46],"class_list":["post-3088","post","type-post","status-publish","format-standard","hentry","category-gramatica-alemana","tag-adjetivos","tag-aleman","tag-partizip-i","tag-partizip-ii","tag-sustantivos"],"_links":{"self":[{"href":"https:\/\/profesornativodealeman.com\/clases-aleman\/wp-json\/wp\/v2\/posts\/3088","targetHints":{"allow":["GET"]}}],"collection":[{"href":"https:\/\/profesornativodealeman.com\/clases-aleman\/wp-json\/wp\/v2\/posts"}],"about":[{"href":"https:\/\/profesornativodealeman.com\/clases-aleman\/wp-json\/wp\/v2\/types\/post"}],"author":[{"embeddable":true,"href":"https:\/\/profesornativodealeman.com\/clases-aleman\/wp-json\/wp\/v2\/users\/4"}],"replies":[{"embeddable":true,"href":"https:\/\/profesornativodealeman.com\/clases-aleman\/wp-json\/wp\/v2\/comments?post=3088"}],"version-history":[{"count":0,"href":"https:\/\/profesornativodealeman.com\/clases-aleman\/wp-json\/wp\/v2\/posts\/3088\/revisions"}],"wp:attachment":[{"href":"https:\/\/profesornativodealeman.com\/clases-aleman\/wp-json\/wp\/v2\/media?parent=3088"}],"wp:term":[{"taxonomy":"category","embeddable":true,"href":"https:\/\/profesornativodealeman.com\/clases-aleman\/wp-json\/wp\/v2\/categories?post=3088"},{"taxonomy":"post_tag","embeddable":true,"href":"https:\/\/profesornativodealeman.com\/clases-aleman\/wp-json\/wp\/v2\/tags?post=3088"}],"curies":[{"name":"wp","href":"https:\/\/api.w.org\/{rel}","templated":true}]}}