{"id":3313,"date":"2016-11-07T07:51:48","date_gmt":"2016-11-07T07:51:48","guid":{"rendered":"http:\/\/disenopaginasweb.net\/aleman\/?p=3313"},"modified":"2025-02-11T10:34:55","modified_gmt":"2025-02-11T08:34:55","slug":"preposiciones-en-aleman","status":"publish","type":"post","link":"https:\/\/profesornativodealeman.com\/clases-aleman\/preposiciones-en-aleman\/","title":{"rendered":"Las preposiciones en aleman"},"content":{"rendered":"\n<p><\/p>\n\n\n\n<div id=\"ez-toc-container\" class=\"ez-toc-v2_0_82_2 counter-flat ez-toc-counter ez-toc-custom ez-toc-container-direction\">\n<div class=\"ez-toc-title-container\">\n<p class=\"ez-toc-title\" style=\"cursor:inherit\">Tabla de contenidos. Haciendo clic llega a la informaci\u00f3n.<\/p>\n<span class=\"ez-toc-title-toggle\"><a href=\"#\" class=\"ez-toc-pull-right ez-toc-btn ez-toc-btn-xs ez-toc-btn-default ez-toc-toggle\" aria-label=\"Alternar tabla de contenidos\"><span class=\"ez-toc-js-icon-con\"><span class=\"\"><span class=\"eztoc-hide\" style=\"display:none;\">Toggle<\/span><span class=\"ez-toc-icon-toggle-span\"><svg style=\"fill: #1e73be;color:#1e73be\" xmlns=\"http:\/\/www.w3.org\/2000\/svg\" class=\"list-377408\" width=\"20px\" height=\"20px\" viewBox=\"0 0 24 24\" fill=\"none\"><path d=\"M6 6H4v2h2V6zm14 0H8v2h12V6zM4 11h2v2H4v-2zm16 0H8v2h12v-2zM4 16h2v2H4v-2zm16 0H8v2h12v-2z\" fill=\"currentColor\"><\/path><\/svg><svg style=\"fill: #1e73be;color:#1e73be\" class=\"arrow-unsorted-368013\" xmlns=\"http:\/\/www.w3.org\/2000\/svg\" width=\"10px\" height=\"10px\" viewBox=\"0 0 24 24\" version=\"1.2\" baseProfile=\"tiny\"><path d=\"M18.2 9.3l-6.2-6.3-6.2 6.3c-.2.2-.3.4-.3.7s.1.5.3.7c.2.2.4.3.7.3h11c.3 0 .5-.1.7-.3.2-.2.3-.5.3-.7s-.1-.5-.3-.7zM5.8 14.7l6.2 6.3 6.2-6.3c.2-.2.3-.5.3-.7s-.1-.5-.3-.7c-.2-.2-.4-.3-.7-.3h-11c-.3 0-.5.1-.7.3-.2.2-.3.5-.3.7s.1.5.3.7z\"\/><\/svg><\/span><\/span><\/span><\/a><\/span><\/div>\n<nav><ul class='ez-toc-list ez-toc-list-level-1 ' ><li class='ez-toc-page-1'><a class=\"ez-toc-link ez-toc-heading-1\" href=\"https:\/\/profesornativodealeman.com\/clases-aleman\/preposiciones-en-aleman\/#%C2%BFQue_es_una_preposicion\" >\u00bfQu\u00e9 es una preposici\u00f3n?<\/a><\/li><li class='ez-toc-page-1'><a class=\"ez-toc-link ez-toc-heading-2\" href=\"https:\/\/profesornativodealeman.com\/clases-aleman\/preposiciones-en-aleman\/#Algunos_ejemplos_del_distinto_uso_de_las_preposiciones_en_aleman\" >Algunos ejemplos del distinto uso de las preposiciones en alem\u00e1n<\/a><\/li><li class='ez-toc-page-1'><a class=\"ez-toc-link ez-toc-heading-3\" href=\"https:\/\/profesornativodealeman.com\/clases-aleman\/preposiciones-en-aleman\/#Actualizacion_11022025\" >Actualizaci\u00f3n 11.02.2025<\/a><\/li><\/ul><\/nav><\/div>\n<h2 class=\"wp-block-heading\"><span class=\"ez-toc-section\" id=\"%C2%BFQue_es_una_preposicion\"><\/span> \u00bfQu\u00e9 es una preposici\u00f3n?<span class=\"ez-toc-section-end\"><\/span><\/h2>\n\n\n\n<p>Son palabras que unen palabras o grupos de palabras y indican una relaci\u00f3n temporal, modal, local o causal.<\/p>\n\n\n\n<p><strong>En el idioma alem\u00e1n, las preposiciones<\/strong> se usan casi siempre con un sustantivo o un pronombre. En la mayor\u00eda de los casos, se colocan delante del pronombre o art\u00edculo. En algunos casos, tambi\u00e9n se usan con adjetivos y adverbios.<\/p>\n\n\n\n<h3 class=\"wp-block-heading\"><span class=\"ez-toc-section\" id=\"Algunos_ejemplos_del_distinto_uso_de_las_preposiciones_en_aleman\"><\/span><span style=\"color: #0000ff;\"><strong>Algunos ejemplos del distinto uso de las preposiciones en alem\u00e1n<\/strong><\/span><span class=\"ez-toc-section-end\"><\/span><\/h3>\n\n\n\n<p>Delante del sustantivo: Der Fahrer wartet auf den Mann.<\/p>\n\n\n\n<p>Delante del pronombre: Der Fahrer wartet auf ihn.<\/p>\n\n\n\n<p>Delante del adjetivo: Ich halte den Sch\u00fcler f\u00fcr intelligent.<\/p>\n\n\n\n<p>Delante del adverbio: Die Sommerferien beginnen ab heute.<\/p>\n\n\n\n<p>Hay 4 grupos de <strong>preposiciones en alem\u00e1n<\/strong>. Los distintos grupos de preposiciones los explicar\u00e9 m\u00e1s adelante en otro post.<\/p>\n\n\n\n<p>&#8211; Preposiciones locales<\/p>\n\n\n\n<p>&#8211; Preposiciones temporales<\/p>\n\n\n\n<p>&#8211; Preposiciones modales<\/p>\n\n\n\n<p>&#8211; <strong>Preposiciones<\/strong> causales<\/p>\n\n\n\n<p><strong><span style=\"color: #0000ff;\">Preposici\u00f3n local<\/span><\/strong><\/p>\n\n\n\n<p>Das Buch liegt auf dem Tisch. El libro est\u00e1 encima de la mesa y se indica la posici\u00f3n del libro con la preposici\u00f3n \u201cauf\u201d.<\/p>\n\n\n\n<p><span style=\"color: #0000ff;\"><strong>Preposici\u00f3n temporal<\/strong><\/span><\/p>\n\n\n\n<p>Peter lebt seit 10 Jahren in Berlin. Peter vive desde hace 10 a\u00f1os en Berl\u00edn. La preposici\u00f3n que se usa aqu\u00ed es \u201cseit\u201d = desde hace.<\/p>\n\n\n\n<p><strong><span style=\"color: #0000ff;\">Preposici\u00f3n modal<\/span><\/strong><\/p>\n\n\n\n<p>Ich fahre mit dem Fahrrad in die Stadt. Voy con la bici a la ciudad. \u00bfDe qu\u00e9 modo voy a la ciudad? Con la bici.<\/p>\n\n\n\n<p><strong><span style=\"color: #0000ff;\">Preposici\u00f3n causal<\/span><\/strong><\/p>\n\n\n\n<p>Wir k\u00f6nnen wegen des schlechten Wetters nicht in den Park gehen. A causa del mal tiempo, no podemos ir al parque. La preposici\u00f3n que se usa es \u201cwegen\u201d = a causa de.<\/p>\n\n\n\n<p>Hay <strong>preposiciones<\/strong> que se pueden usar de distintas maneras, pero esto lo explicar\u00e9 en otro post.<\/p>\n\n\n\n<p>Tambi\u00e9n hay muchos verbos con preposiciones como por ejemplo:<\/p>\n\n\n\n<p>&#8211; warten auf<\/p>\n\n\n\n<p>&#8211; denken an<\/p>\n\n\n\n<p>&#8211; sich interessieren f\u00fcr<\/p>\n\n\n\n<h2 class=\"wp-block-heading\"><span class=\"ez-toc-section\" id=\"Actualizacion_11022025\"><\/span> Actualizaci\u00f3n 11.02.2025<span class=\"ez-toc-section-end\"><\/span><\/h2>\n\n\n\n<p>Las <strong>preposiciones en alem\u00e1n<\/strong> son palabras invariables y no se declinan.<\/p>\n\n\n\n<p>Si te ha gustado el art\u00edculo o si tienes alguna cr\u00edtica, puedes escribir un comentario y te respondo lo antes posible.<\/p>\n\n\n\n<p>\u00a1Alem\u00e1n para todos los niveles, sin fronteras!<\/p>\n\n\n\n<p><strong>\u00a1Te ayudo <span style=\"color: #ff0000;\">a alcanzar<\/span> <span style=\"color: #ffcc00;\">tus metas!<\/span><\/strong><\/p>\n\n\n\n<p>Haz clic en la imagen para obtener m\u00e1s informaci\u00f3n<a href=\"https:\/\/profesornativodealeman.com\/clases-aleman\/precios\/\"><img fetchpriority=\"high\" decoding=\"async\" class=\"alignnone lazy loaded\" title=\"Vocabulario 1\" src=\"https:\/\/profesornativodealeman.com\/clases-aleman\/wp-content\/uploads\/2023\/08\/background-couple-hike-hiking-team-1-1.jpg\" alt=\"background couple hike hiking team 1 1\" width=\"1000\" height=\"686\"><\/a><\/p>\n\n\n\n<p><a href=\"https:\/\/profesornativodealeman.com\/clases-aleman\/opiniones-de-los-alumnos\/\">Clases de alem\u00e1n por Videoconferencia<\/a><\/p>\n\n\n\n<p>\u00a9 Tobias Woelke 11.02.2025<a href=\"https:\/\/profesornativodealeman.com\/clases-aleman\/wp-content\/uploads\/2015\/05\/ms-icon-144x144.png\"><img decoding=\"async\" width=\"80\" height=\"80\" class=\"alignnone wp-image-2619\" src=\"https:\/\/profesornativodealeman.com\/clases-aleman\/wp-content\/uploads\/2015\/05\/ms-icon-144x144-150x150.png\" alt=\"ms-icon-144x144\" title=\"\"><\/a><\/p>\n","protected":false},"excerpt":{"rendered":"<p>\u00bfQu\u00e9 es una preposici\u00f3n? Son palabras que unen palabras o grupos de palabras y indican una relaci\u00f3n temporal, modal, local o causal. En el idioma alem\u00e1n, las preposiciones se usan casi siempre con un sustantivo o un pronombre. En la mayor\u00eda de los casos, se colocan delante del pronombre o art\u00edculo. En algunos casos, tambi\u00e9n [&hellip;]<\/p>\n","protected":false},"author":4,"featured_media":17301,"comment_status":"open","ping_status":"open","sticky":false,"template":"","format":"standard","meta":{"footnotes":""},"categories":[13],"tags":[6,54],"class_list":["post-3313","post","type-post","status-publish","format-standard","has-post-thumbnail","hentry","category-gramatica-alemana","tag-aleman","tag-preposiciones"],"_links":{"self":[{"href":"https:\/\/profesornativodealeman.com\/clases-aleman\/wp-json\/wp\/v2\/posts\/3313","targetHints":{"allow":["GET"]}}],"collection":[{"href":"https:\/\/profesornativodealeman.com\/clases-aleman\/wp-json\/wp\/v2\/posts"}],"about":[{"href":"https:\/\/profesornativodealeman.com\/clases-aleman\/wp-json\/wp\/v2\/types\/post"}],"author":[{"embeddable":true,"href":"https:\/\/profesornativodealeman.com\/clases-aleman\/wp-json\/wp\/v2\/users\/4"}],"replies":[{"embeddable":true,"href":"https:\/\/profesornativodealeman.com\/clases-aleman\/wp-json\/wp\/v2\/comments?post=3313"}],"version-history":[{"count":0,"href":"https:\/\/profesornativodealeman.com\/clases-aleman\/wp-json\/wp\/v2\/posts\/3313\/revisions"}],"wp:featuredmedia":[{"embeddable":true,"href":"https:\/\/profesornativodealeman.com\/clases-aleman\/wp-json\/wp\/v2\/media\/17301"}],"wp:attachment":[{"href":"https:\/\/profesornativodealeman.com\/clases-aleman\/wp-json\/wp\/v2\/media?parent=3313"}],"wp:term":[{"taxonomy":"category","embeddable":true,"href":"https:\/\/profesornativodealeman.com\/clases-aleman\/wp-json\/wp\/v2\/categories?post=3313"},{"taxonomy":"post_tag","embeddable":true,"href":"https:\/\/profesornativodealeman.com\/clases-aleman\/wp-json\/wp\/v2\/tags?post=3313"}],"curies":[{"name":"wp","href":"https:\/\/api.w.org\/{rel}","templated":true}]}}