{"id":3325,"date":"2023-04-19T09:15:06","date_gmt":"2023-04-19T07:15:06","guid":{"rendered":"http:\/\/disenopaginasweb.net\/aleman\/?p=3325"},"modified":"2023-04-19T07:23:56","modified_gmt":"2023-04-19T05:23:56","slug":"clases-particulares-de-aleman","status":"publish","type":"post","link":"https:\/\/profesornativodealeman.com\/clases-aleman\/clases-particulares-de-aleman\/","title":{"rendered":"Clases particulares de aleman"},"content":{"rendered":"<div id=\"ez-toc-container\" class=\"ez-toc-v2_0_82_2 counter-flat ez-toc-counter ez-toc-custom ez-toc-container-direction\">\n<div class=\"ez-toc-title-container\">\n<p class=\"ez-toc-title\" style=\"cursor:inherit\">Tabla de contenidos. Haciendo clic llega a la informaci\u00f3n.<\/p>\n<span class=\"ez-toc-title-toggle\"><a href=\"#\" class=\"ez-toc-pull-right ez-toc-btn ez-toc-btn-xs ez-toc-btn-default ez-toc-toggle\" aria-label=\"Alternar tabla de contenidos\"><span class=\"ez-toc-js-icon-con\"><span class=\"\"><span class=\"eztoc-hide\" style=\"display:none;\">Toggle<\/span><span class=\"ez-toc-icon-toggle-span\"><svg style=\"fill: #1e73be;color:#1e73be\" xmlns=\"http:\/\/www.w3.org\/2000\/svg\" class=\"list-377408\" width=\"20px\" height=\"20px\" viewBox=\"0 0 24 24\" fill=\"none\"><path d=\"M6 6H4v2h2V6zm14 0H8v2h12V6zM4 11h2v2H4v-2zm16 0H8v2h12v-2zM4 16h2v2H4v-2zm16 0H8v2h12v-2z\" fill=\"currentColor\"><\/path><\/svg><svg style=\"fill: #1e73be;color:#1e73be\" class=\"arrow-unsorted-368013\" xmlns=\"http:\/\/www.w3.org\/2000\/svg\" width=\"10px\" height=\"10px\" viewBox=\"0 0 24 24\" version=\"1.2\" baseProfile=\"tiny\"><path d=\"M18.2 9.3l-6.2-6.3-6.2 6.3c-.2.2-.3.4-.3.7s.1.5.3.7c.2.2.4.3.7.3h11c.3 0 .5-.1.7-.3.2-.2.3-.5.3-.7s-.1-.5-.3-.7zM5.8 14.7l6.2 6.3 6.2-6.3c.2-.2.3-.5.3-.7s-.1-.5-.3-.7c-.2-.2-.4-.3-.7-.3h-11c-.3 0-.5.1-.7.3-.2.2-.3.5-.3.7s.1.5.3.7z\"\/><\/svg><\/span><\/span><\/span><\/a><\/span><\/div>\n<nav><ul class='ez-toc-list ez-toc-list-level-1 ' ><li class='ez-toc-page-1'><a class=\"ez-toc-link ez-toc-heading-1\" href=\"https:\/\/profesornativodealeman.com\/clases-aleman\/clases-particulares-de-aleman\/#Clases_particulares_de_aleman_1X1\" >Clases particulares de\u00a0alem\u00e1n 1X1<\/a><\/li><li class='ez-toc-page-1'><a class=\"ez-toc-link ez-toc-heading-2\" href=\"https:\/\/profesornativodealeman.com\/clases-aleman\/clases-particulares-de-aleman\/#Atencion_personalizada\" >Atencion personalizada<\/a><\/li><li class='ez-toc-page-1'><a class=\"ez-toc-link ez-toc-heading-3\" href=\"https:\/\/profesornativodealeman.com\/clases-aleman\/clases-particulares-de-aleman\/#Flexibilidad_horaria\" >Flexibilidad horaria<\/a><\/li><li class='ez-toc-page-1'><a class=\"ez-toc-link ez-toc-heading-4\" href=\"https:\/\/profesornativodealeman.com\/clases-aleman\/clases-particulares-de-aleman\/#Interaccion\" >Interaccion<\/a><\/li><li class='ez-toc-page-1'><a class=\"ez-toc-link ez-toc-heading-5\" href=\"https:\/\/profesornativodealeman.com\/clases-aleman\/clases-particulares-de-aleman\/#Dinamicas_y_entretenidas\" >Dinamicas y entretenidas<\/a><\/li><li class='ez-toc-page-1'><a class=\"ez-toc-link ez-toc-heading-6\" href=\"https:\/\/profesornativodealeman.com\/clases-aleman\/clases-particulares-de-aleman\/#Mas_efectivas\" >Mas efectivas<\/a><\/li><li class='ez-toc-page-1'><a class=\"ez-toc-link ez-toc-heading-7\" href=\"https:\/\/profesornativodealeman.com\/clases-aleman\/clases-particulares-de-aleman\/#Testimonios_de_los_alumnos_sobre_las_clases_particulares_de_aleman\" >Testimonios de los alumnos\u00a0 sobre las clases particulares de alem\u00e1n:<\/a><\/li><li class='ez-toc-page-1'><a class=\"ez-toc-link ez-toc-heading-8\" href=\"https:\/\/profesornativodealeman.com\/clases-aleman\/clases-particulares-de-aleman\/#Examenes_aprobados\" >Examenes aprobados<\/a><\/li><li class='ez-toc-page-1'><a class=\"ez-toc-link ez-toc-heading-9\" href=\"https:\/\/profesornativodealeman.com\/clases-aleman\/clases-particulares-de-aleman\/#Ninos_adolescentes_y_estudiantes\" >Ni\u00f1os, adolescentes y estudiantes<\/a><\/li><li class='ez-toc-page-1'><a class=\"ez-toc-link ez-toc-heading-10\" href=\"https:\/\/profesornativodealeman.com\/clases-aleman\/clases-particulares-de-aleman\/#Contacto_e_informacion\" >Contacto e informaci\u00f3n<\/a><\/li><li class='ez-toc-page-1'><a class=\"ez-toc-link ez-toc-heading-11\" href=\"https:\/\/profesornativodealeman.com\/clases-aleman\/clases-particulares-de-aleman\/#i\" >\u00a0<\/a><\/li><\/ul><\/nav><\/div>\n<h2><span class=\"ez-toc-section\" id=\"Clases_particulares_de_aleman_1X1\"><\/span><span style=\"color: #0000ff;\"><strong>Clases particulares de\u00a0alem\u00e1n 1X1<\/strong><\/span><span class=\"ez-toc-section-end\"><\/span><\/h2>\n<p>Las clases particulares de alem\u00e1n son una excelente opci\u00f3n para cualquier persona que quiera aprender el idioma de manera efectiva y personalizada. A diferencia de las clases en grupo, las clases particulares se enfocan en las necesidades espec\u00edficas del estudiante y pueden ayudar a acelerar el proceso de aprendizaje.<\/p>\n<h3><span class=\"ez-toc-section\" id=\"Atencion_personalizada\"><\/span><strong><span style=\"color: #0000ff;\">Atencion personalizada<\/span><\/strong><span class=\"ez-toc-section-end\"><\/span><\/h3>\n<p>Una de las principales ventajas de las clases particulares de alem\u00e1n es la atenci\u00f3n personalizada. Los tutores pueden enfocarse en las habilidades y necesidades de cada estudiante, adaptando su ense\u00f1anza a su estilo de aprendizaje y nivel de habilidad. Esto puede ser particularmente \u00fatil para los estudiantes que necesitan ayuda en \u00e1reas espec\u00edficas, como la gram\u00e1tica, la pronunciaci\u00f3n o el vocabulario.<\/p>\n<h3><span class=\"ez-toc-section\" id=\"Flexibilidad_horaria\"><\/span><strong><span style=\"color: #0000ff;\">Flexibilidad horaria<\/span><\/strong><span class=\"ez-toc-section-end\"><\/span><\/h3>\n<p>Adem\u00e1s, las clases particulares de alem\u00e1n ofrecen una mayor flexibilidad en cuanto a horarios y programaci\u00f3n. Los estudiantes pueden elegir el momento y la frecuencia de las clases seg\u00fan sus necesidades y disponibilidad, lo que permite una mayor comodidad y personalizaci\u00f3n en el aprendizaje.<\/p>\n<h3><span class=\"ez-toc-section\" id=\"Interaccion\"><\/span><strong><span style=\"color: #0000ff;\">Interaccion<\/span><\/strong><span class=\"ez-toc-section-end\"><\/span><\/h3>\n<p>Otra ventaja de las clases particulares de alem\u00e1n es la interacci\u00f3n cercana entre el tutor y el estudiante. Esto permite una mayor comunicaci\u00f3n y feedback, lo que a su vez puede mejorar la confianza del estudiante y su capacidad para hablar y entender el idioma.<\/p>\n<h3><span class=\"ez-toc-section\" id=\"Dinamicas_y_entretenidas\"><\/span><span style=\"color: #0000ff;\"><strong>Dinamicas y entretenidas<\/strong><\/span><span class=\"ez-toc-section-end\"><\/span><\/h3>\n<p>Adem\u00e1s, las clases particulares pueden ser m\u00e1s din\u00e1micas y entretenidas que las clases en grupo. Los tutores pueden utilizar diferentes materiales y herramientas de ense\u00f1anza para mantener al estudiante motivado e interesado en el proceso de aprendizaje. Por ejemplo, pueden utilizar juegos interactivos, videos educativos o incluso actividades pr\u00e1cticas en situaciones cotidianas.<\/p>\n<h3><span class=\"ez-toc-section\" id=\"Mas_efectivas\"><\/span><strong><span style=\"color: #0000ff;\">Mas efectivas<\/span><\/strong><span class=\"ez-toc-section-end\"><\/span><\/h3>\n<p>Finalmente, las clases particulares de alem\u00e1n pueden ser m\u00e1s efectivas que las clases en grupo, ya que el tutor puede concentrarse completamente en las necesidades del estudiante. Esto puede resultar en un aprendizaje m\u00e1s r\u00e1pido y eficiente, y el estudiante puede avanzar m\u00e1s r\u00e1pidamente en su nivel de habilidad.<\/p>\n<p>En resumen, las clases particulares de alem\u00e1n son una excelente opci\u00f3n para cualquier persona que quiera aprender el idioma de manera personalizada y efectiva. Con atenci\u00f3n personalizada, flexibilidad en la programaci\u00f3n, interacci\u00f3n cercana, dinamismo y efectividad, las clases particulares de alem\u00e1n pueden ayudar a los estudiantes a alcanzar sus objetivos de aprendizaje y dominar el idioma alem\u00e1n.<\/p>\n<h4><span class=\"ez-toc-section\" id=\"Testimonios_de_los_alumnos_sobre_las_clases_particulares_de_aleman\"><\/span><span style=\"color: #0000ff;\"><b>Testimonios de los alumnos\u00a0 sobre las clases particulares de alem\u00e1n:<\/b><\/span><span class=\"ez-toc-section-end\"><\/span><\/h4>\n<h5><span class=\"ez-toc-section\" id=\"Examenes_aprobados\"><\/span><strong>Examenes aprobados<\/strong><span class=\"ez-toc-section-end\"><\/span><\/h5>\n<div class=\"et_pb_toggle_content clearfix\">\n<div class=\"et_pb_toggle_content clearfix\">\n<p class=\"et_pb_toggle_title\">Gloria Fern\u00e1ndez Polin (Zurich,Suiza)<\/p>\n<p class=\"et_pb_toggle_title\">Profesi\u00f3n: Asesora en comunicaci\u00f3n corporativa.<\/p>\n<p><img fetchpriority=\"high\" decoding=\"async\" class=\"aligncenter size-full wp-image-5853\" src=\"https:\/\/profesornativodealeman.com\/clases-aleman\/wp-content\/uploads\/2018\/04\/gloria-fernandez-polin-con-su-certificado-de-aleman-c1-e1653288822253.jpg\" alt=\"Clases de alem\u00e1n online\" width=\"250\" height=\"319\" title=\"\"><\/p>\n<p class=\"et_pb_toggle_title\">\u00abPart\u00eda de cero y, gracias a Tobias, he conseguido un nivel C1 real y certificado \u00a1\u00a1en apenas un a\u00f1o!! He dado unas tres clases\u00a0 de 90 minutos por semana, lo que significa alcanzar el C1 cuatro veces m\u00e1s r\u00e1pido de lo que se suele estimar para este nivel. Sin duda, un gran ahorro de tiempo y de dinero. L\u00f3gicamente, detr\u00e1s de este logro hay horas de estudio, dedicaci\u00f3n, constancia\u2026 Pero, francamente, no hubiera podido alcanzarlo sin Tobias. \u00c9l no es solo un gran profesor de alem\u00e1n; es un gran coach\/entrenador personal con el que consigues aprender alem\u00e1n de manera eficaz, natural\u2026 y hasta divertida! Bajo mi punto de vista, para aprender alem\u00e1n no solo es importante contar con un profesor cualificado y con experiencia. A esto hay que a\u00f1adir cualidades propias de un coach: empat\u00eda, capacidad de motivaci\u00f3n, claridad, paciencia, capacidad para generar y mantener un entorno de confianza y respeto\u2026 Tobias es, sin duda, el mejor coach de alem\u00e1n que conozco. Y lo recomendar\u00eda a quienes necesiten \/ quieran aprender alem\u00e1n de manera r\u00e1pida y eficaz.<\/p>\n<\/div>\n<\/div>\n<p>&nbsp;<\/p>\n<div id=\"gallery-1\" class=\"gallery galleryid-9728 gallery-columns-3 gallery-size-medium\"><\/div>\n<p>&nbsp;<\/p>\n<p>Sofia Rodriguez Granda, examen C1 y titulo medico aprobado:<\/p>\n<div id='gallery-1' class='gallery galleryid-3325 gallery-columns-3 gallery-size-medium'><figure class='gallery-item'>\n\t\t\t<div class='gallery-icon portrait'>\n\t\t\t\t<a href='https:\/\/profesornativodealeman.com\/clases-aleman\/curso-examen-c1-goethe\/sofia-1-1\/'><img decoding=\"async\" width=\"250\" height=\"445\" src=\"https:\/\/profesornativodealeman.com\/clases-aleman\/wp-content\/uploads\/2021\/05\/Sofia-1-1-e1739436405318.jpg\" class=\"attachment-medium size-medium\" alt=\"aleman para medicos\" title=\"\"><\/a>\n\t\t\t<\/div><\/figure><figure class='gallery-item'>\n\t\t\t<div class='gallery-icon portrait'>\n\t\t\t\t<a href='https:\/\/profesornativodealeman.com\/clases-aleman\/curso-examen-c1-goethe\/fachspracheprufung-sofia-rodriguez-2\/'><img decoding=\"async\" width=\"400\" height=\"568\" src=\"https:\/\/profesornativodealeman.com\/clases-aleman\/wp-content\/uploads\/2019\/05\/Fachsprachepr\u00fcfung-Sofia-Rodriguez.jpg\" class=\"attachment-medium size-medium\" alt=\"Clases de alem\u00e1n online\" aria-describedby=\"gallery-1-7265\" srcset=\"https:\/\/profesornativodealeman.com\/clases-aleman\/wp-content\/uploads\/2019\/05\/Fachsprachepr\u00fcfung-Sofia-Rodriguez.jpg 400w, https:\/\/profesornativodealeman.com\/clases-aleman\/wp-content\/uploads\/2019\/05\/Fachsprachepr\u00fcfung-Sofia-Rodriguez-150x213.jpg 150w\" sizes=\"(max-width: 400px) 100vw, 400px\" title=\"\"><\/a>\n\t\t\t<\/div>\n\t\t\t\t<figcaption class='wp-caption-text gallery-caption' id='gallery-1-7265'>\n\t\t\t\tFachsprachpr\u00fcfung\n\t\t\t\t<\/figcaption><\/figure><figure class='gallery-item'>\n\t\t\t<div class='gallery-icon portrait'>\n\t\t\t\t<a href='https:\/\/profesornativodealeman.com\/clases-aleman\/curso-examen-c1-goethe\/c1-zertifikat-sofia-rodriguez-2\/'><img loading=\"lazy\" decoding=\"async\" width=\"400\" height=\"555\" src=\"https:\/\/profesornativodealeman.com\/clases-aleman\/wp-content\/uploads\/2019\/05\/C1-Zertifikat-Sofia-Rodriguez.jpg\" class=\"attachment-medium size-medium\" alt=\"Clases de alem\u00e1n online\" aria-describedby=\"gallery-1-7260\" srcset=\"https:\/\/profesornativodealeman.com\/clases-aleman\/wp-content\/uploads\/2019\/05\/C1-Zertifikat-Sofia-Rodriguez.jpg 400w, https:\/\/profesornativodealeman.com\/clases-aleman\/wp-content\/uploads\/2019\/05\/C1-Zertifikat-Sofia-Rodriguez-150x208.jpg 150w\" sizes=\"(max-width: 400px) 100vw, 400px\" title=\"\"><\/a>\n\t\t\t<\/div>\n\t\t\t\t<figcaption class='wp-caption-text gallery-caption' id='gallery-1-7260'>\n\t\t\t\tCertificado C1\n\t\t\t\t<\/figcaption><\/figure>\n\t\t<\/div>\n\n<p>Sofia Rodriguez Granda (Valencia, Espa\u00f1a)<br \/>\nProfesi\u00f3n: Medico<\/p>\n<p>\u201cEmpec\u00e9 con Tob\u00edas despu\u00e9s de aprobar el B2 gracias a mucho esfuerzo, sacrificio personal y poca ayuda. Tras haber probado academias, clases particulares individuales y aprendizaje autodidacta Tob\u00edas fue mi salvaci\u00f3n. Sacarme el C1 se hab\u00eda convertido en una necesidad para homologar el t\u00edtulo de m\u00e9dico en Alemania y aumentar las posibilidades de contrataci\u00f3n y, aunque dedicarle el 100% de mi tiempo hizo mucho, la ayuda, los conocimientos y sobre todo el apoyo moral que Tob\u00edas me brind\u00f3 fueron fundamentales.<\/p>\n<p>Tob\u00edas es algo m\u00e1s que un simple profesor, es un compa\u00f1ero de un viaje que, en muchas ocasiones es frustrante y dif\u00edcil: aprender un idioma tan exigente como el alem\u00e1n. Por ello le estar\u00e9 eternamente agradecida. Ojal\u00e1 hubiera m\u00e1s profesionales de la ense\u00f1anza tan dedicados como \u00e9l. \u201c<\/p>\n<p>Por esto y por todo\u2026 DANKE TOBIAS!<\/p>\n<div id=\"gallery-2\" class=\"gallery galleryid-9728 gallery-columns-3 gallery-size-medium\"><\/div>\n<p>Leidy Arango Rohr (Ingelheim, Alemania)<br \/>\nProfesi\u00f3n: Medico<\/p>\n<div id='gallery-2' class='gallery galleryid-3325 gallery-columns-3 gallery-size-medium'><figure class='gallery-item'>\n\t\t\t<div class='gallery-icon portrait'>\n\t\t\t\t<a href='https:\/\/profesornativodealeman.com\/clases-aleman\/?attachment_id=7183'><img loading=\"lazy\" decoding=\"async\" width=\"250\" height=\"254\" src=\"https:\/\/profesornativodealeman.com\/clases-aleman\/wp-content\/uploads\/2019\/04\/Leidy-Arango-e1653553092985.jpg\" class=\"attachment-medium size-medium\" alt=\"Clases de alem\u00e1n online\" srcset=\"https:\/\/profesornativodealeman.com\/clases-aleman\/wp-content\/uploads\/2019\/04\/Leidy-Arango-e1653553092985.jpg 250w, https:\/\/profesornativodealeman.com\/clases-aleman\/wp-content\/uploads\/2019\/04\/Leidy-Arango-e1653553092985-150x152.jpg 150w\" sizes=\"(max-width: 250px) 100vw, 250px\" title=\"\"><\/a>\n\t\t\t<\/div><\/figure><figure class='gallery-item'>\n\t\t\t<div class='gallery-icon portrait'>\n\t\t\t\t<a href='https:\/\/profesornativodealeman.com\/clases-aleman\/clases-particulares-de-aleman\/certificado-telc-b2-leidy-arango-2\/'><img loading=\"lazy\" decoding=\"async\" width=\"300\" height=\"400\" src=\"https:\/\/profesornativodealeman.com\/clases-aleman\/wp-content\/uploads\/2019\/05\/Certificado-Telc-B2-Leidy-Arango-e1652680879221.jpg\" class=\"attachment-medium size-medium\" alt=\"Clases de alem\u00e1n online\" aria-describedby=\"gallery-2-7270\" title=\"\"><\/a>\n\t\t\t<\/div>\n\t\t\t\t<figcaption class='wp-caption-text gallery-caption' id='gallery-2-7270'>\n\t\t\t\tCertificado Telc B2\n\t\t\t\t<\/figcaption><\/figure>\n\t\t<\/div>\n\n<p>&nbsp;<\/p>\n<p>\u201cSoy m\u00e9dica colombiana, actualmente resido en Alemania. Considero que Tobias es un excelente profesor, de los pocos que en realidad disfrutan hacer su trabajo y se preocupan porque el alumno realmente aprenda. Hab\u00eda tenido que interrumpir mis clases en 2 escuelas debido a mi trabajo por lo cual opt\u00e9 por continuar mi aprendizaje con Tobias. Con \u00e9l pude alcanzar el nivel de alem\u00e1n B2 y aprobar el examen Telc B2, me admitieron en el hospital estatal para iniciar mis pr\u00e1cticas y actualmente preparamos el examen m\u00e9dico para convalidaci\u00f3n de mi titulo en Alemania. No dudo en recomendarlo.\u201d<\/p>\n<p>&nbsp;<\/p>\n<h5><span class=\"ez-toc-section\" id=\"Ninos_adolescentes_y_estudiantes\"><\/span><a href=\"https:\/\/profesornativodealeman.com\/clases-aleman\/curso-de-aleman-para-ninos\/\"><strong>Ni\u00f1os, adolescentes y estudiantes<\/strong><\/a><span class=\"ez-toc-section-end\"><\/span><\/h5>\n<p class=\"et_pb_toggle_title\">Natalia B\u00f3dalo y Francisco Pinheiro (Madrid)<\/p>\n<div class=\"et_pb_toggle_content clearfix\">Profesion:Responsable asesor\u00eda jur\u00eddica sector energ\u00e9tico y Director de innovaci\u00f3n TIC<\/div>\n<div><\/div>\n<div class=\"et_pb_toggle_content clearfix\"><img loading=\"lazy\" decoding=\"async\" class=\"alignright wp-image-3717 size-thumbnail lazy loaded\" title=\"Opiniones de los Alumnos 31\" src=\"https:\/\/profesornativodealeman.com\/clases-aleman\/wp-content\/uploads\/2015\/04\/natalia-bodalo-y-francisco-pinheiro-150x150.jpg\" sizes=\"(max-width: 150px) 100vw, 150px\" srcset=\"https:\/\/profesornativodealeman.com\/clases-aleman\/wp-content\/uploads\/2015\/04\/natalia-bodalo-y-francisco-pinheiro-150x150.jpg 150w, https:\/\/profesornativodealeman.com\/clases-aleman\/wp-content\/uploads\/2015\/04\/natalia-bodalo-y-francisco-pinheiro-225x225.jpg 225w, https:\/\/profesornativodealeman.com\/clases-aleman\/wp-content\/uploads\/2015\/04\/natalia-bodalo-y-francisco-pinheiro-200x200.jpg 200w\" alt=\"natalia bodalo y francisco pinheiro\" width=\"150\" height=\"150\" data-src=\"https:\/\/profesornativodealeman.com\/clases-aleman\/wp-content\/uploads\/2015\/04\/natalia-bodalo-y-francisco-pinheiro-150x150.jpg\" data-sizes=\"(max-width: 150px) 100vw, 150px\" data-srcset=\"https:\/\/profesornativodealeman.com\/clases-aleman\/wp-content\/uploads\/2015\/04\/natalia-bodalo-y-francisco-pinheiro-150x150.jpg 150w, https:\/\/profesornativodealeman.com\/clases-aleman\/wp-content\/uploads\/2015\/04\/natalia-bodalo-y-francisco-pinheiro-225x225.jpg 225w, https:\/\/profesornativodealeman.com\/clases-aleman\/wp-content\/uploads\/2015\/04\/natalia-bodalo-y-francisco-pinheiro-200x200.jpg 200w\" data-was-processed=\"true\" \/><\/div>\n<div class=\"et_pb_toggle_content clearfix\">Su comentario sobre las clases de alem\u00e1n para ni\u00f1os con Tobias Woelke:<\/div>\n<div><\/div>\n<div class=\"et_pb_toggle_content clearfix\">\u201cNuestro hijo Iv\u00e1n (15 a\u00f1os) empez\u00f3 las clases con Tobias hace dos a\u00f1os. Anteriormente hab\u00eda estado dos a\u00f1os con clases particulares y tres con clases en el colegio, pero no consegu\u00eda mantener una conversaci\u00f3n en alem\u00e1n. Con Tob\u00edas notamos una r\u00e1pida y considerable mejor\u00eda en la conversaci\u00f3n y en el vocabulario. Iv\u00e1n est\u00e1 muy contento y motivado con las clases y asegura que se le pasan volando. Las clases son muy variadas y Tobias le facilita abundante e interesante material audiovisual. Lo m\u00e1s destacado: su vocaci\u00f3n, paciencia, profesionalidad y capacidad de motivaci\u00f3n.<\/div>\n<div dir=\"auto\"><\/div>\n<p class=\"et_pb_toggle_title\">Maximiliano Rodr\u00edguez In\u00e9s (Madrid)<\/p>\n<div class=\"et_pb_toggle_content clearfix\">\n<p>Profesion: Jefe de Departamento FCC\u00a0<img loading=\"lazy\" decoding=\"async\" class=\"alignright wp-image-3716 size-thumbnail lazy loaded\" title=\"Opiniones de los Alumnos 32\" src=\"https:\/\/profesornativodealeman.com\/clases-aleman\/wp-content\/uploads\/2015\/04\/maximiliano-rodriguez-ines-150x150.jpg\" sizes=\"(max-width: 150px) 100vw, 150px\" srcset=\"https:\/\/profesornativodealeman.com\/clases-aleman\/wp-content\/uploads\/2015\/04\/maximiliano-rodriguez-ines-150x150.jpg 150w, https:\/\/profesornativodealeman.com\/clases-aleman\/wp-content\/uploads\/2015\/04\/maximiliano-rodriguez-ines-225x225.jpg 225w, https:\/\/profesornativodealeman.com\/clases-aleman\/wp-content\/uploads\/2015\/04\/maximiliano-rodriguez-ines-200x200.jpg 200w, https:\/\/profesornativodealeman.com\/clases-aleman\/wp-content\/uploads\/2015\/04\/maximiliano-rodriguez-ines-300x300.jpg 300w\" alt=\"maximiliano rodriguez ines\" width=\"150\" height=\"150\" data-src=\"https:\/\/profesornativodealeman.com\/clases-aleman\/wp-content\/uploads\/2015\/04\/maximiliano-rodriguez-ines-150x150.jpg\" data-sizes=\"(max-width: 150px) 100vw, 150px\" data-srcset=\"https:\/\/profesornativodealeman.com\/clases-aleman\/wp-content\/uploads\/2015\/04\/maximiliano-rodriguez-ines-150x150.jpg 150w, https:\/\/profesornativodealeman.com\/clases-aleman\/wp-content\/uploads\/2015\/04\/maximiliano-rodriguez-ines-225x225.jpg 225w, https:\/\/profesornativodealeman.com\/clases-aleman\/wp-content\/uploads\/2015\/04\/maximiliano-rodriguez-ines-200x200.jpg 200w, https:\/\/profesornativodealeman.com\/clases-aleman\/wp-content\/uploads\/2015\/04\/maximiliano-rodriguez-ines-300x300.jpg 300w\" data-was-processed=\"true\" \/><\/p>\n<p>\u201cLa experiencia de mi hijo Maxi de 13 a\u00f1os con el aprendizaje de Alem\u00e1n ha sido magn\u00edfica y, en ello ha intervenido de forma decisiva Tob\u00edas. Su forma de impartir las clases de una forma pedag\u00f3gica y distendida, adaptando en cada momento los contenidos y los temas de conversaci\u00f3n a cada alumno, hace que \u00e9ste sienta la necesidad de profundizar de una manera espont\u00e1nea en aspectos sociales y culturales t\u00edpicamente alemanes. Adem\u00e1s mediante la realizaci\u00f3n de ejercicios y di\u00e1logos enfocados a la estimulaci\u00f3n de las habilidades de escribir, escuchar y hablar, el alumno gana en confianza y es capaz de derribar sin esfuerzo esa barrera que algunas veces aparece al empezar a hablar un nuevo idioma\u201d.<\/p>\n<\/div>\n<h5><\/h5>\n<p class=\"et_pb_toggle_title\">Ignacio Camarero Tabera (Madrid)<\/p>\n<div class=\"et_pb_toggle_content clearfix\">\n<p>Profesion:Ingeniero Inform\u00e1tico\u00a0\u00a0\u00a0<img loading=\"lazy\" decoding=\"async\" class=\"alignright size-thumbnail wp-image-4165 lazy loaded\" title=\"Opiniones de los Alumnos 30\" src=\"https:\/\/profesornativodealeman.com\/clases-aleman\/wp-content\/uploads\/2015\/04\/ignacio-camarero-tabera-150x150.jpg\" sizes=\"(max-width: 150px) 100vw, 150px\" srcset=\"https:\/\/profesornativodealeman.com\/clases-aleman\/wp-content\/uploads\/2015\/04\/ignacio-camarero-tabera-150x150.jpg 150w, https:\/\/profesornativodealeman.com\/clases-aleman\/wp-content\/uploads\/2015\/04\/ignacio-camarero-tabera-200x200.jpg 200w\" alt=\"ignacio-camarero-tabera\" width=\"150\" height=\"150\" data-src=\"https:\/\/profesornativodealeman.com\/clases-aleman\/wp-content\/uploads\/2015\/04\/ignacio-camarero-tabera-150x150.jpg\" data-sizes=\"(max-width: 150px) 100vw, 150px\" data-srcset=\"https:\/\/profesornativodealeman.com\/clases-aleman\/wp-content\/uploads\/2015\/04\/ignacio-camarero-tabera-150x150.jpg 150w, https:\/\/profesornativodealeman.com\/clases-aleman\/wp-content\/uploads\/2015\/04\/ignacio-camarero-tabera-200x200.jpg 200w\" data-was-processed=\"true\" \/><\/p>\n<p>\u201cTobias es un gran profesor, que se preocupa por llegar al alumno, personaliza las clases en funci\u00f3n del car\u00e1cter del alumno. Nuestro hijo \u00c1lvaro (13 a\u00f1os) da alem\u00e1n en el colegio, pero no notabamos que avanzase y desde que tiene clases con Tobias la actitud hacia el alem\u00e1n es distinta lo que facilita el progreso en el aprendizaje del alem\u00e1n.<\/p>\n<p>Las clases de \u00c1lvaro son por Zoom, pero eso no impide que se note la implicaci\u00f3n y cercan\u00eda del profesor durante la clase y que resulten amenas.<\/p>\n<p>La verdad es que todo lo que podamos comentar sobre el no refleja lo profesional que es.<\/p>\n<p>Lo m\u00e1s destacado: persona que disfruta ense\u00f1ando su idioma, puntual, simp\u00e1tico, implicado 100% en el trabajo, profesional\u2026\u201d<\/p>\n<\/div>\n<script>\nvar gform;gform||(document.addEventListener(\"gform_main_scripts_loaded\",function(){gform.scriptsLoaded=!0}),document.addEventListener(\"gform\/theme\/scripts_loaded\",function(){gform.themeScriptsLoaded=!0}),window.addEventListener(\"DOMContentLoaded\",function(){gform.domLoaded=!0}),gform={domLoaded:!1,scriptsLoaded:!1,themeScriptsLoaded:!1,isFormEditor:()=>\"function\"==typeof InitializeEditor,callIfLoaded:function(o){return!(!gform.domLoaded||!gform.scriptsLoaded||!gform.themeScriptsLoaded&&!gform.isFormEditor()||(gform.isFormEditor()&&console.warn(\"The use of gform.initializeOnLoaded() is deprecated in the form editor context and will be removed in Gravity Forms 3.1.\"),o(),0))},initializeOnLoaded:function(o){gform.callIfLoaded(o)||(document.addEventListener(\"gform_main_scripts_loaded\",()=>{gform.scriptsLoaded=!0,gform.callIfLoaded(o)}),document.addEventListener(\"gform\/theme\/scripts_loaded\",()=>{gform.themeScriptsLoaded=!0,gform.callIfLoaded(o)}),window.addEventListener(\"DOMContentLoaded\",()=>{gform.domLoaded=!0,gform.callIfLoaded(o)}))},hooks:{action:{},filter:{}},addAction:function(o,r,e,t){gform.addHook(\"action\",o,r,e,t)},addFilter:function(o,r,e,t){gform.addHook(\"filter\",o,r,e,t)},doAction:function(o){gform.doHook(\"action\",o,arguments)},applyFilters:function(o){return gform.doHook(\"filter\",o,arguments)},removeAction:function(o,r){gform.removeHook(\"action\",o,r)},removeFilter:function(o,r,e){gform.removeHook(\"filter\",o,r,e)},addHook:function(o,r,e,t,n){null==gform.hooks[o][r]&&(gform.hooks[o][r]=[]);var d=gform.hooks[o][r];null==n&&(n=r+\"_\"+d.length),gform.hooks[o][r].push({tag:n,callable:e,priority:t=null==t?10:t})},doHook:function(r,o,e){var t;if(e=Array.prototype.slice.call(e,1),null!=gform.hooks[r][o]&&((o=gform.hooks[r][o]).sort(function(o,r){return o.priority-r.priority}),o.forEach(function(o){\"function\"!=typeof(t=o.callable)&&(t=window[t]),\"action\"==r?t.apply(null,e):e[0]=t.apply(null,e)})),\"filter\"==r)return e[0]},removeHook:function(o,r,t,n){var e;null!=gform.hooks[o][r]&&(e=(e=gform.hooks[o][r]).filter(function(o,r,e){return!!(null!=n&&n!=o.tag||null!=t&&t!=o.priority)}),gform.hooks[o][r]=e)}});\n<\/script>\n\n                <div class='gf_browser_gecko gform_wrapper gform_legacy_markup_wrapper gform-theme--no-framework' data-form-theme='legacy' data-form-index='0' id='gform_wrapper_1' >\n                        <div class='gform_heading'>\n                            <h3 class=\"gform_title\"><span class=\"ez-toc-section\" id=\"Contacto_e_informacion\"><\/span>Contacto e informaci\u00f3n<span class=\"ez-toc-section-end\"><\/span><\/h3>\n                            <p class='gform_description'>Formulario de petici\u00f3n de informaci\u00f3n y contacto<\/p>\n                        <\/div><form method='post' enctype='multipart\/form-data'  id='gform_1'  action='\/clases-aleman\/wp-json\/wp\/v2\/posts\/3325' data-formid='1' novalidate>\n                        <div class='gform-body gform_body'><ul id='gform_fields_1' class='gform_fields top_label form_sublabel_below description_below validation_below'><li id=\"field_1_11\" class=\"gfield gfield--type-honeypot gform_validation_container field_sublabel_below gfield--has-description field_description_below field_validation_below gfield_visibility_visible\"  ><label class='gfield_label gform-field-label' for='input_1_11'>Name<\/label><div class='ginput_container'><input name='input_11' id='input_1_11' type='text' value='' autocomplete='new-password'\/><\/div><div class='gfield_description' id='gfield_description_1_11'>Este campo es un campo de validaci\u00f3n y debe quedar sin cambios.<\/div><\/li><li id=\"field_1_1\" class=\"gfield gfield--type-text gfield--input-type-text gfield_contains_required field_sublabel_below gfield--no-description field_description_below field_validation_below gfield_visibility_visible\"  ><label class='gfield_label gform-field-label' for='input_1_1'>Nombre<span class=\"gfield_required\"><span class=\"gfield_required gfield_required_asterisk\">*<\/span><\/span><\/label><div class='ginput_container ginput_container_text'><input name='input_1' id='input_1_1' type='text' value='' class='large'    placeholder='NOMBRE' aria-required=\"true\" aria-invalid=\"false\"   \/><\/div><\/li><li id=\"field_1_3\" class=\"gfield gfield--type-email gfield--input-type-email gfield_contains_required field_sublabel_below gfield--no-description field_description_below field_validation_below gfield_visibility_visible\"  ><label class='gfield_label gform-field-label' for='input_1_3'>Email<span class=\"gfield_required\"><span class=\"gfield_required gfield_required_asterisk\">*<\/span><\/span><\/label><div class='ginput_container ginput_container_email'>\n                            <input name='input_3' id='input_1_3' type='email' value='' class='large'   placeholder='EMAIL' aria-required=\"true\" aria-invalid=\"false\"  \/>\n                        <\/div><\/li><li id=\"field_1_4\" class=\"gfield gfield--type-textarea gfield--input-type-textarea gfield_contains_required field_sublabel_below gfield--no-description field_description_below field_validation_below gfield_visibility_visible\"  ><label class='gfield_label gform-field-label' for='input_1_4'>Mensaje<span class=\"gfield_required\"><span class=\"gfield_required gfield_required_asterisk\">*<\/span><\/span><\/label><div class='ginput_container ginput_container_textarea'><textarea name='input_4' id='input_1_4' class='textarea small'    placeholder='MENSAJE' aria-required=\"true\" aria-invalid=\"false\"   rows='10' cols='50'><\/textarea><\/div><\/li><li id=\"field_1_8\" class=\"gfield gfield--type-checkbox gfield--type-choice gfield--input-type-checkbox gfield_contains_required field_sublabel_below gfield--no-description field_description_below field_validation_below gfield_visibility_visible\"  ><label class='gfield_label gform-field-label gfield_label_before_complex' >He le\u00eddo y acepto el &quot;Aviso Legal&quot; y la &quot;Pol\u00edtica de Privacidad&quot;<span class=\"gfield_required\"><span class=\"gfield_required gfield_required_asterisk\">*<\/span><\/span><\/label><div class='ginput_container ginput_container_checkbox'><ul class='gfield_checkbox' id='input_1_8'><li class='gchoice gchoice_1_8_1'>\n\t\t\t\t\t\t\t\t<input class='gfield-choice-input' name='input_8.1' type='checkbox'  value='Los datos facilitados en este formulario, quedar\u00e1n registrados en un fichero titularidad del Responsable de los Ficheros cuyos datos se detallan en el &lt;a href=&quot;https:\/\/profesornativodealeman.com\/clases-aleman\/aviso-legal\/&quot;&gt;Aviso Legal&lt;\/a&gt;. Podr\u00e1s ejercer tus derechos A.R.C.O, mediante comunicaci\u00f3n al e-mail: profesornativodealeman@gmail.com. Para m\u00e1s informaci\u00f3n sobre como tratamos tus datos, visita nuestra &lt;a href=&quot;https:\/\/profesornativodealeman.com\/clases-aleman\/politica-de-privacidad\/&quot;&gt;\u201cPol\u00edtica de Privacidad\u201d.&lt;\/a&gt;' checked='checked' id='choice_1_8_1'   \/>\n\t\t\t\t\t\t\t\t<label for='choice_1_8_1' id='label_1_8_1' class='gform-field-label gform-field-label--type-inline'>Los datos facilitados en este formulario, quedar\u00e1n registrados en un fichero titularidad del Responsable de los Ficheros cuyos datos se detallan en el <a href=\"https:\/\/profesornativodealeman.com\/clases-aleman\/aviso-legal\/\">Aviso Legal<\/a>. Podr\u00e1s ejercer tus derechos A.R.C.O, mediante comunicaci\u00f3n al e-mail: profesornativodealeman@gmail.com. Para m\u00e1s informaci\u00f3n sobre como tratamos tus datos, visita nuestra <a href=\"https:\/\/profesornativodealeman.com\/clases-aleman\/politica-de-privacidad\/\">\u201cPol\u00edtica de Privacidad\u201d.<\/a><\/label>\n\t\t\t\t\t\t\t<\/li><\/ul><\/div><\/li><li id=\"field_1_9\" class=\"gfield gfield--type-hidden gfield--input-type-hidden gfield--width-full gform_hidden field_sublabel_below gfield--no-description field_description_below field_validation_below gfield_visibility_visible\"  ><div class='ginput_container ginput_container_text'><input name='input_9' id='input_1_9' type='hidden' class='gform_hidden'  aria-invalid=\"false\" value='https:\/\/profesornativodealeman.com\/clases-aleman\/wp-json\/wp\/v2\/posts\/3325https:\/\/profesornativodealeman.com\/clases-aleman\/wp-json\/wp\/v2\/posts\/3325' \/><\/div><\/li><li id=\"field_1_10\" class=\"gfield gfield--type-hidden gfield--input-type-hidden gform_hidden field_sublabel_below gfield--no-description field_description_below field_validation_below gfield_visibility_visible\"  ><div class='ginput_container ginput_container_text'><input name='input_10' id='input_1_10' type='hidden' class='gform_hidden'  aria-invalid=\"false\" value='https:\/\/profesornativodealeman.com\/clases-aleman\/wp-json\/wp\/v2\/posts\/3325' \/><\/div><\/li><\/ul><\/div>\n        <div class='gform-footer gform_footer top_label'> <input type='submit' id='gform_submit_button_1' class='gform_button button' onclick='gform.submission.handleButtonClick(this);' data-submission-type='submit' value='Enviar'  \/> \n            <input type='hidden' class='gform_hidden' name='gform_submission_method' data-js='gform_submission_method_1' value='postback' \/>\n            <input type='hidden' class='gform_hidden' name='gform_theme' data-js='gform_theme_1' id='gform_theme_1' value='legacy' \/>\n            <input type='hidden' class='gform_hidden' name='gform_style_settings' data-js='gform_style_settings_1' id='gform_style_settings_1' value='[]' \/>\n            <input type='hidden' class='gform_hidden' name='is_submit_1' value='1' \/>\n            <input type='hidden' class='gform_hidden' name='gform_submit' value='1' \/>\n            \n            <input type='hidden' class='gform_hidden' name='gform_currency' data-currency='USD' value='vGZ5gYQpthNLXB8v\/eLLhNmmJALAB0JpfbRCJd5c2oup10nkFjgn\/bBd2ggB7LU1lYrO2rZnfqot0zyciT8JGSsXoYv4ywEnrJZ\/bsz1JDgXMXk=' \/>\n            <input type='hidden' class='gform_hidden' name='gform_unique_id' value='' \/>\n            <input type='hidden' class='gform_hidden' name='state_1' value='WyJbXSIsImE3ZTlkMWQxZTkyMDYxYzlmYzQ2MTlkZDIyMzA3ODZkIl0=' \/>\n            <input type='hidden' autocomplete='off' class='gform_hidden' name='gform_target_page_number_1' id='gform_target_page_number_1' value='0' \/>\n            <input type='hidden' autocomplete='off' class='gform_hidden' name='gform_source_page_number_1' id='gform_source_page_number_1' value='1' \/>\n            <input type='hidden' name='gform_field_values' value='' \/>\n            \n        <\/div>\n                        <p style=\"display: none !important;\" class=\"akismet-fields-container\" data-prefix=\"ak_\"><label>&#916;<textarea name=\"ak_hp_textarea\" cols=\"45\" rows=\"8\" maxlength=\"100\"><\/textarea><\/label><input type=\"hidden\" id=\"ak_js_1\" name=\"ak_js\" value=\"151\"\/><script>\ndocument.getElementById( \"ak_js_1\" ).setAttribute( \"value\", ( new Date() ).getTime() );\n<\/script>\n<\/p><\/form>\n                        <\/div><script>\ngform.initializeOnLoaded( function() {gformInitSpinner( 1, 'https:\/\/profesornativodealeman.com\/clases-aleman\/wp-content\/plugins\/gravityforms\/images\/spinner.svg', true );jQuery('#gform_ajax_frame_1').on('load',function(){var contents = jQuery(this).contents().find('*').html();var is_postback = contents.indexOf('GF_AJAX_POSTBACK') >= 0;if(!is_postback){return;}var form_content = jQuery(this).contents().find('#gform_wrapper_1');var is_confirmation = jQuery(this).contents().find('#gform_confirmation_wrapper_1').length > 0;var is_redirect = contents.indexOf('gformRedirect(){') >= 0;var is_form = form_content.length > 0 && ! is_redirect && ! is_confirmation;var mt = parseInt(jQuery('html').css('margin-top'), 10) + parseInt(jQuery('body').css('margin-top'), 10) + 100;if(is_form){jQuery('#gform_wrapper_1').html(form_content.html());if(form_content.hasClass('gform_validation_error')){jQuery('#gform_wrapper_1').addClass('gform_validation_error');} else {jQuery('#gform_wrapper_1').removeClass('gform_validation_error');}setTimeout( function() { \/* delay the scroll by 50 milliseconds to fix a bug in chrome *\/  }, 50 );if(window['gformInitDatepicker']) {gformInitDatepicker();}if(window['gformInitPriceFields']) {gformInitPriceFields();}var current_page = jQuery('#gform_source_page_number_1').val();gformInitSpinner( 1, 'https:\/\/profesornativodealeman.com\/clases-aleman\/wp-content\/plugins\/gravityforms\/images\/spinner.svg', true );jQuery(document).trigger('gform_page_loaded', [1, current_page]);window['gf_submitting_1'] = false;}else if(!is_redirect){var confirmation_content = jQuery(this).contents().find('.GF_AJAX_POSTBACK').html();if(!confirmation_content){confirmation_content = contents;}jQuery('#gform_wrapper_1').replaceWith(confirmation_content);jQuery(document).trigger('gform_confirmation_loaded', [1]);window['gf_submitting_1'] = false;wp.a11y.speak(jQuery('#gform_confirmation_message_1').text());}else{jQuery('#gform_1').append(contents);if(window['gformRedirect']) {gformRedirect();}}jQuery(document).trigger(\"gform_pre_post_render\", [{ formId: \"1\", currentPage: \"current_page\", abort: function() { this.preventDefault(); } }]);        if (event && event.defaultPrevented) {                return;        }        const gformWrapperDiv = document.getElementById( \"gform_wrapper_1\" );        if ( gformWrapperDiv ) {            const visibilitySpan = document.createElement( \"span\" );            visibilitySpan.id = \"gform_visibility_test_1\";            gformWrapperDiv.insertAdjacentElement( \"afterend\", visibilitySpan );        }        const visibilityTestDiv = document.getElementById( \"gform_visibility_test_1\" );        let postRenderFired = false;        function triggerPostRender() {            if ( postRenderFired ) {                return;            }            postRenderFired = true;            gform.core.triggerPostRenderEvents( 1, current_page );            if ( visibilityTestDiv ) {                visibilityTestDiv.parentNode.removeChild( visibilityTestDiv );            }        }        function debounce( func, wait, immediate ) {            var timeout;            return function() {                var context = this, args = arguments;                var later = function() {                    timeout = null;                    if ( !immediate ) func.apply( context, args );                };                var callNow = immediate && !timeout;                clearTimeout( timeout );                timeout = setTimeout( later, wait );                if ( callNow ) func.apply( context, args );            };        }        const debouncedTriggerPostRender = debounce( function() {            triggerPostRender();        }, 200 );        if ( visibilityTestDiv && visibilityTestDiv.offsetParent === null ) {            const observer = new MutationObserver( ( mutations ) => {                mutations.forEach( ( mutation ) => {                    if ( mutation.type === 'attributes' && visibilityTestDiv.offsetParent !== null ) {                        debouncedTriggerPostRender();                        observer.disconnect();                    }                });            });            observer.observe( document.body, {                attributes: true,                childList: false,                subtree: true,                attributeFilter: [ 'style', 'class' ],            });        } else {            triggerPostRender();        }    } );} );\n<\/script>\n\n<p>En el siguiente link puedes leer informaci\u00f3n sobre los niveles de aprendizaje<\/p>\n<p><strong><span style=\"color: #0000ff;\"><a style=\"color: #0000ff;\" href=\"https:\/\/es.wikipedia.org\/wiki\/Marco_Com%C3%BAn_Europeo_de_Referencia_para_las_lenguas#:~:text=El%20Marco%20Com%C3%BAn%20Europeo%20de,comprensi%C3%B3n%20en%20una%20determinada%20lengua.\" target=\"_blank\" rel=\"noopener\">Marco Com\u00fan Europeo de Referencia para las lenguas<\/a><\/span><\/strong><\/p>\n<p><strong>21.04.2023 Se actualiza el contenido del articulo<\/strong><\/p>\n<h4><span class=\"ez-toc-section\" id=\"i\"><\/span><span style=\"color: #0000ff;\"><strong>\u00a0<\/strong><\/span><span class=\"ez-toc-section-end\"><\/span><\/h4>\n","protected":false},"excerpt":{"rendered":"<p>Clases particulares de\u00a0alem\u00e1n 1X1 Las clases particulares de alem\u00e1n son una excelente opci\u00f3n para cualquier persona que quiera aprender el idioma de manera efectiva y personalizada. A diferencia de las clases en grupo, las clases particulares se enfocan en las necesidades espec\u00edficas del estudiante y pueden ayudar a acelerar el proceso de aprendizaje. Atencion personalizada [&hellip;]<\/p>\n","protected":false},"author":4,"featured_media":15247,"comment_status":"open","ping_status":"open","sticky":false,"template":"","format":"standard","meta":{"footnotes":""},"categories":[2624],"tags":[3684,232,4014,4015,2798],"class_list":["post-3325","post","type-post","status-publish","format-standard","has-post-thumbnail","hentry","category-cursos-de-aleman","tag-clases-de-aleman-particulares","tag-clases-particulares-de-aleman","tag-clases-particulares-de-aleman-en-alemania","tag-clases-particulares-de-alemane-en-suiza","tag-profesor-particular-de-aleman"],"_links":{"self":[{"href":"https:\/\/profesornativodealeman.com\/clases-aleman\/wp-json\/wp\/v2\/posts\/3325","targetHints":{"allow":["GET"]}}],"collection":[{"href":"https:\/\/profesornativodealeman.com\/clases-aleman\/wp-json\/wp\/v2\/posts"}],"about":[{"href":"https:\/\/profesornativodealeman.com\/clases-aleman\/wp-json\/wp\/v2\/types\/post"}],"author":[{"embeddable":true,"href":"https:\/\/profesornativodealeman.com\/clases-aleman\/wp-json\/wp\/v2\/users\/4"}],"replies":[{"embeddable":true,"href":"https:\/\/profesornativodealeman.com\/clases-aleman\/wp-json\/wp\/v2\/comments?post=3325"}],"version-history":[{"count":0,"href":"https:\/\/profesornativodealeman.com\/clases-aleman\/wp-json\/wp\/v2\/posts\/3325\/revisions"}],"wp:featuredmedia":[{"embeddable":true,"href":"https:\/\/profesornativodealeman.com\/clases-aleman\/wp-json\/wp\/v2\/media\/15247"}],"wp:attachment":[{"href":"https:\/\/profesornativodealeman.com\/clases-aleman\/wp-json\/wp\/v2\/media?parent=3325"}],"wp:term":[{"taxonomy":"category","embeddable":true,"href":"https:\/\/profesornativodealeman.com\/clases-aleman\/wp-json\/wp\/v2\/categories?post=3325"},{"taxonomy":"post_tag","embeddable":true,"href":"https:\/\/profesornativodealeman.com\/clases-aleman\/wp-json\/wp\/v2\/tags?post=3325"}],"curies":[{"name":"wp","href":"https:\/\/api.w.org\/{rel}","templated":true}]}}