{"id":3365,"date":"2017-09-08T16:41:40","date_gmt":"2017-09-08T16:41:40","guid":{"rendered":"http:\/\/disenopaginasweb.net\/aleman\/?p=3365"},"modified":"2017-10-06T13:44:08","modified_gmt":"2017-10-06T13:44:08","slug":"el-preterito-en-aleman","status":"publish","type":"post","link":"https:\/\/profesornativodealeman.com\/clases-aleman\/el-preterito-en-aleman\/","title":{"rendered":"El pret\u00e9rito en aleman"},"content":{"rendered":"<p><strong>\u00a0Se actualiza el Post \u201cEl pret\u00e9rito en alem\u00e1n\u201d<\/strong><\/p>\n<p>\u00a9Tobias Woelke.Todos los derechos reservados<a href=\"https:\/\/profesornativodealeman.com\/clases-aleman\/wp-content\/uploads\/2015\/05\/ms-icon-144x144.png\"><img decoding=\"async\" class=\"wp-image-2619 alignnone\" src=\"https:\/\/profesornativodealeman.com\/clases-aleman\/wp-content\/uploads\/2015\/05\/ms-icon-144x144.png\" alt=\"Clases de alem\u00e1n online\" width=\"80\" height=\"80\" title=\"\"><\/a><\/p>\n<figure id=\"attachment_4927\" aria-describedby=\"caption-attachment-4927\" style=\"width: 640px\" class=\"wp-caption aligncenter\"><a href=\"https:\/\/profesornativodealeman.com\/clases-aleman\/wp-content\/uploads\/2016\/04\/4844781116_820f61c82c_z.jpg\"><img fetchpriority=\"high\" decoding=\"async\" class=\"wp-image-4927 size-full\" title=\"El preterito en aleman\" src=\"https:\/\/profesornativodealeman.com\/clases-aleman\/wp-content\/uploads\/2016\/04\/4844781116_820f61c82c_z.jpg\" alt=\"Clases de alem\u00e1n online\" width=\"640\" height=\"194\" srcset=\"https:\/\/profesornativodealeman.com\/clases-aleman\/wp-content\/uploads\/2016\/04\/4844781116_820f61c82c_z.jpg 640w, https:\/\/profesornativodealeman.com\/clases-aleman\/wp-content\/uploads\/2016\/04\/4844781116_820f61c82c_z-300x91.jpg 300w\" sizes=\"(max-width: 640px) 100vw, 640px\" \/><\/a><figcaption id=\"caption-attachment-4927\" class=\"wp-caption-text\"><strong>El Preterito es el pasado simple del aleman<\/strong><\/figcaption><\/figure>\n<div id=\"ez-toc-container\" class=\"ez-toc-v2_0_82_2 counter-flat ez-toc-counter ez-toc-custom ez-toc-container-direction\">\n<div class=\"ez-toc-title-container\">\n<p class=\"ez-toc-title\" style=\"cursor:inherit\">Tabla de contenidos. Haciendo clic llega a la informaci\u00f3n.<\/p>\n<span class=\"ez-toc-title-toggle\"><a href=\"#\" class=\"ez-toc-pull-right ez-toc-btn ez-toc-btn-xs ez-toc-btn-default ez-toc-toggle\" aria-label=\"Alternar tabla de contenidos\"><span class=\"ez-toc-js-icon-con\"><span class=\"\"><span class=\"eztoc-hide\" style=\"display:none;\">Toggle<\/span><span class=\"ez-toc-icon-toggle-span\"><svg style=\"fill: #1e73be;color:#1e73be\" xmlns=\"http:\/\/www.w3.org\/2000\/svg\" class=\"list-377408\" width=\"20px\" height=\"20px\" viewBox=\"0 0 24 24\" fill=\"none\"><path d=\"M6 6H4v2h2V6zm14 0H8v2h12V6zM4 11h2v2H4v-2zm16 0H8v2h12v-2zM4 16h2v2H4v-2zm16 0H8v2h12v-2z\" fill=\"currentColor\"><\/path><\/svg><svg style=\"fill: #1e73be;color:#1e73be\" class=\"arrow-unsorted-368013\" xmlns=\"http:\/\/www.w3.org\/2000\/svg\" width=\"10px\" height=\"10px\" viewBox=\"0 0 24 24\" version=\"1.2\" baseProfile=\"tiny\"><path d=\"M18.2 9.3l-6.2-6.3-6.2 6.3c-.2.2-.3.4-.3.7s.1.5.3.7c.2.2.4.3.7.3h11c.3 0 .5-.1.7-.3.2-.2.3-.5.3-.7s-.1-.5-.3-.7zM5.8 14.7l6.2 6.3 6.2-6.3c.2-.2.3-.5.3-.7s-.1-.5-.3-.7c-.2-.2-.4-.3-.7-.3h-11c-.3 0-.5.1-.7.3-.2.2-.3.5-.3.7s.1.5.3.7z\"\/><\/svg><\/span><\/span><\/span><\/a><\/span><\/div>\n<nav><ul class='ez-toc-list ez-toc-list-level-1 ' ><li class='ez-toc-page-1'><a class=\"ez-toc-link ez-toc-heading-1\" href=\"https:\/\/profesornativodealeman.com\/clases-aleman\/el-preterito-en-aleman\/#El_preterito_en_alemanPrateritum\" >El pret\u00e9rito en alem\u00e1n(Pr\u00e4teritum)<\/a><\/li><li class='ez-toc-page-1'><a class=\"ez-toc-link ez-toc-heading-2\" href=\"https:\/\/profesornativodealeman.com\/clases-aleman\/el-preterito-en-aleman\/#La_conjugacion_del_preterito_en_aleman\" >La conjugaci\u00f3n del pret\u00e9rito en alem\u00e1n:<\/a><\/li><\/ul><\/nav><\/div>\n<h3><span class=\"ez-toc-section\" id=\"El_preterito_en_alemanPrateritum\"><\/span><span style=\"color: #000000;\"><strong>El pret\u00e9rito en alem\u00e1n(Pr\u00e4teritum)<\/strong><\/span><span class=\"ez-toc-section-end\"><\/span><\/h3>\n<p>Para comenzar es importante mencionar que en el lenguaje hablado se usa mucho mas el perfecto (Perfekt) que el\u00a0<strong>pret\u00e9rito<\/strong>. El pret\u00e9rito se usa sobre todo en textos literarios, noticias, cuentos\u00a0 o sea en el lenguaje escrito y en algunas regiones. Los hermanos Grimm hicieron mucho uso del preterito en sus cuentos.<\/p>\n<p>El\u00a0<strong>pret\u00e9rito en alem\u00e1n<\/strong>\u00a0se usa con los verbos modales y con sein y haben cuando tienen funcion como pleno verbo. Ejemplos:<\/p>\n<p>Ich wollte nach Berlin fahren \u00a0 \u00a0 \u00a0 \u00a0 \u00a0 \u00a0 \u00a0 \u00a0 \u00a0 \u00a0 \u00a0 \u00a0 \u00a0 \u00a0 \u00a0 \u00a0 \u00a0 \u00a0 \u00a0 \u00a0 \u00a0 \u00a0 \u00a0(verbo modal wollen en Preterito)<\/p>\n<p>Peter musste um 15h seine Hausaufgaben machen \u00a0 \u00a0 \u00a0(verbo modal m\u00fcssen en preterito)<\/p>\n<p>&nbsp;<\/p>\n<p>Michael war in Italien \u00a0 \u00a0 \u00a0 \u00a0 \u00a0 \u00a0 \u00a0 \u00a0 \u00a0 \u00a0 \u00a0 \u00a0 \u00a0 \u00a0 \u00a0 \u00a0 \u00a0 \u00a0 \u00a0 \u00a0 \u00a0 \u00a0 \u00a0 \u00a0 \u00a0 \u00a0 \u00a0 \u00a0 \u00a0 (verbos sein en pret\u00e9rito)<\/p>\n<p>Sabine hatte vor 10 Jahren eine\u00a0 Katze \u00a0 \u00a0 \u00a0 \u00a0 \u00a0 \u00a0 \u00a0 \u00a0 \u00a0 \u00a0 \u00a0 \u00a0 \u00a0 \u00a0 (verbos haben en pret\u00e9rito)<\/p>\n<p>&nbsp;<\/p>\n<p>Hay verbos que se usan en el\u00a0<strong>pret\u00e8rito en aleman<\/strong>\u00a0de forma obligatoria. Son algunos verbos con preposiciones y frases en infinitivo con zu. Ejemplos:<\/p>\n<p>verbo stammen aus: \u00a0 \u00a0 \u00a0 \u00a0Michael stammte aus der Schweiz<\/p>\n<p>verbo drohen zu: \u00a0 \u00a0 \u00a0 \u00a0 \u00a0 \u00a0 \u00a0Die extreme Hitze droht die ganze Ernte zu zerst\u00f6ren<\/p>\n<p>&nbsp;<\/p>\n<h3><span class=\"ez-toc-section\" id=\"La_conjugacion_del_preterito_en_aleman\"><\/span><span style=\"color: #000000;\"><strong>La conjugaci\u00f3n del pret\u00e9rito en alem\u00e1n:<\/strong><\/span><span class=\"ez-toc-section-end\"><\/span><\/h3>\n<p>Usamos como ejemplo el verbo modal \u201cwollen\u201d y la ra\u00edz para la conjugaci\u00f3n es \u201cwoll\u201d:<\/p>\n<p>Ich wollte nach Italien fahren<\/p>\n<p>Du wolltest ein Auto kaufen.<\/p>\n<p>Er,Sie,es wollte in den Park gehen.<\/p>\n<p>Wir wollten das Tennispiel sehen<\/p>\n<p>Ihr wolltet Karten spielen.<\/p>\n<p>Sie wollten ein Buch lesen.<\/p>\n<p>&nbsp;<\/p>\n<p>\u00bfC\u00f3mo se usan los verbos separables en <strong>el pret\u00e9rito en alem\u00e1n<\/strong>?<\/p>\n<p>Los verbos separables se separan igual como en el presente. Como ejemplo usamos el verbo \u201caufmachen\u201d,abrir<\/p>\n<p>Pr\u00e4sens: Peter macht die T\u00fcr auf<\/p>\n<p>Preterito: Peter machte die T\u00fcr auf<\/p>\n<p>otro ejemplo de un verbo separable, einkaufen-hacer la compra<\/p>\n<p>Pr\u00e4sens: Peter kauft ein<\/p>\n<p>Pr\u00e4teritum: Peter kaufte ein<\/p>\n<p>&nbsp;<\/p>\n<p>Esto ha sido todo sobre este tema gramatical, si teneis alguna duda podeis escribir un comentario y os contesto lo antes posible.<\/p>\n<p>Un saludo<\/p>\n<p>Tobias Woelke<\/p>\n<p><a href=\"https:\/\/profesornativodealeman.com\/clases-aleman\/clases-y-cursos\/\">Profesor nativo de aleman<\/a><\/p>\n<figure id=\"attachment_4926\" aria-describedby=\"caption-attachment-4926\" style=\"width: 240px\" class=\"wp-caption alignleft\"><a href=\"https:\/\/profesornativodealeman.com\/clases-aleman\/wp-content\/uploads\/2016\/04\/profesor-nativo-aleman.jpg\"><img decoding=\"async\" class=\"wp-image-4926 size-full\" title=\"Profesor-nativo-aleman\" src=\"https:\/\/profesornativodealeman.com\/clases-aleman\/wp-content\/uploads\/2016\/04\/profesor-nativo-aleman.jpg\" alt=\"Clases de alem\u00e1n online\" width=\"240\" height=\"180\"><\/a><figcaption id=\"caption-attachment-4926\" class=\"wp-caption-text\"><strong>Un profesor nativo de aleman os puede ayudar a mejorar vuestro acento<\/strong><\/figcaption><\/figure>\n<p>&nbsp;<\/p>\n","protected":false},"excerpt":{"rendered":"<p>\u00a0Se actualiza el Post \u201cEl pret\u00e9rito en alem\u00e1n\u201d \u00a9Tobias Woelke.Todos los derechos reservados El pret\u00e9rito en alem\u00e1n(Pr\u00e4teritum) Para comenzar es importante mencionar que en el lenguaje hablado se usa mucho mas el perfecto (Perfekt) que el\u00a0pret\u00e9rito. El pret\u00e9rito se usa sobre todo en textos literarios, noticias, cuentos\u00a0 o sea en el lenguaje escrito y en [&hellip;]<\/p>\n","protected":false},"author":4,"featured_media":4927,"comment_status":"open","ping_status":"open","sticky":false,"template":"","format":"standard","meta":{"footnotes":""},"categories":[13],"tags":[2263,194],"class_list":["post-3365","post","type-post","status-publish","format-standard","has-post-thumbnail","hentry","category-gramatica-alemana","tag-el-preterito-en-aleman","tag-profesor-nativo-de-aleman"],"_links":{"self":[{"href":"https:\/\/profesornativodealeman.com\/clases-aleman\/wp-json\/wp\/v2\/posts\/3365","targetHints":{"allow":["GET"]}}],"collection":[{"href":"https:\/\/profesornativodealeman.com\/clases-aleman\/wp-json\/wp\/v2\/posts"}],"about":[{"href":"https:\/\/profesornativodealeman.com\/clases-aleman\/wp-json\/wp\/v2\/types\/post"}],"author":[{"embeddable":true,"href":"https:\/\/profesornativodealeman.com\/clases-aleman\/wp-json\/wp\/v2\/users\/4"}],"replies":[{"embeddable":true,"href":"https:\/\/profesornativodealeman.com\/clases-aleman\/wp-json\/wp\/v2\/comments?post=3365"}],"version-history":[{"count":0,"href":"https:\/\/profesornativodealeman.com\/clases-aleman\/wp-json\/wp\/v2\/posts\/3365\/revisions"}],"wp:featuredmedia":[{"embeddable":true,"href":"https:\/\/profesornativodealeman.com\/clases-aleman\/wp-json\/wp\/v2\/media\/4927"}],"wp:attachment":[{"href":"https:\/\/profesornativodealeman.com\/clases-aleman\/wp-json\/wp\/v2\/media?parent=3365"}],"wp:term":[{"taxonomy":"category","embeddable":true,"href":"https:\/\/profesornativodealeman.com\/clases-aleman\/wp-json\/wp\/v2\/categories?post=3365"},{"taxonomy":"post_tag","embeddable":true,"href":"https:\/\/profesornativodealeman.com\/clases-aleman\/wp-json\/wp\/v2\/tags?post=3365"}],"curies":[{"name":"wp","href":"https:\/\/api.w.org\/{rel}","templated":true}]}}