{"id":3667,"date":"2021-03-19T06:58:01","date_gmt":"2021-03-19T06:58:01","guid":{"rendered":"http:\/\/disenopaginasweb.net\/aleman\/?p=3667"},"modified":"2022-06-03T16:56:36","modified_gmt":"2022-06-03T14:56:36","slug":"los-verbos-modales-en-aleman","status":"publish","type":"post","link":"https:\/\/profesornativodealeman.com\/clases-aleman\/los-verbos-modales-en-aleman\/","title":{"rendered":"Los verbos modales en aleman"},"content":{"rendered":"<p>\u00a9 Tobias Woelke\u00a0 2021<a href=\"https:\/\/profesornativodealeman.com\/clases-aleman\/wp-content\/uploads\/2015\/05\/apple-icon-114x114.png\"><img decoding=\"async\" class=\"alignnone wp-image-2617\" src=\"https:\/\/profesornativodealeman.com\/clases-aleman\/wp-content\/uploads\/2015\/05\/apple-icon-114x114-150x150.png\" alt=\"apple-icon-114x114\" width=\"40\" height=\"40\" title=\"\"><\/a><\/p>\n<p><span style=\"color: #000000;\"><b style=\"color: #000000;\">19.03.2021 <\/b><span style=\"color: #000000;\"><b>Actualizaci\u00f3n<\/b><\/span><b style=\"color: #000000;\"> del Post\u00a0<\/b><\/span><\/p>\n<div id=\"ez-toc-container\" class=\"ez-toc-v2_0_82_2 counter-flat ez-toc-counter ez-toc-custom ez-toc-container-direction\">\n<div class=\"ez-toc-title-container\">\n<p class=\"ez-toc-title\" style=\"cursor:inherit\">Tabla de contenidos. Haciendo clic llega a la informaci\u00f3n.<\/p>\n<span class=\"ez-toc-title-toggle\"><a href=\"#\" class=\"ez-toc-pull-right ez-toc-btn ez-toc-btn-xs ez-toc-btn-default ez-toc-toggle\" aria-label=\"Alternar tabla de contenidos\"><span class=\"ez-toc-js-icon-con\"><span class=\"\"><span class=\"eztoc-hide\" style=\"display:none;\">Toggle<\/span><span class=\"ez-toc-icon-toggle-span\"><svg style=\"fill: #1e73be;color:#1e73be\" xmlns=\"http:\/\/www.w3.org\/2000\/svg\" class=\"list-377408\" width=\"20px\" height=\"20px\" viewBox=\"0 0 24 24\" fill=\"none\"><path d=\"M6 6H4v2h2V6zm14 0H8v2h12V6zM4 11h2v2H4v-2zm16 0H8v2h12v-2zM4 16h2v2H4v-2zm16 0H8v2h12v-2z\" fill=\"currentColor\"><\/path><\/svg><svg style=\"fill: #1e73be;color:#1e73be\" class=\"arrow-unsorted-368013\" xmlns=\"http:\/\/www.w3.org\/2000\/svg\" width=\"10px\" height=\"10px\" viewBox=\"0 0 24 24\" version=\"1.2\" baseProfile=\"tiny\"><path d=\"M18.2 9.3l-6.2-6.3-6.2 6.3c-.2.2-.3.4-.3.7s.1.5.3.7c.2.2.4.3.7.3h11c.3 0 .5-.1.7-.3.2-.2.3-.5.3-.7s-.1-.5-.3-.7zM5.8 14.7l6.2 6.3 6.2-6.3c.2-.2.3-.5.3-.7s-.1-.5-.3-.7c-.2-.2-.4-.3-.7-.3h-11c-.3 0-.5.1-.7.3-.2.2-.3.5-.3.7s.1.5.3.7z\"\/><\/svg><\/span><\/span><\/span><\/a><\/span><\/div>\n<nav><ul class='ez-toc-list ez-toc-list-level-1 ' ><li class='ez-toc-page-1'><a class=\"ez-toc-link ez-toc-heading-1\" href=\"https:\/\/profesornativodealeman.com\/clases-aleman\/los-verbos-modales-en-aleman\/#LOS_VERBOS_MODALES_EN_ALEMAN\" >LOS VERBOS MODALES EN ALEMAN<\/a><\/li><li class='ez-toc-page-1'><a class=\"ez-toc-link ez-toc-heading-2\" href=\"https:\/\/profesornativodealeman.com\/clases-aleman\/los-verbos-modales-en-aleman\/#%C2%BFQue_particularidad_tienen_los_verbos_modales\" >\u00bfQu\u00e9 particularidad tienen los verbos modales ?<\/a><\/li><li class='ez-toc-page-1'><a class=\"ez-toc-link ez-toc-heading-3\" href=\"https:\/\/profesornativodealeman.com\/clases-aleman\/los-verbos-modales-en-aleman\/#%C2%BF_cuando_no_se_usan\" >\u00bf cuando no se usan?<\/a><\/li><\/ul><\/nav><\/div>\n<h1><span class=\"ez-toc-section\" id=\"LOS_VERBOS_MODALES_EN_ALEMAN\"><\/span><strong>LOS VERBOS MODALES EN ALEMAN<\/strong><span class=\"ez-toc-section-end\"><\/span><\/h1>\n<p>Aqui podeis ver directamente en la web el video sobre los <strong>verbos modales en aleman<\/strong>:<\/p>\n<p><iframe title=\"Los verbos modales en aleman\" width=\"800\" height=\"450\" src=\"https:\/\/www.youtube.com\/embed\/KdzdDdvy-hU?feature=oembed\" frameborder=\"0\" allow=\"accelerometer; autoplay; clipboard-write; encrypted-media; gyroscope; picture-in-picture; web-share\" allowfullscreen><\/iframe><\/p>\n<p>&nbsp;<\/p>\n<p>&nbsp;<\/p>\n<p>&nbsp;<\/p>\n<p><strong>Los verbos modales en aleman<\/strong> \u201cModalverben\u201d( viene de la palabra latin \u201cverbum modale\u201d)se usan en los siguientes casos:<\/p>\n<ul>\n<li>para expresar una necesidad \/ obligaci\u00f3n \/ deseo. En estos casos se usan sollen, m\u00fcssen o wollen<\/li>\n<li>para expresar una posibilidad \/ permiso \/ capacidad \/ prohibici\u00f3n. En estos casos se usan d\u00fcrfen, k\u00f6nnen\u00a0 o m\u00f6gen.<\/li>\n<\/ul>\n<p>&nbsp;<\/p>\n<h3><span class=\"ez-toc-section\" id=\"%C2%BFQue_particularidad_tienen_los_verbos_modales\"><\/span><strong>\u00bfQu\u00e9 particularidad tienen los verbos modales ?<\/strong><span class=\"ez-toc-section-end\"><\/span><\/h3>\n<p><strong>Los<\/strong> <strong>verbos modales en aleman<\/strong> , salvo algunas excepciones siempre necesitan el infinitivo de otro verbo para que tengan grmaticamente un sentido.Ejemplo sin segundo verbo en infinitivo para que pod\u00e1is ver que la frase no tiene sentido:<\/p>\n<p>Ich muss die Hausaufgaben. La traducci\u00f3n equivalente al castellano seria:\u201d Tengo que los deberes\u201d \u2026no tiene un sentido gramatical.<\/p>\n<p>Ich muss die Hausaufgaben machen . Al agregar un segundo verbo en infinitivo le damos sentido a la frase \u201ctengo que hacer los deberes\u201d<\/p>\n<h3><span class=\"ez-toc-section\" id=\"%C2%BF_cuando_no_se_usan\"><\/span><strong>\u00bf cuando no se usan?<\/strong><span class=\"ez-toc-section-end\"><\/span><\/h3>\n<ul>\n<li>no se pueden usar los verbos modlaes con los llamados \u201cInfinitivs\u00e4tze con zu\u201d<\/li>\n<li>tienen su propia forma en Pr\u00e4teritum y Konjunktiv 2 y no necesitan a un verbo auxiliar.<\/li>\n<\/ul>\n<p>En este enlace puedes leer mas sobre gramatica<\/p>\n<blockquote class=\"wp-embedded-content\" data-secret=\"WEwOuUsO08\"><p><a href=\"https:\/\/profesornativodealeman.com\/clases-aleman\/los-articulos-demostrativos-en-aleman\/\">Los articulos demostrativos en aleman<\/a><\/p><\/blockquote>\n<p><iframe class=\"wp-embedded-content\" sandbox=\"allow-scripts\" security=\"restricted\" style=\"position: absolute; clip: rect(1px, 1px, 1px, 1px);\" title=\"\u00abLos articulos demostrativos en aleman\u00bb \u2014 Profesor de alem\u00e1n online acreditado. Nativo y Coach de alem\u00e1n.\" src=\"https:\/\/profesornativodealeman.com\/clases-aleman\/los-articulos-demostrativos-en-aleman\/embed\/#?secret=siMJhIIks0#?secret=WEwOuUsO08\" data-secret=\"WEwOuUsO08\" width=\"600\" height=\"338\" frameborder=\"0\" marginwidth=\"0\" marginheight=\"0\" scrolling=\"no\"><\/iframe><\/p>\n<p>&nbsp;<\/p>\n<p>&nbsp;<\/p>\n","protected":false},"excerpt":{"rendered":"<p>\u00a9 Tobias Woelke\u00a0 2021 19.03.2021 Actualizaci\u00f3n del Post\u00a0 LOS VERBOS MODALES EN ALEMAN Aqui podeis ver directamente en la web el video sobre los verbos modales en aleman: &nbsp; &nbsp; &nbsp; Los verbos modales en aleman \u201cModalverben\u201d( viene de la palabra latin \u201cverbum modale\u201d)se usan en los siguientes casos: para expresar una necesidad \/ obligaci\u00f3n [&hellip;]<\/p>\n","protected":false},"author":4,"featured_media":9177,"comment_status":"open","ping_status":"open","sticky":false,"template":"","format":"standard","meta":{"footnotes":""},"categories":[13],"tags":[228],"class_list":["post-3667","post","type-post","status-publish","format-standard","has-post-thumbnail","hentry","category-gramatica-alemana","tag-verbos-modales-en-aleman"],"_links":{"self":[{"href":"https:\/\/profesornativodealeman.com\/clases-aleman\/wp-json\/wp\/v2\/posts\/3667","targetHints":{"allow":["GET"]}}],"collection":[{"href":"https:\/\/profesornativodealeman.com\/clases-aleman\/wp-json\/wp\/v2\/posts"}],"about":[{"href":"https:\/\/profesornativodealeman.com\/clases-aleman\/wp-json\/wp\/v2\/types\/post"}],"author":[{"embeddable":true,"href":"https:\/\/profesornativodealeman.com\/clases-aleman\/wp-json\/wp\/v2\/users\/4"}],"replies":[{"embeddable":true,"href":"https:\/\/profesornativodealeman.com\/clases-aleman\/wp-json\/wp\/v2\/comments?post=3667"}],"version-history":[{"count":0,"href":"https:\/\/profesornativodealeman.com\/clases-aleman\/wp-json\/wp\/v2\/posts\/3667\/revisions"}],"wp:featuredmedia":[{"embeddable":true,"href":"https:\/\/profesornativodealeman.com\/clases-aleman\/wp-json\/wp\/v2\/media\/9177"}],"wp:attachment":[{"href":"https:\/\/profesornativodealeman.com\/clases-aleman\/wp-json\/wp\/v2\/media?parent=3667"}],"wp:term":[{"taxonomy":"category","embeddable":true,"href":"https:\/\/profesornativodealeman.com\/clases-aleman\/wp-json\/wp\/v2\/categories?post=3667"},{"taxonomy":"post_tag","embeddable":true,"href":"https:\/\/profesornativodealeman.com\/clases-aleman\/wp-json\/wp\/v2\/tags?post=3667"}],"curies":[{"name":"wp","href":"https:\/\/api.w.org\/{rel}","templated":true}]}}