{"id":4421,"date":"2022-04-19T07:56:49","date_gmt":"2022-04-19T05:56:49","guid":{"rendered":"http:\/\/disenopaginasweb.net\/aleman\/?p=4421"},"modified":"2022-05-24T10:18:07","modified_gmt":"2022-05-24T08:18:07","slug":"declinacion-n","status":"publish","type":"post","link":"https:\/\/profesornativodealeman.com\/clases-aleman\/declinacion-n\/","title":{"rendered":"La declinaci\u00f3n-n en alem\u00e1n"},"content":{"rendered":"<p>\u00a9Tobias Woelke\u00a0 2022<a href=\"https:\/\/profesornativodealeman.com\/clases-aleman\/wp-content\/uploads\/2015\/05\/apple-icon-114x114.png\"><img decoding=\"async\" class=\"alignnone wp-image-2617\" src=\"https:\/\/profesornativodealeman.com\/clases-aleman\/wp-content\/uploads\/2015\/05\/apple-icon-114x114-150x150.png\" alt=\"apple-icon-114x114\" width=\"40\" height=\"40\" title=\"\"><\/a><\/p>\n<div id=\"ez-toc-container\" class=\"ez-toc-v2_0_82_2 counter-flat ez-toc-counter ez-toc-custom ez-toc-container-direction\">\n<div class=\"ez-toc-title-container\">\n<p class=\"ez-toc-title\" style=\"cursor:inherit\">Tabla de contenidos. Haciendo clic llega a la informaci\u00f3n.<\/p>\n<span class=\"ez-toc-title-toggle\"><a href=\"#\" class=\"ez-toc-pull-right ez-toc-btn ez-toc-btn-xs ez-toc-btn-default ez-toc-toggle\" aria-label=\"Alternar tabla de contenidos\"><span class=\"ez-toc-js-icon-con\"><span class=\"\"><span class=\"eztoc-hide\" style=\"display:none;\">Toggle<\/span><span class=\"ez-toc-icon-toggle-span\"><svg style=\"fill: #1e73be;color:#1e73be\" xmlns=\"http:\/\/www.w3.org\/2000\/svg\" class=\"list-377408\" width=\"20px\" height=\"20px\" viewBox=\"0 0 24 24\" fill=\"none\"><path d=\"M6 6H4v2h2V6zm14 0H8v2h12V6zM4 11h2v2H4v-2zm16 0H8v2h12v-2zM4 16h2v2H4v-2zm16 0H8v2h12v-2z\" fill=\"currentColor\"><\/path><\/svg><svg style=\"fill: #1e73be;color:#1e73be\" class=\"arrow-unsorted-368013\" xmlns=\"http:\/\/www.w3.org\/2000\/svg\" width=\"10px\" height=\"10px\" viewBox=\"0 0 24 24\" version=\"1.2\" baseProfile=\"tiny\"><path d=\"M18.2 9.3l-6.2-6.3-6.2 6.3c-.2.2-.3.4-.3.7s.1.5.3.7c.2.2.4.3.7.3h11c.3 0 .5-.1.7-.3.2-.2.3-.5.3-.7s-.1-.5-.3-.7zM5.8 14.7l6.2 6.3 6.2-6.3c.2-.2.3-.5.3-.7s-.1-.5-.3-.7c-.2-.2-.4-.3-.7-.3h-11c-.3 0-.5.1-.7.3-.2.2-.3.5-.3.7s.1.5.3.7z\"\/><\/svg><\/span><\/span><\/span><\/a><\/span><\/div>\n<nav><ul class='ez-toc-list ez-toc-list-level-1 ' ><li class='ez-toc-page-1'><a class=\"ez-toc-link ez-toc-heading-1\" href=\"https:\/\/profesornativodealeman.com\/clases-aleman\/declinacion-n\/#Declinacion-n_N-Deklination\" >Declinaci\u00f3n-n. N-Deklination<\/a><\/li><li class='ez-toc-page-1'><a class=\"ez-toc-link ez-toc-heading-2\" href=\"https:\/\/profesornativodealeman.com\/clases-aleman\/declinacion-n\/#%C2%BFQue_es_la_declinacion_n_N-Deklination\" >\u00bfQu\u00e9 es la declinaci\u00f3n n. N-Deklination?<\/a><\/li><li class='ez-toc-page-1'><a class=\"ez-toc-link ez-toc-heading-3\" href=\"https:\/\/profesornativodealeman.com\/clases-aleman\/declinacion-n\/#%C2%BFQue_sustantivos_pertenecen_al_grupo_de_la_declinacion-n_en_aleman\" >\u00bfQu\u00e9 sustantivos pertenecen al grupo de la declinaci\u00f3n-n en aleman?<\/a><\/li><li class='ez-toc-page-1'><a class=\"ez-toc-link ez-toc-heading-4\" href=\"https:\/\/profesornativodealeman.com\/clases-aleman\/declinacion-n\/#Animalesalgunos_ejemplos\" >Animales,algunos ejemplos.<\/a><\/li><li class='ez-toc-page-1'><a class=\"ez-toc-link ez-toc-heading-5\" href=\"https:\/\/profesornativodealeman.com\/clases-aleman\/declinacion-n\/#Personasalgunos_ejemplos\" >Personas,algunos ejemplos<\/a><\/li><li class='ez-toc-page-1'><a class=\"ez-toc-link ez-toc-heading-6\" href=\"https:\/\/profesornativodealeman.com\/clases-aleman\/declinacion-n\/#Nacionalidades\" >Nacionalidades<\/a><\/li><li class='ez-toc-page-1'><a class=\"ez-toc-link ez-toc-heading-7\" href=\"https:\/\/profesornativodealeman.com\/clases-aleman\/declinacion-n\/#Sustantivos_que_acaban_en_%E2%80%93and-ant-ent\" >Sustantivos que acaban en \u2013and,-ant,-ent<\/a><\/li><li class='ez-toc-page-1'><a class=\"ez-toc-link ez-toc-heading-8\" href=\"https:\/\/profesornativodealeman.com\/clases-aleman\/declinacion-n\/#Sustantivos_que_acaban_en_%E2%80%93oge-ad-at\" >Sustantivos que acaban en \u2013oge,-ad,-at<\/a><\/li><li class='ez-toc-page-1'><a class=\"ez-toc-link ez-toc-heading-9\" href=\"https:\/\/profesornativodealeman.com\/clases-aleman\/declinacion-n\/#Sustantivos_en_la_declinacion-n_en_aleman_que_acaban_en_%E2%80%93ist\" >Sustantivos en la declinaci\u00f3n-n en aleman que acaban en \u2013ist<\/a><\/li><\/ul><\/nav><\/div>\n<h1><span class=\"ez-toc-section\" id=\"Declinacion-n_N-Deklination\"><\/span><b>Declinaci\u00f3n<\/b><strong>-n. N-Deklination<\/strong><span class=\"ez-toc-section-end\"><\/span><\/h1>\n<p>Puedes ver la explicaci\u00f3n sobre la<b>\u00a0declinaci\u00f3n-n<\/b> en alem\u00e1n directamente aqu\u00ed en el video:<\/p>\n<p><iframe title=\"La declinacion n en aleman\" width=\"800\" height=\"450\" src=\"https:\/\/www.youtube.com\/embed\/wm3Kfcmm8Qo?feature=oembed\" frameborder=\"0\" allow=\"accelerometer; autoplay; clipboard-write; encrypted-media; gyroscope; picture-in-picture; web-share\" allowfullscreen><\/iframe><\/p>\n<h1><span class=\"ez-toc-section\" id=\"%C2%BFQue_es_la_declinacion_n_N-Deklination\"><\/span><b>\u00bfQu\u00e9 es la declinaci\u00f3n n. N-Deklination?<\/b><span class=\"ez-toc-section-end\"><\/span><\/h1>\n<p>Es una forma de declinar los sustantivos en el idioma <strong>aleman<\/strong>.<\/p>\n<p>A los sustantivos que pertenecen al llamado grupo de la<strong> declinaci\u00f3n-n<\/strong> se agrega una n al sustantivo menos en el nominativo singular.<\/p>\n<p>Esta regla se aplica a algunos sustantivos masculinos .Nunca se puede aplicar la regla de la<strong> n-declinacion<\/strong> para los sustantivos con articulo feminino.<\/p>\n<p>Mejor se explica con una tabla.En este caso la declinaci\u00f3n del sustantivo L\u00f6we:<\/p>\n<table style=\"height: 115px;\" width=\"520\">\n<thead>\n<tr style=\"height: 23px;\">\n<td style=\"height: 23px; width: 80px;\"><strong>Maskulino<\/strong><\/td>\n<td style=\"height: 23px; width: 219.219px;\"><strong>Singular<\/strong><\/td>\n<td style=\"height: 23px; width: 198.781px;\"><strong>Plural<\/strong><\/td>\n<\/tr>\n<\/thead>\n<tbody>\n<tr style=\"height: 23px;\">\n<td style=\"height: 23px; width: 80px;\"><strong>Nominativo<\/strong><\/td>\n<td style=\"height: 23px; width: 219.219px;\"><strong>der L\u00f6we<\/strong><\/td>\n<td style=\"height: 23px; width: 198.781px;\"><strong>die L\u00f6wen<\/strong><\/td>\n<\/tr>\n<tr style=\"height: 23px;\">\n<td style=\"height: 23px; width: 80px;\"><strong>Acusativo<\/strong><\/td>\n<td style=\"height: 23px; width: 219.219px;\"><strong>\u00a0den L\u00f6wen<\/strong><\/td>\n<td style=\"height: 23px; width: 198.781px;\"><strong>die L\u00f6wen<\/strong><\/td>\n<\/tr>\n<tr style=\"height: 23px;\">\n<td style=\"height: 23px; width: 80px;\"><strong>Dativo<\/strong><\/td>\n<td style=\"height: 23px; width: 219.219px;\"><strong>\u00a0dem L\u00f6wen<\/strong><\/td>\n<td style=\"height: 23px; width: 198.781px;\"><strong>den L\u00f6wen<\/strong><\/td>\n<\/tr>\n<tr style=\"height: 23px;\">\n<td style=\"height: 23px; width: 80px;\"><strong>Genitivo<\/strong><\/td>\n<td style=\"height: 23px; width: 219.219px;\"><strong>des L\u00f6wen<\/strong><\/td>\n<td style=\"height: 23px; width: 198.781px;\"><strong>der L\u00f6wen<\/strong><\/td>\n<\/tr>\n<\/tbody>\n<\/table>\n<p>&nbsp;<\/p>\n<p>&nbsp;<\/p>\n<h4><span class=\"ez-toc-section\" id=\"%C2%BFQue_sustantivos_pertenecen_al_grupo_de_la_declinacion-n_en_aleman\"><\/span><strong>\u00bfQu\u00e9 sustantivos pertenecen al grupo de la declinaci\u00f3n-n en aleman?<\/strong><span class=\"ez-toc-section-end\"><\/span><\/h4>\n<p>Es un grupo bastante reducido de sustantivos que pertenecen a este grupo, muchos acaban en e.<\/p>\n<h4><span class=\"ez-toc-section\" id=\"Animalesalgunos_ejemplos\"><\/span><strong><span style=\"color: #000000;\">Animales,algunos ejemplos<\/span>.<\/strong><span class=\"ez-toc-section-end\"><\/span><\/h4>\n<p>En Internet teneis listados mas completos, no los quiero copiar aqu\u00ed por el tema de derecho del autor.<\/p>\n<p>Der L\u00f6we \u00a0 \u00a0 \u00a0 \u00a0 \u00a0 \u00a0 \u00a0 \u00a0 \u00a0 \u00a0 \u00a0 \u00a0 \u00a0 \u00a0 \u00a0 \u00a0 \u00a0 \u00a0 \u00a0 \u00a0 \u00a0 \u00a0 \u00a0 \u00a0 \u00a0 \u00a0 \u00a0 \u00a0 \u00a0 \u00a0 \u00a0 \u00a0 \u00a0 \u00a0 \u00a0 \u00a0 \u00a0 \u00a0el le\u00f3n<\/p>\n<p>Der Affe \u00a0 \u00a0 \u00a0 \u00a0 \u00a0 \u00a0 \u00a0 \u00a0 \u00a0 \u00a0 \u00a0 \u00a0 \u00a0 \u00a0 \u00a0 \u00a0 \u00a0 \u00a0 \u00a0 \u00a0 \u00a0 \u00a0 \u00a0 \u00a0 \u00a0 \u00a0 \u00a0 \u00a0 \u00a0 \u00a0 \u00a0 \u00a0 \u00a0 \u00a0 \u00a0 \u00a0 \u00a0 \u00a0 \u00a0el mono<\/p>\n<p>Der Falke \u00a0 \u00a0 \u00a0 \u00a0 \u00a0 \u00a0 \u00a0 \u00a0 \u00a0 \u00a0 \u00a0 \u00a0 \u00a0 \u00a0 \u00a0 \u00a0 \u00a0 \u00a0 \u00a0 \u00a0 \u00a0 \u00a0 \u00a0 \u00a0 \u00a0 \u00a0 \u00a0 \u00a0 \u00a0 \u00a0 \u00a0 \u00a0 \u00a0 \u00a0 \u00a0 \u00a0 \u00a0 \u00a0el halcon<\/p>\n<p>Der B\u00e4r\u00a0\u00a0\u00a0\u00a0\u00a0\u00a0\u00a0\u00a0\u00a0\u00a0\u00a0\u00a0\u00a0\u00a0\u00a0\u00a0\u00a0\u00a0\u00a0\u00a0\u00a0\u00a0\u00a0\u00a0\u00a0\u00a0\u00a0\u00a0\u00a0\u00a0\u00a0\u00a0\u00a0\u00a0\u00a0\u00a0\u00a0\u00a0\u00a0\u00a0\u00a0\u00a0\u00a0\u00a0\u00a0\u00a0\u00a0\u00a0\u00a0\u00a0\u00a0\u00a0\u00a0\u00a0\u00a0\u00a0\u00a0\u00a0\u00a0\u00a0\u00a0\u00a0\u00a0\u00a0\u00a0\u00a0\u00a0\u00a0\u00a0\u00a0\u00a0\u00a0\u00a0\u00a0\u00a0\u00a0\u00a0\u00a0 el oso<\/p>\n<p>Con el sustantivo B\u00e4r se agrega una -en<\/p>\n<p>Ich sehe den B\u00e4ren<\/p>\n<p>&nbsp;<\/p>\n<h4><span class=\"ez-toc-section\" id=\"Personasalgunos_ejemplos\"><\/span><span style=\"color: #000000;\"><strong>Personas,algunos ejemplos<\/strong><\/span><span class=\"ez-toc-section-end\"><\/span><\/h4>\n<p>Der Experte\u00a0\u00a0\u00a0\u00a0\u00a0\u00a0\u00a0\u00a0\u00a0\u00a0\u00a0\u00a0\u00a0\u00a0\u00a0\u00a0\u00a0\u00a0\u00a0\u00a0\u00a0\u00a0\u00a0\u00a0\u00a0\u00a0\u00a0\u00a0\u00a0\u00a0\u00a0\u00a0\u00a0\u00a0\u00a0\u00a0\u00a0\u00a0\u00a0\u00a0\u00a0\u00a0\u00a0\u00a0\u00a0\u00a0\u00a0\u00a0\u00a0\u00a0\u00a0\u00a0\u00a0\u00a0\u00a0\u00a0\u00a0\u00a0\u00a0\u00a0\u00a0\u00a0\u00a0\u00a0\u00a0\u00a0\u00a0\u00a0\u00a0 el experto<\/p>\n<p>Der Junge\u00a0\u00a0\u00a0\u00a0\u00a0\u00a0\u00a0\u00a0\u00a0\u00a0\u00a0\u00a0\u00a0\u00a0\u00a0\u00a0\u00a0\u00a0\u00a0\u00a0\u00a0\u00a0\u00a0\u00a0\u00a0\u00a0\u00a0\u00a0\u00a0\u00a0\u00a0\u00a0\u00a0\u00a0\u00a0\u00a0\u00a0\u00a0\u00a0\u00a0\u00a0\u00a0\u00a0\u00a0\u00a0\u00a0\u00a0\u00a0\u00a0\u00a0\u00a0\u00a0\u00a0\u00a0\u00a0\u00a0\u00a0\u00a0\u00a0\u00a0\u00a0\u00a0\u00a0\u00a0\u00a0\u00a0\u00a0\u00a0\u00a0\u00a0\u00a0\u00a0\u00a0 el chico<\/p>\n<p>Der Zeuge\u00a0\u00a0\u00a0\u00a0\u00a0\u00a0\u00a0\u00a0\u00a0\u00a0\u00a0\u00a0\u00a0\u00a0\u00a0\u00a0\u00a0\u00a0\u00a0\u00a0\u00a0\u00a0\u00a0\u00a0\u00a0\u00a0\u00a0\u00a0\u00a0\u00a0\u00a0\u00a0\u00a0\u00a0\u00a0\u00a0\u00a0\u00a0\u00a0\u00a0\u00a0\u00a0\u00a0\u00a0\u00a0\u00a0\u00a0\u00a0\u00a0\u00a0\u00a0\u00a0\u00a0\u00a0\u00a0\u00a0\u00a0\u00a0\u00a0\u00a0\u00a0\u00a0\u00a0\u00a0\u00a0\u00a0\u00a0\u00a0\u00a0\u00a0\u00a0\u00a0 el testigo<\/p>\n<p>Der Kollege\u00a0\u00a0\u00a0\u00a0\u00a0\u00a0\u00a0\u00a0\u00a0\u00a0\u00a0\u00a0\u00a0\u00a0\u00a0\u00a0\u00a0\u00a0\u00a0\u00a0\u00a0\u00a0\u00a0\u00a0\u00a0\u00a0\u00a0\u00a0\u00a0\u00a0\u00a0\u00a0\u00a0\u00a0\u00a0\u00a0\u00a0\u00a0\u00a0\u00a0\u00a0\u00a0\u00a0\u00a0\u00a0\u00a0\u00a0\u00a0\u00a0\u00a0\u00a0\u00a0\u00a0\u00a0\u00a0\u00a0\u00a0\u00a0\u00a0\u00a0\u00a0\u00a0\u00a0\u00a0\u00a0\u00a0\u00a0\u00a0\u00a0\u00a0 el compa\u00f1ero de trabajo<\/p>\n<p>Der Kunde \u00a0 \u00a0 \u00a0 \u00a0 \u00a0 \u00a0 \u00a0 \u00a0 \u00a0 \u00a0 \u00a0 \u00a0 \u00a0 \u00a0 \u00a0 \u00a0 \u00a0 \u00a0 \u00a0 \u00a0 \u00a0 \u00a0 \u00a0 \u00a0 \u00a0 \u00a0 \u00a0 \u00a0 \u00a0 \u00a0 \u00a0 \u00a0 \u00a0 \u00a0 \u00a0 \u00a0 el cliente<\/p>\n<p>&nbsp;<\/p>\n<h4><span class=\"ez-toc-section\" id=\"Nacionalidades\"><\/span><span style=\"color: #000000;\"><strong>Nacionalidades<\/strong><\/span><span class=\"ez-toc-section-end\"><\/span><\/h4>\n<p>Las nacionalidades que acaban en e.<\/p>\n<p>Der Schotte\u00a0\u00a0\u00a0\u00a0\u00a0\u00a0\u00a0\u00a0\u00a0\u00a0\u00a0\u00a0\u00a0\u00a0\u00a0\u00a0\u00a0\u00a0\u00a0\u00a0\u00a0\u00a0\u00a0\u00a0\u00a0\u00a0\u00a0\u00a0\u00a0\u00a0\u00a0\u00a0\u00a0\u00a0\u00a0\u00a0\u00a0\u00a0\u00a0\u00a0\u00a0\u00a0\u00a0\u00a0\u00a0\u00a0\u00a0\u00a0\u00a0\u00a0\u00a0\u00a0\u00a0\u00a0\u00a0\u00a0\u00a0\u00a0\u00a0\u00a0\u00a0\u00a0\u00a0\u00a0\u00a0\u00a0\u00a0\u00a0\u00a0 el escoces<\/p>\n<p>Der Deutsche\u00a0\u00a0\u00a0 \u00a0\u00a0\u00a0\u00a0\u00a0\u00a0\u00a0\u00a0\u00a0\u00a0\u00a0\u00a0\u00a0\u00a0\u00a0\u00a0\u00a0\u00a0\u00a0\u00a0\u00a0\u00a0\u00a0\u00a0\u00a0\u00a0\u00a0\u00a0\u00a0\u00a0\u00a0\u00a0\u00a0\u00a0\u00a0\u00a0\u00a0\u00a0\u00a0\u00a0\u00a0\u00a0\u00a0\u00a0\u00a0\u00a0\u00a0\u00a0\u00a0\u00a0\u00a0\u00a0\u00a0\u00a0\u00a0\u00a0\u00a0\u00a0\u00a0\u00a0\u00a0\u00a0 el aleman<\/p>\n<p>Der Russe\u00a0\u00a0\u00a0\u00a0\u00a0\u00a0\u00a0\u00a0\u00a0\u00a0\u00a0\u00a0\u00a0\u00a0\u00a0\u00a0\u00a0\u00a0\u00a0\u00a0\u00a0\u00a0\u00a0\u00a0\u00a0\u00a0\u00a0\u00a0\u00a0\u00a0\u00a0\u00a0\u00a0\u00a0\u00a0\u00a0\u00a0\u00a0\u00a0\u00a0\u00a0\u00a0\u00a0\u00a0\u00a0\u00a0\u00a0\u00a0\u00a0\u00a0\u00a0\u00a0\u00a0\u00a0\u00a0\u00a0\u00a0\u00a0\u00a0\u00a0\u00a0\u00a0\u00a0\u00a0\u00a0\u00a0\u00a0\u00a0\u00a0\u00a0\u00a0\u00a0\u00a0 el ruso<\/p>\n<p>Der Baske\u00a0\u00a0\u00a0\u00a0\u00a0\u00a0\u00a0\u00a0\u00a0\u00a0\u00a0\u00a0\u00a0\u00a0\u00a0\u00a0\u00a0\u00a0\u00a0\u00a0\u00a0\u00a0\u00a0\u00a0\u00a0\u00a0\u00a0\u00a0\u00a0\u00a0\u00a0\u00a0\u00a0\u00a0\u00a0\u00a0\u00a0\u00a0\u00a0\u00a0\u00a0\u00a0\u00a0\u00a0\u00a0\u00a0\u00a0\u00a0\u00a0\u00a0\u00a0\u00a0\u00a0\u00a0\u00a0\u00a0\u00a0\u00a0\u00a0\u00a0\u00a0\u00a0\u00a0\u00a0\u00a0\u00a0\u00a0\u00a0\u00a0\u00a0\u00a0\u00a0\u00a0 el vasco<\/p>\n<p>Der T\u00fcrke\u00a0\u00a0\u00a0\u00a0\u00a0\u00a0\u00a0\u00a0\u00a0\u00a0\u00a0\u00a0\u00a0\u00a0\u00a0\u00a0\u00a0\u00a0\u00a0\u00a0\u00a0\u00a0\u00a0\u00a0\u00a0\u00a0\u00a0\u00a0\u00a0\u00a0\u00a0\u00a0\u00a0\u00a0\u00a0\u00a0\u00a0\u00a0\u00a0\u00a0\u00a0\u00a0\u00a0\u00a0\u00a0\u00a0\u00a0\u00a0\u00a0\u00a0\u00a0\u00a0\u00a0\u00a0\u00a0\u00a0\u00a0\u00a0\u00a0\u00a0\u00a0\u00a0\u00a0\u00a0\u00a0\u00a0\u00a0\u00a0\u00a0\u00a0\u00a0\u00a0\u00a0 el turco<\/p>\n<p><strong>\u00a0<\/strong><\/p>\n<h4><span class=\"ez-toc-section\" id=\"Sustantivos_que_acaban_en_%E2%80%93and-ant-ent\"><\/span><span style=\"color: #000000;\"><strong>Sustantivos que acaban en \u2013and,-ant,-ent<\/strong><\/span><span class=\"ez-toc-section-end\"><\/span><\/h4>\n<p>Der Agent\u00a0\u00a0\u00a0\u00a0\u00a0\u00a0\u00a0\u00a0\u00a0\u00a0\u00a0\u00a0\u00a0\u00a0\u00a0\u00a0\u00a0\u00a0\u00a0\u00a0\u00a0\u00a0\u00a0\u00a0\u00a0\u00a0\u00a0\u00a0\u00a0\u00a0\u00a0\u00a0\u00a0\u00a0\u00a0\u00a0\u00a0\u00a0\u00a0\u00a0\u00a0\u00a0\u00a0\u00a0\u00a0\u00a0\u00a0\u00a0\u00a0\u00a0\u00a0\u00a0\u00a0\u00a0\u00a0\u00a0\u00a0\u00a0\u00a0\u00a0\u00a0\u00a0\u00a0\u00a0\u00a0\u00a0\u00a0\u00a0\u00a0\u00a0\u00a0\u00a0 el agente<\/p>\n<p>Der Demonstrant \u00a0 \u00a0 \u00a0 \u00a0 \u00a0 \u00a0 \u00a0 \u00a0 \u00a0 \u00a0 \u00a0 \u00a0 \u00a0 \u00a0 \u00a0 \u00a0 \u00a0 \u00a0 \u00a0 \u00a0 \u00a0 \u00a0 \u00a0 \u00a0 \u00a0 \u00a0 \u00a0 \u00a0 \u00a0 \u00a0el manifestante<\/p>\n<p>Der Student \u00a0 \u00a0 \u00a0 \u00a0 \u00a0 \u00a0 \u00a0 \u00a0 \u00a0 \u00a0 \u00a0 \u00a0 \u00a0 \u00a0 \u00a0 \u00a0 \u00a0 \u00a0 \u00a0 \u00a0 \u00a0 \u00a0 \u00a0 \u00a0 \u00a0 \u00a0 \u00a0 \u00a0 \u00a0 \u00a0 \u00a0 \u00a0 \u00a0 \u00a0 \u00a0el estudiante<\/p>\n<p>Der Elfefant\u00a0\u00a0\u00a0\u00a0\u00a0\u00a0\u00a0\u00a0\u00a0\u00a0\u00a0\u00a0\u00a0\u00a0\u00a0\u00a0\u00a0\u00a0\u00a0\u00a0\u00a0\u00a0\u00a0\u00a0\u00a0\u00a0\u00a0\u00a0\u00a0\u00a0\u00a0\u00a0\u00a0\u00a0\u00a0\u00a0\u00a0\u00a0\u00a0\u00a0\u00a0\u00a0\u00a0\u00a0\u00a0\u00a0\u00a0\u00a0\u00a0\u00a0\u00a0\u00a0\u00a0\u00a0\u00a0\u00a0\u00a0\u00a0\u00a0\u00a0\u00a0\u00a0\u00a0\u00a0\u00a0\u00a0\u00a0\u00a0\u00a0 el elefante<\/p>\n<p>&nbsp;<\/p>\n<h4><span class=\"ez-toc-section\" id=\"Sustantivos_que_acaban_en_%E2%80%93oge-ad-at\"><\/span><span style=\"color: #000000;\"><strong>Sustantivos que acaban en \u2013oge,-ad,-at<\/strong><\/span><span class=\"ez-toc-section-end\"><\/span><\/h4>\n<p>Der Biologe\u00a0\u00a0\u00a0\u00a0\u00a0\u00a0\u00a0\u00a0\u00a0\u00a0\u00a0\u00a0\u00a0\u00a0\u00a0\u00a0\u00a0\u00a0\u00a0\u00a0\u00a0\u00a0\u00a0\u00a0\u00a0\u00a0\u00a0\u00a0\u00a0\u00a0\u00a0\u00a0\u00a0\u00a0\u00a0\u00a0\u00a0\u00a0\u00a0\u00a0\u00a0\u00a0\u00a0\u00a0\u00a0\u00a0\u00a0\u00a0\u00a0\u00a0\u00a0\u00a0\u00a0\u00a0\u00a0\u00a0\u00a0\u00a0\u00a0\u00a0\u00a0\u00a0\u00a0\u00a0\u00a0\u00a0\u00a0\u00a0\u00a0\u00a0 el bi\u00f3logo<\/p>\n<p>Der P\u00e4dagoge \u00a0 \u00a0 \u00a0 \u00a0 \u00a0 \u00a0 \u00a0 \u00a0 \u00a0 \u00a0 \u00a0 \u00a0 \u00a0 \u00a0 \u00a0 \u00a0 \u00a0 \u00a0 \u00a0 \u00a0 \u00a0 \u00a0 \u00a0 \u00a0 \u00a0 \u00a0 \u00a0 \u00a0 \u00a0 \u00a0 \u00a0 \u00a0 \u00a0 el pedagogo<\/p>\n<p>Der Soziologe \u00a0 \u00a0 \u00a0 \u00a0 \u00a0 \u00a0 \u00a0 \u00a0 \u00a0 \u00a0 \u00a0 \u00a0 \u00a0 \u00a0 \u00a0 \u00a0 \u00a0 \u00a0 \u00a0 \u00a0 \u00a0 \u00a0 \u00a0 \u00a0 \u00a0 \u00a0 \u00a0 \u00a0 \u00a0 \u00a0 \u00a0 \u00a0 \u00a0 el soci\u00f3logo<\/p>\n<p>Der Diplomat \u00a0 \u00a0 \u00a0 \u00a0 \u00a0 \u00a0 \u00a0 \u00a0 \u00a0 \u00a0 \u00a0 \u00a0 \u00a0 \u00a0 \u00a0 \u00a0 \u00a0 \u00a0 \u00a0 \u00a0 \u00a0 \u00a0 \u00a0 \u00a0 \u00a0 \u00a0 \u00a0 \u00a0 \u00a0 \u00a0 \u00a0 \u00a0 \u00a0 \u00a0el diplom\u00e1tico<\/p>\n<h2><\/h2>\n<h4><span class=\"ez-toc-section\" id=\"Sustantivos_en_la_declinacion-n_en_aleman_que_acaban_en_%E2%80%93ist\"><\/span><span style=\"color: #000000;\"><strong>Sustantivos en la declinaci\u00f3n-n en aleman que acaban en \u2013ist<\/strong><\/span><span class=\"ez-toc-section-end\"><\/span><\/h4>\n<p>Der Egoist\u00a0\u00a0\u00a0\u00a0\u00a0\u00a0\u00a0\u00a0\u00a0\u00a0\u00a0\u00a0\u00a0\u00a0\u00a0\u00a0\u00a0\u00a0\u00a0\u00a0\u00a0\u00a0\u00a0\u00a0\u00a0\u00a0\u00a0\u00a0\u00a0\u00a0\u00a0\u00a0\u00a0\u00a0\u00a0\u00a0\u00a0\u00a0\u00a0\u00a0\u00a0\u00a0\u00a0\u00a0\u00a0\u00a0\u00a0\u00a0\u00a0\u00a0\u00a0\u00a0\u00a0\u00a0\u00a0\u00a0\u00a0\u00a0\u00a0\u00a0\u00a0\u00a0\u00a0\u00a0\u00a0\u00a0\u00a0\u00a0\u00a0\u00a0\u00a0\u00a0\u00a0 el ego\u00edsta<\/p>\n<p>Der Journalist \u00a0 \u00a0 \u00a0 \u00a0 \u00a0 \u00a0 \u00a0 \u00a0 \u00a0 \u00a0 \u00a0 \u00a0 \u00a0 \u00a0 \u00a0 \u00a0 \u00a0 \u00a0 \u00a0 \u00a0 \u00a0 \u00a0 \u00a0 \u00a0 \u00a0 \u00a0 \u00a0 \u00a0 \u00a0 \u00a0 \u00a0 \u00a0 \u00a0 \u00a0el periodista<\/p>\n<p>Der Polizist\u00a0\u00a0\u00a0\u00a0\u00a0\u00a0\u00a0\u00a0\u00a0\u00a0\u00a0\u00a0\u00a0\u00a0\u00a0\u00a0\u00a0\u00a0\u00a0\u00a0\u00a0\u00a0\u00a0\u00a0\u00a0\u00a0\u00a0\u00a0\u00a0\u00a0\u00a0\u00a0\u00a0\u00a0\u00a0\u00a0\u00a0\u00a0\u00a0\u00a0\u00a0\u00a0\u00a0\u00a0\u00a0\u00a0\u00a0\u00a0\u00a0\u00a0\u00a0\u00a0\u00a0\u00a0\u00a0\u00a0\u00a0\u00a0\u00a0\u00a0\u00a0\u00a0\u00a0\u00a0\u00a0\u00a0\u00a0\u00a0\u00a0\u00a0\u00a0 el policia<\/p>\n<p>Der Spezialist \u00a0 \u00a0 \u00a0 \u00a0 \u00a0 \u00a0 \u00a0 \u00a0 \u00a0 \u00a0 \u00a0 \u00a0 \u00a0 \u00a0 \u00a0 \u00a0 \u00a0 \u00a0 \u00a0 \u00a0 \u00a0 \u00a0 \u00a0 \u00a0 \u00a0 \u00a0 \u00a0 \u00a0 \u00a0 \u00a0 \u00a0 \u00a0 \u00a0 \u00a0el especialista<\/p>\n<p>&nbsp;<\/p>\n<p>Con el sustantivo neutro \u201eDas Herz\u201d hay una particularidad,su decliacnion en genitivo acaba en des Herzens<\/p>\n<p>Esto ha sido todo <strong>la declinaci\u00f3n n en aleman<\/strong>,espero que os haya servido este articulo.<\/p>\n<p>Aqui podeis leer otro tema gramatical:<\/p>\n<blockquote class=\"wp-embedded-content\" data-secret=\"8N7YXV9N0x\"><p><a href=\"https:\/\/profesornativodealeman.com\/clases-aleman\/partizip-1-y-partizip-2-en-aleman\/\">Partizip I y Partizip II en aleman y su uso como adjetivo<\/a><\/p><\/blockquote>\n<p><iframe class=\"wp-embedded-content\" sandbox=\"allow-scripts\" security=\"restricted\" style=\"position: absolute; clip: rect(1px, 1px, 1px, 1px);\" title=\"\u00abPartizip I y Partizip II en aleman y su uso como adjetivo\u00bb \u2014 Profesor de alem\u00e1n online acreditado. Nativo y Coach de alem\u00e1n.\" src=\"https:\/\/profesornativodealeman.com\/clases-aleman\/partizip-1-y-partizip-2-en-aleman\/embed\/#?secret=hF3X4b2DOh#?secret=8N7YXV9N0x\" data-secret=\"8N7YXV9N0x\" width=\"600\" height=\"338\" frameborder=\"0\" marginwidth=\"0\" marginheight=\"0\" scrolling=\"no\"><\/iframe><\/p>\n<p>Un saludo<\/p>\n<p>Tobias Woelke<\/p>\n<p><a href=\"https:\/\/profesornativodealeman.com\/clases-aleman\/opiniones-de-los-alumnos\/\">Clases de aleman para empresas<\/a><\/p>\n<figure id=\"attachment_4459\" aria-describedby=\"caption-attachment-4459\" style=\"width: 300px\" class=\"wp-caption alignnone\"><a href=\"https:\/\/profesornativodealeman.com\/clases-aleman\/wp-content\/uploads\/2017\/03\/clases-de-aleman-empresas.jpg.jpeg\"><img fetchpriority=\"high\" decoding=\"async\" class=\"wp-image-4459 size-medium\" title=\"clases-de-aleman-empresas.jpg\" src=\"https:\/\/profesornativodealeman.com\/clases-aleman\/wp-content\/uploads\/2017\/03\/clases-de-aleman-empresas.jpg-300x224.jpeg\" alt=\"Se imparten clases de aleman para empresas en la comunidad de Madrid\" width=\"300\" height=\"224\" srcset=\"https:\/\/profesornativodealeman.com\/clases-aleman\/wp-content\/uploads\/2017\/03\/clases-de-aleman-empresas.jpg-300x224.jpeg 300w, https:\/\/profesornativodealeman.com\/clases-aleman\/wp-content\/uploads\/2017\/03\/clases-de-aleman-empresas.jpg.jpeg 550w, https:\/\/profesornativodealeman.com\/clases-aleman\/wp-content\/uploads\/2017\/03\/clases-de-aleman-empresas.jpg-330x246.jpeg 330w\" sizes=\"(max-width: 300px) 100vw, 300px\" \/><\/a><figcaption id=\"caption-attachment-4459\" class=\"wp-caption-text\"><strong>clases-de-aleman-empresas.jpg<\/strong><\/figcaption><\/figure>\n<p>&nbsp;<\/p>\n<blockquote><p><strong>\u00a0Actualizacion 18.04.2022:<\/strong><\/p>\n<p>Se agrega una etiqueta y se modifica algo del texto<\/p><\/blockquote>\n<p><strong>\u00a0<\/strong><\/p>\n<p>&nbsp;<\/p>\n<p>&nbsp;<\/p>\n","protected":false},"excerpt":{"rendered":"<p>\u00a9Tobias Woelke\u00a0 2022 Declinaci\u00f3n-n. N-Deklination Puedes ver la explicaci\u00f3n sobre la\u00a0declinaci\u00f3n-n en alem\u00e1n directamente aqu\u00ed en el video: \u00bfQu\u00e9 es la declinaci\u00f3n n. N-Deklination? Es una forma de declinar los sustantivos en el idioma aleman. A los sustantivos que pertenecen al llamado grupo de la declinaci\u00f3n-n se agrega una n al sustantivo menos en el [&hellip;]<\/p>\n","protected":false},"author":4,"featured_media":7550,"comment_status":"open","ping_status":"open","sticky":false,"template":"","format":"standard","meta":{"footnotes":""},"categories":[13],"tags":[3868,3755,3867,3866,3869,3802],"class_list":["post-4421","post","type-post","status-publish","format-standard","has-post-thumbnail","hentry","category-gramatica-alemana","tag-declinacion-n","tag-declinacion-n-en-aleman","tag-n-declinacion","tag-n-declinacion-aleman","tag-n-declinacion-en-aleman","tag-n-deklination"],"_links":{"self":[{"href":"https:\/\/profesornativodealeman.com\/clases-aleman\/wp-json\/wp\/v2\/posts\/4421","targetHints":{"allow":["GET"]}}],"collection":[{"href":"https:\/\/profesornativodealeman.com\/clases-aleman\/wp-json\/wp\/v2\/posts"}],"about":[{"href":"https:\/\/profesornativodealeman.com\/clases-aleman\/wp-json\/wp\/v2\/types\/post"}],"author":[{"embeddable":true,"href":"https:\/\/profesornativodealeman.com\/clases-aleman\/wp-json\/wp\/v2\/users\/4"}],"replies":[{"embeddable":true,"href":"https:\/\/profesornativodealeman.com\/clases-aleman\/wp-json\/wp\/v2\/comments?post=4421"}],"version-history":[{"count":0,"href":"https:\/\/profesornativodealeman.com\/clases-aleman\/wp-json\/wp\/v2\/posts\/4421\/revisions"}],"wp:featuredmedia":[{"embeddable":true,"href":"https:\/\/profesornativodealeman.com\/clases-aleman\/wp-json\/wp\/v2\/media\/7550"}],"wp:attachment":[{"href":"https:\/\/profesornativodealeman.com\/clases-aleman\/wp-json\/wp\/v2\/media?parent=4421"}],"wp:term":[{"taxonomy":"category","embeddable":true,"href":"https:\/\/profesornativodealeman.com\/clases-aleman\/wp-json\/wp\/v2\/categories?post=4421"},{"taxonomy":"post_tag","embeddable":true,"href":"https:\/\/profesornativodealeman.com\/clases-aleman\/wp-json\/wp\/v2\/tags?post=4421"}],"curies":[{"name":"wp","href":"https:\/\/api.w.org\/{rel}","templated":true}]}}