{"id":4675,"date":"2017-07-02T20:57:12","date_gmt":"2017-07-02T20:57:12","guid":{"rendered":"http:\/\/disenopaginasweb.net\/aleman\/?p=4675"},"modified":"2022-07-17T07:43:40","modified_gmt":"2022-07-17T05:43:40","slug":"la-pasiva-en-aleman-los-verbos-modales","status":"publish","type":"post","link":"https:\/\/profesornativodealeman.com\/clases-aleman\/la-pasiva-en-aleman-los-verbos-modales\/","title":{"rendered":"La pasiva en aleman, quinta parte.Los verbos modales"},"content":{"rendered":"<p>\u00a9 Tobias Woelke 18.06.2017<a href=\"https:\/\/profesornativodealeman.com\/clases-aleman\/wp-content\/uploads\/2015\/05\/ms-icon-144x144.png\"><img decoding=\"async\" class=\"alignnone wp-image-2619\" src=\"https:\/\/profesornativodealeman.com\/clases-aleman\/wp-content\/uploads\/2015\/05\/ms-icon-144x144-150x150.png\" alt=\"Clases de alem\u00e1n online\" width=\"40\" height=\"40\" title=\"\"><\/a><\/p>\n<p>En este corto v\u00eddeo os explico el uso de los <strong>verbos modales<\/strong> en la <strong>pasiva<\/strong> en<strong> aleman<\/strong>.Debajo del video esta el texto completo.<\/p>\n<p>&nbsp;<\/p>\n<p><iframe title=\"La pasiva en aleman, 5\u00aa parte\" width=\"800\" height=\"450\" src=\"https:\/\/www.youtube.com\/embed\/f9HR3TO05bg?start=23&#038;feature=oembed\" frameborder=\"0\" allow=\"accelerometer; autoplay; clipboard-write; encrypted-media; gyroscope; picture-in-picture; web-share\" allowfullscreen><\/iframe><\/p>\n<ul>\n<li>\n<div id=\"ez-toc-container\" class=\"ez-toc-v2_0_82_2 counter-flat ez-toc-counter ez-toc-custom ez-toc-container-direction\">\n<div class=\"ez-toc-title-container\">\n<p class=\"ez-toc-title\" style=\"cursor:inherit\">Tabla de contenidos. Haciendo clic llega a la informaci\u00f3n.<\/p>\n<span class=\"ez-toc-title-toggle\"><a href=\"#\" class=\"ez-toc-pull-right ez-toc-btn ez-toc-btn-xs ez-toc-btn-default ez-toc-toggle\" aria-label=\"Alternar tabla de contenidos\"><span class=\"ez-toc-js-icon-con\"><span class=\"\"><span class=\"eztoc-hide\" style=\"display:none;\">Toggle<\/span><span class=\"ez-toc-icon-toggle-span\"><svg style=\"fill: #1e73be;color:#1e73be\" xmlns=\"http:\/\/www.w3.org\/2000\/svg\" class=\"list-377408\" width=\"20px\" height=\"20px\" viewBox=\"0 0 24 24\" fill=\"none\"><path d=\"M6 6H4v2h2V6zm14 0H8v2h12V6zM4 11h2v2H4v-2zm16 0H8v2h12v-2zM4 16h2v2H4v-2zm16 0H8v2h12v-2z\" fill=\"currentColor\"><\/path><\/svg><svg style=\"fill: #1e73be;color:#1e73be\" class=\"arrow-unsorted-368013\" xmlns=\"http:\/\/www.w3.org\/2000\/svg\" width=\"10px\" height=\"10px\" viewBox=\"0 0 24 24\" version=\"1.2\" baseProfile=\"tiny\"><path d=\"M18.2 9.3l-6.2-6.3-6.2 6.3c-.2.2-.3.4-.3.7s.1.5.3.7c.2.2.4.3.7.3h11c.3 0 .5-.1.7-.3.2-.2.3-.5.3-.7s-.1-.5-.3-.7zM5.8 14.7l6.2 6.3 6.2-6.3c.2-.2.3-.5.3-.7s-.1-.5-.3-.7c-.2-.2-.4-.3-.7-.3h-11c-.3 0-.5.1-.7.3-.2.2-.3.5-.3.7s.1.5.3.7z\"\/><\/svg><\/span><\/span><\/span><\/a><\/span><\/div>\n<nav><ul class='ez-toc-list ez-toc-list-level-1 ' ><li class='ez-toc-page-1'><a class=\"ez-toc-link ez-toc-heading-1\" href=\"https:\/\/profesornativodealeman.com\/clases-aleman\/la-pasiva-en-aleman-los-verbos-modales\/#El_uso_de_los_verbos_modales_en_la_pasiva_en_aleman\" >El uso de los verbos modales en la pasiva en\u00a0alem\u00e1n<\/a><\/li><li class='ez-toc-page-1'><a class=\"ez-toc-link ez-toc-heading-2\" href=\"https:\/\/profesornativodealeman.com\/clases-aleman\/la-pasiva-en-aleman-los-verbos-modales\/#Tabla_de_uso_de_los_verbos_modales_en_la_pasiva_en_los_distintos_tiempos_verbales\" >Tabla de uso de los verbos modales en la pasiva en los distintos tiempos verbales<\/a><\/li><li class='ez-toc-page-1'><a class=\"ez-toc-link ez-toc-heading-3\" href=\"https:\/\/profesornativodealeman.com\/clases-aleman\/la-pasiva-en-aleman-los-verbos-modales\/#Aviso_importante_para_vuestro_proceso_de_aprendizaje_del_aleman\" >Aviso importante para vuestro proceso de aprendizaje del aleman.<\/a><\/li><\/ul><\/nav><\/div>\n<h2><span class=\"ez-toc-section\" id=\"El_uso_de_los_verbos_modales_en_la_pasiva_en_aleman\"><\/span><span style=\"color: #000000;\"><strong>El uso de los verbos modales en la pasiva en\u00a0<\/strong><\/span><span style=\"color: #000000;\">alem\u00e1n<\/span><span class=\"ez-toc-section-end\"><\/span><\/h2>\n<\/li>\n<li>Frase en activa:<\/li>\n<li>Der Mann schliesst die T\u00fcr<\/li>\n<li>El hombre cierra la puerta<\/li>\n<li>Pasiva de proceso:<\/li>\n<li>Die T\u00fcr wird geschlossen<\/li>\n<li>La puerta es cerrada<\/li>\n<li>Pasiva de proceso con verbo modal:<\/li>\n<li>Die T\u00fcr muss geschlossen werden<\/li>\n<li>La puerta tiene que ser cerrada<\/li>\n<li><\/li>\n<li>El verbo modal ocupa la segunda posici\u00f3n en la pasiva en <strong>aleman<\/strong> cuando se trata de una frase principal,werden en la ultima posici\u00f3n y participio 2 en la pen\u00faltima posici\u00f3n.<br \/>\n\u201cDas Essen muss gekocht werden\u201d<br \/>\nLa comida tiene que ser cocinada<\/li>\n<li>Esto ha sido todo sobre el uso de los <strong>verbos modales<\/strong> en la <strong>pasiva<\/strong> en <strong>aleman.<\/strong><\/li>\n<li>Espero que este articulo os ha ayudado.Si teneis alguna duda podeis comentar el Post y os contesto lo antes posible.<\/li>\n<li>\n<h3><span class=\"ez-toc-section\" id=\"Tabla_de_uso_de_los_verbos_modales_en_la_pasiva_en_los_distintos_tiempos_verbales\"><\/span><strong><span style=\"color: #000000;\">Tabla de uso de los verbos modales en la pasiva en los distintos tiempos verbales<\/span><\/strong><span class=\"ez-toc-section-end\"><\/span><\/h3>\n<\/li>\n<li>Pr\u00e4sens:<\/li>\n<li>Die T\u00fcr muss geschlossen werden<\/li>\n<li>Pr\u00e4teritum:<\/li>\n<li>Die T\u00fcr musste geschlossen werden<\/li>\n<li>Perfekt(muy raro):<\/li>\n<li>Die T\u00fcr hat geschlossen werden m\u00fcssen<\/li>\n<li>Plusquamperfecto(muy raro)<\/li>\n<li>\n<h3><span class=\"ez-toc-section\" id=\"Aviso_importante_para_vuestro_proceso_de_aprendizaje_del_aleman\"><\/span><span style=\"color: #000000;\"><strong>Aviso importante para vuestro proceso de aprendizaje del aleman.<\/strong><\/span><span class=\"ez-toc-section-end\"><\/span><\/h3>\n<p>Como ya os he comentado en mas de una ocasi\u00f3n, la<strong> pasiva<\/strong> en <strong>alem\u00e1n<\/strong> es un tema muy complejo. Los videos os deben ayudar a entender esta parte gramatical pero no os agobi\u00e9is por la gram\u00e1tica, no intent\u00e9is buscar una traducion literal al castellano.<\/p>\n<p>Una base gramatical es importante claro que si, pero no se llega a dominar ning\u00fan idioma del mundo solo sabiendo de arriba abajo la gram\u00e1tica.<\/li>\n<\/ul>\n<p>&nbsp;<\/p>\n<ul>\n<li>Un saludo<\/li>\n<li>Tobias Woelke<\/li>\n<li><a href=\"https:\/\/profesornativodealeman.com\/clases-aleman\/contacto\/\">Clases de alem\u00e1n por Internet<\/a><\/li>\n<\/ul>\n<p>&nbsp;<\/p>\n<figure id=\"attachment_4682\" aria-describedby=\"caption-attachment-4682\" style=\"width: 400px\" class=\"wp-caption alignnone\"><a href=\"https:\/\/profesornativodealeman.com\/clases-aleman\/wp-content\/uploads\/2017\/06\/aleman-por-Internet.jpg.jpg\"><img fetchpriority=\"high\" decoding=\"async\" class=\"size-full wp-image-4682\" src=\"https:\/\/profesornativodealeman.com\/clases-aleman\/wp-content\/uploads\/2017\/06\/aleman-por-Internet.jpg.jpg\" alt=\"aprender aleman internet\" width=\"400\" height=\"300\" title=\"\"><\/a><figcaption id=\"caption-attachment-4682\" class=\"wp-caption-text\"><strong>aleman por internet online por Zoom<\/strong><\/figcaption><\/figure>\n<p>&nbsp;<\/p>\n","protected":false},"excerpt":{"rendered":"<p>\u00a9 Tobias Woelke 18.06.2017 En este corto v\u00eddeo os explico el uso de los verbos modales en la pasiva en aleman.Debajo del video esta el texto completo. &nbsp; El uso de los verbos modales en la pasiva en\u00a0alem\u00e1n Frase en activa: Der Mann schliesst die T\u00fcr El hombre cierra la puerta Pasiva de proceso: Die [&hellip;]<\/p>\n","protected":false},"author":4,"featured_media":0,"comment_status":"open","ping_status":"open","sticky":false,"template":"","format":"standard","meta":{"footnotes":""},"categories":[13],"tags":[6,10,204,51,117],"class_list":["post-4675","post","type-post","status-publish","format-standard","hentry","category-gramatica-alemana","tag-aleman","tag-aprender","tag-internet","tag-pasiva","tag-verbos-modales"],"_links":{"self":[{"href":"https:\/\/profesornativodealeman.com\/clases-aleman\/wp-json\/wp\/v2\/posts\/4675","targetHints":{"allow":["GET"]}}],"collection":[{"href":"https:\/\/profesornativodealeman.com\/clases-aleman\/wp-json\/wp\/v2\/posts"}],"about":[{"href":"https:\/\/profesornativodealeman.com\/clases-aleman\/wp-json\/wp\/v2\/types\/post"}],"author":[{"embeddable":true,"href":"https:\/\/profesornativodealeman.com\/clases-aleman\/wp-json\/wp\/v2\/users\/4"}],"replies":[{"embeddable":true,"href":"https:\/\/profesornativodealeman.com\/clases-aleman\/wp-json\/wp\/v2\/comments?post=4675"}],"version-history":[{"count":0,"href":"https:\/\/profesornativodealeman.com\/clases-aleman\/wp-json\/wp\/v2\/posts\/4675\/revisions"}],"wp:attachment":[{"href":"https:\/\/profesornativodealeman.com\/clases-aleman\/wp-json\/wp\/v2\/media?parent=4675"}],"wp:term":[{"taxonomy":"category","embeddable":true,"href":"https:\/\/profesornativodealeman.com\/clases-aleman\/wp-json\/wp\/v2\/categories?post=4675"},{"taxonomy":"post_tag","embeddable":true,"href":"https:\/\/profesornativodealeman.com\/clases-aleman\/wp-json\/wp\/v2\/tags?post=4675"}],"curies":[{"name":"wp","href":"https:\/\/api.w.org\/{rel}","templated":true}]}}