{"id":4699,"date":"2017-08-12T08:34:51","date_gmt":"2017-08-12T08:34:51","guid":{"rendered":"http:\/\/disenopaginasweb.net\/aleman\/?p=4699"},"modified":"2022-05-27T08:20:13","modified_gmt":"2022-05-27T06:20:13","slug":"pasiva-estado-aleman","status":"publish","type":"post","link":"https:\/\/profesornativodealeman.com\/clases-aleman\/pasiva-estado-aleman\/","title":{"rendered":"La pasiva de estado en el idioma aleman"},"content":{"rendered":"<p>\u00a9 Tobias Woelke 09.07.2017<a href=\"https:\/\/profesornativodealeman.com\/clases-aleman\/wp-content\/uploads\/2015\/05\/ms-icon-144x144.png\"><img decoding=\"async\" class=\"alignnone wp-image-2619\" src=\"https:\/\/profesornativodealeman.com\/clases-aleman\/wp-content\/uploads\/2015\/05\/ms-icon-144x144.png\" alt=\"Clases de alem\u00e1n online\" width=\"40\" height=\"40\" title=\"\"><\/a><\/p>\n<p><span style=\"color: #0000ff;\">Abajo de todo ten\u00e9is el video con la explicaci\u00f3n por si acaso \u00a0prefer\u00eds verlo directamente en video<\/span><\/p>\n<figure id=\"attachment_4737\" aria-describedby=\"caption-attachment-4737\" style=\"width: 300px\" class=\"wp-caption alignnone\"><a href=\"https:\/\/profesornativodealeman.com\/clases-aleman\/wp-content\/uploads\/2017\/07\/pasiva-estado-aleman.jpeg\"><img fetchpriority=\"high\" decoding=\"async\" class=\"wp-image-4737 size-full\" title=\"pasiva-estado-aleman\" src=\"https:\/\/profesornativodealeman.com\/clases-aleman\/wp-content\/uploads\/2017\/07\/pasiva-estado-aleman-e1653632398846.jpeg\" alt=\"Desde www.profesornativodealeman.com hoy os explico la pasiva de estado en el idioma aleman\" width=\"300\" height=\"225\" srcset=\"https:\/\/profesornativodealeman.com\/clases-aleman\/wp-content\/uploads\/2017\/07\/pasiva-estado-aleman-e1653632398846.jpeg 300w, https:\/\/profesornativodealeman.com\/clases-aleman\/wp-content\/uploads\/2017\/07\/pasiva-estado-aleman-e1653632398846-150x113.jpeg 150w\" sizes=\"(max-width: 300px) 100vw, 300px\" \/><\/a><figcaption id=\"caption-attachment-4737\" class=\"wp-caption-text\"><strong>pasiva-estado-aleman<\/strong><\/figcaption><\/figure>\n<div id=\"ez-toc-container\" class=\"ez-toc-v2_0_82_2 counter-flat ez-toc-counter ez-toc-custom ez-toc-container-direction\">\n<div class=\"ez-toc-title-container\">\n<p class=\"ez-toc-title\" style=\"cursor:inherit\">Tabla de contenidos. Haciendo clic llega a la informaci\u00f3n.<\/p>\n<span class=\"ez-toc-title-toggle\"><a href=\"#\" class=\"ez-toc-pull-right ez-toc-btn ez-toc-btn-xs ez-toc-btn-default ez-toc-toggle\" aria-label=\"Alternar tabla de contenidos\"><span class=\"ez-toc-js-icon-con\"><span class=\"\"><span class=\"eztoc-hide\" style=\"display:none;\">Toggle<\/span><span class=\"ez-toc-icon-toggle-span\"><svg style=\"fill: #1e73be;color:#1e73be\" xmlns=\"http:\/\/www.w3.org\/2000\/svg\" class=\"list-377408\" width=\"20px\" height=\"20px\" viewBox=\"0 0 24 24\" fill=\"none\"><path d=\"M6 6H4v2h2V6zm14 0H8v2h12V6zM4 11h2v2H4v-2zm16 0H8v2h12v-2zM4 16h2v2H4v-2zm16 0H8v2h12v-2z\" fill=\"currentColor\"><\/path><\/svg><svg style=\"fill: #1e73be;color:#1e73be\" class=\"arrow-unsorted-368013\" xmlns=\"http:\/\/www.w3.org\/2000\/svg\" width=\"10px\" height=\"10px\" viewBox=\"0 0 24 24\" version=\"1.2\" baseProfile=\"tiny\"><path d=\"M18.2 9.3l-6.2-6.3-6.2 6.3c-.2.2-.3.4-.3.7s.1.5.3.7c.2.2.4.3.7.3h11c.3 0 .5-.1.7-.3.2-.2.3-.5.3-.7s-.1-.5-.3-.7zM5.8 14.7l6.2 6.3 6.2-6.3c.2-.2.3-.5.3-.7s-.1-.5-.3-.7c-.2-.2-.4-.3-.7-.3h-11c-.3 0-.5.1-.7.3-.2.2-.3.5-.3.7s.1.5.3.7z\"\/><\/svg><\/span><\/span><\/span><\/a><\/span><\/div>\n<nav><ul class='ez-toc-list ez-toc-list-level-1 ' ><li class='ez-toc-page-1'><a class=\"ez-toc-link ez-toc-heading-1\" href=\"https:\/\/profesornativodealeman.com\/clases-aleman\/pasiva-estado-aleman\/#%C2%BFQue_es_la_pasiva_de_estado_en_el_idioma_aleman\" >\u00bfQue es la pasiva de estado en el idioma\u00a0 alem\u00e1n?<\/a><\/li><li class='ez-toc-page-1'><a class=\"ez-toc-link ez-toc-heading-2\" href=\"https:\/\/profesornativodealeman.com\/clases-aleman\/pasiva-estado-aleman\/#%C2%BFComo_se_forma_la_pasiva_de_estado\" >\u00bfC\u00f3mo se forma la pasiva de estado?<\/a><\/li><li class='ez-toc-page-1'><a class=\"ez-toc-link ez-toc-heading-3\" href=\"https:\/\/profesornativodealeman.com\/clases-aleman\/pasiva-estado-aleman\/#La_pasiva_de_estado_y_el_perfecto_de_una_frase_activa\" >La pasiva\u00a0 de estado y el perfecto de una frase\u00a0 activa<\/a><\/li><li class='ez-toc-page-1'><a class=\"ez-toc-link ez-toc-heading-4\" href=\"https:\/\/profesornativodealeman.com\/clases-aleman\/pasiva-estado-aleman\/#%C2%BFSe_puede_usar_la_pasiva_de_estado_con_los_verbos_modales\" >\u00bfSe puede usar la pasiva de estado con los verbos modales?<\/a><\/li><li class='ez-toc-page-1'><a class=\"ez-toc-link ez-toc-heading-5\" href=\"https:\/\/profesornativodealeman.com\/clases-aleman\/pasiva-estado-aleman\/#%C2%BFCon_que_verbos_no_se_puede_usar_la_pasiva_de_estado\" >\u00bfCon que verbos no se puede usar la pasiva de estado?<\/a><\/li><\/ul><\/nav><\/div>\n<h2><span class=\"ez-toc-section\" id=\"%C2%BFQue_es_la_pasiva_de_estado_en_el_idioma_aleman\"><\/span><span style=\"color: #000000;\"><b>\u00bfQue es la pasiva de estado en el idioma\u00a0 alem\u00e1n?<\/b><\/span><span class=\"ez-toc-section-end\"><\/span><\/h2>\n<blockquote><p><b>Con\u00a0la pasiva de estado en\u00a0<\/b><b>alem\u00e1n\u00a0(<\/b><b>Zustandspassiv<\/b><b>) describimos el estado tras una acci\u00f3n. En espa\u00f1ol se corresponde con la estructura formada por el verbo estar y el participio.<\/b><\/p><\/blockquote>\n<p>&nbsp;<\/p>\n<p><strong><span style=\"color: #0000ff;\">Un ejemplo con una frase activa<\/span><\/strong><\/p>\n<p>Michael schliesst die T\u00fcr<\/p>\n<p>Michael cierra la puerta<\/p>\n<p><strong><span style=\"color: #0000ff;\">Ahora un ejemplo con la pasiva de estado<\/span><\/strong><\/p>\n<p>Die T\u00fcr ist geschlossen<\/p>\n<p>La puerta esta cerrada<\/p>\n<h2><span class=\"ez-toc-section\" id=\"%C2%BFComo_se_forma_la_pasiva_de_estado\"><\/span><span style=\"color: #000000;\"><b>\u00bfC\u00f3mo se forma la pasiva de estado?<\/b><\/span><span class=\"ez-toc-section-end\"><\/span><\/h2>\n<p><strong><span style=\"color: #0000ff;\">Forma temporal \u00a0 \u00a0 \u00a0\u00a0 \u00a0 \u00a0 \u00a0 \u00a0 \u00a0 \u00a0 \u00a0 \u00a0 \u00a0 \u00a0 \u00a0 \u00a0 \u00a0 \u00a0 \u00a0 \u00a0 \u00a0 \u00a0Ejemplo en\u00a0\u00a0pasiva de estado<\/span><\/strong><\/p>\n<p>Pr\u00e4sens \u00a0 \u00a0 \u00a0 \u00a0 \u00a0 \u00a0 \u00a0 \u00a0 \u00a0 \u00a0 \u00a0 \u00a0 \u00a0 \u00a0 \u00a0 \u00a0 \u00a0 \u00a0 \u00a0 \u00a0 \u00a0 \u00a0 \u00a0 \u00a0 \u00a0 \u00a0 \u00a0 \u00a0 \u00a0 \u00a0Die Suppe ist gekocht<\/p>\n<p>Perfekt \u00a0 \u00a0 \u00a0 \u00a0 \u00a0 \u00a0 \u00a0 \u00a0 \u00a0 \u00a0 \u00a0 \u00a0 \u00a0 \u00a0 \u00a0 \u00a0 \u00a0 \u00a0 \u00a0 \u00a0 \u00a0 \u00a0 \u00a0 \u00a0 \u00a0 \u00a0 \u00a0 \u00a0 \u00a0 \u00a0 Die Suppe ist gekocht gewesen<\/p>\n<p>Pr\u00e4teritum \u00a0 \u00a0 \u00a0 \u00a0 \u00a0 \u00a0 \u00a0 \u00a0 \u00a0 \u00a0 \u00a0 \u00a0 \u00a0 \u00a0 \u00a0 \u00a0 \u00a0 \u00a0 \u00a0 \u00a0 \u00a0 \u00a0 \u00a0 \u00a0 \u00a0 \u00a0\u00a0 Die Suppe war gekocht<\/p>\n<p>Plusquamperfekt \u00a0 \u00a0 \u00a0 \u00a0 \u00a0 \u00a0 \u00a0 \u00a0 \u00a0 \u00a0 \u00a0 \u00a0 \u00a0 \u00a0 \u00a0 \u00a0 \u00a0 \u00a0 \u00a0 \u00a0 \u00a0\u00a0Die Suppe war gekocht\u00a0 gewesen<\/p>\n<p>Futur I \u00a0 \u00a0 \u00a0 \u00a0 \u00a0 \u00a0 \u00a0 \u00a0 \u00a0 \u00a0 \u00a0 \u00a0 \u00a0 \u00a0 \u00a0 \u00a0 \u00a0 \u00a0 \u00a0 \u00a0 \u00a0 \u00a0 \u00a0 \u00a0 \u00a0 \u00a0 \u00a0 \u00a0 \u00a0 \u00a0\u00a0 Die Suppe wird gekocht sein.<\/p>\n<p>Futur II \u00a0 \u00a0 \u00a0 \u00a0 \u00a0 \u00a0 \u00a0 \u00a0 \u00a0 \u00a0 \u00a0 \u00a0 \u00a0 \u00a0 \u00a0 \u00a0 \u00a0 \u00a0 \u00a0 \u00a0 \u00a0 \u00a0 \u00a0 \u00a0 \u00a0 \u00a0 \u00a0 \u00a0 \u00a0 \u00a0\u00a0Die Suppe wird gekocht gewesen sein.<\/p>\n<p>&nbsp;<\/p>\n<h2><span class=\"ez-toc-section\" id=\"La_pasiva_de_estado_y_el_perfecto_de_una_frase_activa\"><\/span><span style=\"color: #000000;\"><b>La pasiva\u00a0 de estado y el perfecto de una frase\u00a0 activa<\/b><\/span><span class=\"ez-toc-section-end\"><\/span><\/h2>\n<p>Algunos tiempos en activa se parecen a<strong>\u00a0la pasiva de estado en aleman<\/strong>. Si queremos saber si una oraci\u00f3n es activa o pasiva, intentamos formar la pasiva de proceso. Si esto no es posible, se trata de una forma activa.<br \/>\nUn ejemplo:<br \/>\nDer Mann ist aufgewacht el hombre se ha despertado<br \/>\nEs una oraci\u00f3n en activa , pero no pasiva de estado porque el verbo aufwachen que describe un cambio de estado no se puede usar en la pasiva.<\/p>\n<h2><span class=\"ez-toc-section\" id=\"%C2%BFSe_puede_usar_la_pasiva_de_estado_con_los_verbos_modales\"><\/span><span style=\"color: #000000;\"><strong>\u00bfSe puede usar la pasiva de estado con los verbos modales?<\/strong><\/span><span class=\"ez-toc-section-end\"><\/span><\/h2>\n<ul>\n<li>Si en teor\u00eda si se puede usar con los verbos modales pero en el lenguaje hablado esta forma de expresarse es inexistente y suena muy raro.<\/li>\n<li>Se forma la pasiva de estado con un verbo modal de la siguiente manera<\/li>\n<li>Verbo modal+ participio 2+ sein<\/li>\n<li>Un ejemplo:<\/li>\n<li>Die Suppe muss gekocht sein<\/li>\n<\/ul>\n<h2><span class=\"ez-toc-section\" id=\"%C2%BFCon_que_verbos_no_se_puede_usar_la_pasiva_de_estado\"><\/span><span style=\"color: #000000;\"><strong>\u00bfCon que verbos no se puede usar la pasiva de estado?<\/strong><\/span><span class=\"ez-toc-section-end\"><\/span><\/h2>\n<ul>\n<li>Verbos de cambio de estado como por ejemplo einschlafen aufwachen,wachsen<\/li>\n<li>Verbos de movimiento como por ejemplo laufen y gehen<\/li>\n<li>Los verbos reflexivos.<\/li>\n<li>Verbos que se forman con \u201ces\u201d como por ejemplo schneien,regnen,es gibt<\/li>\n<li>Los verbos modales cuando funcionan como pleno verbo.Ejemplo\u2026Kannst du Englisch?<\/li>\n<\/ul>\n<p>Aqui el video donde os explico este tema gramatical:<\/p>\n<p><iframe title=\"La pasiva en aleman, la pasiva de estado\" width=\"800\" height=\"450\" src=\"https:\/\/www.youtube.com\/embed\/W2OlNgoKu08?feature=oembed\" frameborder=\"0\" allow=\"accelerometer; autoplay; clipboard-write; encrypted-media; gyroscope; picture-in-picture; web-share\" allowfullscreen><\/iframe><\/p>\n<p>\u00a1Espero que este v\u00eddeo os haya ayudado! Os invito a suscribiros a mi canal en Youtube <a href=\"https:\/\/www.youtube.com\/channel\/UChtwYz-93yYV1EuLFdexEhw?view_as=subscriber\" target=\"_blank\" rel=\"noopener\">aprender aleman online por Zoom<\/a>\u00a0y a visitar mi web, donde podr\u00e1is encontrar m\u00e1s consejos de ayuda para avanzar con vuestro nivel de alem\u00e1n en la seccion de gramatica.Hay un Newsletter ,si os suscribis recibis de forma automatica todos los Post que escribo sobre la gramatica alemana.<\/p>\n<p>Logicamente es 100% gratis.<\/p>\n<p>Aqui el Link<\/p>\n<p><a href=\"https:\/\/profesornativodealeman.com\/clases-aleman\/blog\/\">aprender gramatica del idioma aleman online por Zoom<\/a><\/p>\n<p>Bis bald!<\/p>\n<p>Un saludo<\/p>\n<p>Tobias Woelke<\/p>\n<p><a href=\"https:\/\/profesornativodealeman.com\/clases-aleman\/\">aprender aleman online por Zoom<\/a><\/p>\n<p>&nbsp;<\/p>\n","protected":false},"excerpt":{"rendered":"<p>\u00a9 Tobias Woelke 09.07.2017 Abajo de todo ten\u00e9is el video con la explicaci\u00f3n por si acaso \u00a0prefer\u00eds verlo directamente en video \u00bfQue es la pasiva de estado en el idioma\u00a0 alem\u00e1n? Con\u00a0la pasiva de estado en\u00a0alem\u00e1n\u00a0(Zustandspassiv) describimos el estado tras una acci\u00f3n. En espa\u00f1ol se corresponde con la estructura formada por el verbo estar y [&hellip;]<\/p>\n","protected":false},"author":4,"featured_media":4737,"comment_status":"open","ping_status":"open","sticky":false,"template":"","format":"standard","meta":{"footnotes":""},"categories":[13],"tags":[223,452,84,36,453],"class_list":["post-4699","post","type-post","status-publish","format-standard","has-post-thumbnail","hentry","category-gramatica-alemana","tag-aprender-aleman-por-skype","tag-die","tag-online","tag-pasiva-de-estado","tag-zustandspassiv"],"_links":{"self":[{"href":"https:\/\/profesornativodealeman.com\/clases-aleman\/wp-json\/wp\/v2\/posts\/4699","targetHints":{"allow":["GET"]}}],"collection":[{"href":"https:\/\/profesornativodealeman.com\/clases-aleman\/wp-json\/wp\/v2\/posts"}],"about":[{"href":"https:\/\/profesornativodealeman.com\/clases-aleman\/wp-json\/wp\/v2\/types\/post"}],"author":[{"embeddable":true,"href":"https:\/\/profesornativodealeman.com\/clases-aleman\/wp-json\/wp\/v2\/users\/4"}],"replies":[{"embeddable":true,"href":"https:\/\/profesornativodealeman.com\/clases-aleman\/wp-json\/wp\/v2\/comments?post=4699"}],"version-history":[{"count":0,"href":"https:\/\/profesornativodealeman.com\/clases-aleman\/wp-json\/wp\/v2\/posts\/4699\/revisions"}],"wp:featuredmedia":[{"embeddable":true,"href":"https:\/\/profesornativodealeman.com\/clases-aleman\/wp-json\/wp\/v2\/media\/4737"}],"wp:attachment":[{"href":"https:\/\/profesornativodealeman.com\/clases-aleman\/wp-json\/wp\/v2\/media?parent=4699"}],"wp:term":[{"taxonomy":"category","embeddable":true,"href":"https:\/\/profesornativodealeman.com\/clases-aleman\/wp-json\/wp\/v2\/categories?post=4699"},{"taxonomy":"post_tag","embeddable":true,"href":"https:\/\/profesornativodealeman.com\/clases-aleman\/wp-json\/wp\/v2\/tags?post=4699"}],"curies":[{"name":"wp","href":"https:\/\/api.w.org\/{rel}","templated":true}]}}