{"id":4720,"date":"2018-08-26T11:16:11","date_gmt":"2018-08-26T11:16:11","guid":{"rendered":"http:\/\/disenopaginasweb.net\/aleman\/?p=4720"},"modified":"2022-05-17T19:32:05","modified_gmt":"2022-05-17T17:32:05","slug":"diferencia-antworten-beantworten","status":"publish","type":"post","link":"https:\/\/profesornativodealeman.com\/clases-aleman\/diferencia-antworten-beantworten\/","title":{"rendered":"Diferencia entre antworten y beantworten"},"content":{"rendered":"<p>\u00a9 Tobias Woelke 23.07.2017<a href=\"https:\/\/profesornativodealeman.com\/clases-aleman\/wp-content\/uploads\/2015\/05\/apple-icon-114x114.png\"><img decoding=\"async\" class=\"alignnone wp-image-2617\" src=\"https:\/\/profesornativodealeman.com\/clases-aleman\/wp-content\/uploads\/2015\/05\/apple-icon-114x114.png\" alt=\"Clases de alem\u00e1n online\" width=\"40\" height=\"40\" title=\"\"><\/a><\/p>\n<h2><\/h2>\n<div id=\"ez-toc-container\" class=\"ez-toc-v2_0_82_2 counter-flat ez-toc-counter ez-toc-custom ez-toc-container-direction\">\n<div class=\"ez-toc-title-container\">\n<p class=\"ez-toc-title\" style=\"cursor:inherit\">Tabla de contenidos. Haciendo clic llega a la informaci\u00f3n.<\/p>\n<span class=\"ez-toc-title-toggle\"><a href=\"#\" class=\"ez-toc-pull-right ez-toc-btn ez-toc-btn-xs ez-toc-btn-default ez-toc-toggle\" aria-label=\"Alternar tabla de contenidos\"><span class=\"ez-toc-js-icon-con\"><span class=\"\"><span class=\"eztoc-hide\" style=\"display:none;\">Toggle<\/span><span class=\"ez-toc-icon-toggle-span\"><svg style=\"fill: #1e73be;color:#1e73be\" xmlns=\"http:\/\/www.w3.org\/2000\/svg\" class=\"list-377408\" width=\"20px\" height=\"20px\" viewBox=\"0 0 24 24\" fill=\"none\"><path d=\"M6 6H4v2h2V6zm14 0H8v2h12V6zM4 11h2v2H4v-2zm16 0H8v2h12v-2zM4 16h2v2H4v-2zm16 0H8v2h12v-2z\" fill=\"currentColor\"><\/path><\/svg><svg style=\"fill: #1e73be;color:#1e73be\" class=\"arrow-unsorted-368013\" xmlns=\"http:\/\/www.w3.org\/2000\/svg\" width=\"10px\" height=\"10px\" viewBox=\"0 0 24 24\" version=\"1.2\" baseProfile=\"tiny\"><path d=\"M18.2 9.3l-6.2-6.3-6.2 6.3c-.2.2-.3.4-.3.7s.1.5.3.7c.2.2.4.3.7.3h11c.3 0 .5-.1.7-.3.2-.2.3-.5.3-.7s-.1-.5-.3-.7zM5.8 14.7l6.2 6.3 6.2-6.3c.2-.2.3-.5.3-.7s-.1-.5-.3-.7c-.2-.2-.4-.3-.7-.3h-11c-.3 0-.5.1-.7.3-.2.2-.3.5-.3.7s.1.5.3.7z\"\/><\/svg><\/span><\/span><\/span><\/a><\/span><\/div>\n<nav><ul class='ez-toc-list ez-toc-list-level-1 ' ><li class='ez-toc-page-1'><a class=\"ez-toc-link ez-toc-heading-1\" href=\"https:\/\/profesornativodealeman.com\/clases-aleman\/diferencia-antworten-beantworten\/#%C2%BFCual_es_la_diferencia_entre_antworten_y_beantworten\" >\u00bfCu\u00e1l es la diferencia entre antworten y beantworten?<\/a><\/li><li class='ez-toc-page-1'><a class=\"ez-toc-link ez-toc-heading-2\" href=\"https:\/\/profesornativodealeman.com\/clases-aleman\/diferencia-antworten-beantworten\/#El_verbo_antworten_rige_dativo\" >El verbo antworten rige dativo:<\/a><\/li><li class='ez-toc-page-1'><a class=\"ez-toc-link ez-toc-heading-3\" href=\"https:\/\/profesornativodealeman.com\/clases-aleman\/diferencia-antworten-beantworten\/#El_verbo_beantworten_rige_acusativo\" >El verbo beantworten rige acusativo:<\/a><\/li><\/ul><\/nav><\/div>\n<h2><span class=\"ez-toc-section\" id=\"%C2%BFCual_es_la_diferencia_entre_antworten_y_beantworten\"><\/span><span style=\"color: #0000ff;\"><strong>\u00bfCu\u00e1l es la diferencia entre antworten y beantworten?<\/strong><\/span><span class=\"ez-toc-section-end\"><\/span><\/h2>\n<p>Se actualiza el contenido del Post. Puedes ver la explicaci\u00f3n directamente aqu\u00ed en este video:<\/p>\n<p><iframe title=\"\u00bfCual es la diferencia entre &quot;antworten&quot; y &quot;beantworten&quot;?\" width=\"800\" height=\"450\" src=\"https:\/\/www.youtube.com\/embed\/YjvslibzOSA?feature=oembed\" frameborder=\"0\" allow=\"accelerometer; autoplay; clipboard-write; encrypted-media; gyroscope; picture-in-picture; web-share\" allowfullscreen><\/iframe><\/p>\n<p>&nbsp;<\/p>\n<p>Primero hay que decir que en el fondo ambos verbos expresan lo mismo, \u201ccontestar\u201d o \u201cresponder\u201d pero si hay alguna diferencia gramatical y de uso.<\/p>\n<h2><span class=\"ez-toc-section\" id=\"El_verbo_antworten_rige_dativo\"><\/span><span style=\"color: #0000ff;\"><strong>El verbo antworten rige dativo:<\/strong><\/span><span class=\"ez-toc-section-end\"><\/span><\/h2>\n<p>&nbsp;<\/p>\n<p>Aqu\u00ed algunos ejemplos del uso del verbo <strong>antworten<\/strong>:<\/p>\n<p>Ich antworte ihm\u00a0\u00a0\u00a0\u00a0\u00a0\u00a0\u00a0\u00a0\u00a0\u00a0\u00a0\u00a0\u00a0\u00a0\u00a0\u00a0\u00a0\u00a0\u00a0\u00a0\u00a0\u00a0\u00a0\u00a0\u00a0\u00a0\u00a0\u00a0\u00a0\u00a0\u00a0\u00a0\u00a0\u00a0\u00a0\u00a0\u00a0\u00a0\u00a0\u00a0\u00a0\u00a0\u00a0\u00a0\u00a0\u00a0\u00a0\u00a0\u00a0\u00a0\u00a0\u00a0\u00a0\u00a0\u00a0\u00a0\u00a0\u00a0 le contesto<\/p>\n<p>Du antwortest den Sch\u00fclern \u00a0 \u00a0 \u00a0 \u00a0 \u00a0 \u00a0 \u00a0 \u00a0 \u00a0 \u00a0 \u00a0 \u00a0 \u00a0 \u00a0 \u00a0 \u00a0 \u00a0 \u00a0 \u00a0 respondes a los alumnos<\/p>\n<p>Er antwortet der Lehrerin \u00a0 \u00a0 \u00a0 \u00a0 \u00a0 \u00a0 \u00a0 \u00a0 \u00a0 \u00a0 \u00a0 \u00a0 \u00a0 \u00a0 \u00a0 \u00a0 \u00a0 \u00a0 \u00a0 \u00a0 \u00a0 el responde a la profesora<\/p>\n<p>&nbsp;<\/p>\n<h2><span class=\"ez-toc-section\" id=\"El_verbo_beantworten_rige_acusativo\"><\/span><span style=\"color: #0000ff;\"><strong>El verbo beantworten rige acusativo:<\/strong><\/span><span class=\"ez-toc-section-end\"><\/span><\/h2>\n<p>&nbsp;<\/p>\n<p>A continuaci\u00f3n algunos ejemplos con las mismas frases que he escrito antes, pero esta vez con el verbo <strong>beantworten<\/strong>.<\/p>\n<p>Du beantwortest meine Frage \u00a0 \u00a0 \u00a0 \u00a0 \u00a0 \u00a0 \u00a0 \u00a0 \u00a0 \u00a0 \u00a0 \u00a0 \u00a0 \u00a0 \u00a0 \u00a0 \u00a0contestas mi pregunta<\/p>\n<p>Ich beantworte seine Frage \u00a0 \u00a0 \u00a0 \u00a0 \u00a0 \u00a0 \u00a0 \u00a0 \u00a0 \u00a0 \u00a0 \u00a0 \u00a0 \u00a0 \u00a0 \u00a0 \u00a0 \u00a0 \u00a0 contesto su pregunta<\/p>\n<p>Nos damos cuenta que el contexto cambia un poco.<\/p>\n<p>En el ejemplo del verbo <strong>antworten<\/strong> \u201cle contestamos\u201d pero no especificamos que es lo que contestamos.<\/p>\n<p>Por otro lado con el verbo \u201c<strong>beantworten<\/strong>\u201d especificamos que contestamos su pregunta y adem\u00e1s este verbo rige acusativo.<\/p>\n<p>Tambien existe el verbo \u201c<strong>antworten<\/strong> <strong>auf<\/strong>\u201d que lleva la preposici\u00f3n \u201cauf\u201d y tiene el mismo significado como <strong>beantworten<\/strong>.<\/p>\n<p>Du antwortest auf ihre Frage \u00a0 \u00a0 \u00a0 \u00a0 \u00a0 \u00a0 \u00a0 \u00a0 \u00a0 \u00a0 \u00a0 \u00a0 \u00a0 \u00a0 \u00a0 \u00a0 \u00a0 \u00a0 \u00a0 \u00a0contestas la pregunta de ella<\/p>\n<p>&nbsp;<\/p>\n<p>En todo caso a usar algunas frases con estos verbos las personas que aprenden<strong> aleman<\/strong> ya pueden automatizar su significado.<\/p>\n<p>Esto ha sido todo sobre este tema gramatical.<\/p>\n<p>Un saludo<\/p>\n<p>Tobias Woelke<\/p>\n<p><strong><a href=\"https:\/\/profesornativodealeman.com\/clases-aleman\/biografia\/\">clases particulares de aleman por Zoom<\/a><\/strong><\/p>\n<figure id=\"attachment_4721\" aria-describedby=\"caption-attachment-4721\" style=\"width: 320px\" class=\"wp-caption alignnone\"><a href=\"https:\/\/profesornativodealeman.com\/clases-aleman\/wp-content\/uploads\/2017\/07\/clases-particulares-aleman-Zoom.jpg.jpg\"><img fetchpriority=\"high\" decoding=\"async\" class=\"wp-image-4721 size-full\" title=\"clases particulares aleman Zoom\" src=\"https:\/\/profesornativodealeman.com\/clases-aleman\/wp-content\/uploads\/2017\/07\/clases-particulares-aleman-Zoom.jpg-e1652798590425.jpg\" alt=\"Las clases particulares de aleman por Zoom se dirigen a todas las personas que quieren aprender aleman\" width=\"320\" height=\"240\" \/><\/a><figcaption id=\"caption-attachment-4721\" class=\"wp-caption-text\"><strong>clases particulares aleman Zoom<\/strong><\/figcaption><\/figure>\n<p>&nbsp;<\/p>\n<p>&nbsp;<\/p>\n<p>&nbsp;<\/p>\n","protected":false},"excerpt":{"rendered":"<p>\u00a9 Tobias Woelke 23.07.2017 \u00bfCu\u00e1l es la diferencia entre antworten y beantworten? Se actualiza el contenido del Post. Puedes ver la explicaci\u00f3n directamente aqu\u00ed en este video: &nbsp; Primero hay que decir que en el fondo ambos verbos expresan lo mismo, \u201ccontestar\u201d o \u201cresponder\u201d pero si hay alguna diferencia gramatical y de uso. El verbo [&hellip;]<\/p>\n","protected":false},"author":4,"featured_media":4721,"comment_status":"open","ping_status":"open","sticky":false,"template":"","format":"standard","meta":{"footnotes":""},"categories":[13],"tags":[6,251,253,252,232,7],"class_list":["post-4720","post","type-post","status-publish","format-standard","has-post-thumbnail","hentry","category-gramatica-alemana","tag-aleman","tag-antworten","tag-antworten-auf","tag-beantworten","tag-clases-particulares-de-aleman","tag-skype"],"_links":{"self":[{"href":"https:\/\/profesornativodealeman.com\/clases-aleman\/wp-json\/wp\/v2\/posts\/4720","targetHints":{"allow":["GET"]}}],"collection":[{"href":"https:\/\/profesornativodealeman.com\/clases-aleman\/wp-json\/wp\/v2\/posts"}],"about":[{"href":"https:\/\/profesornativodealeman.com\/clases-aleman\/wp-json\/wp\/v2\/types\/post"}],"author":[{"embeddable":true,"href":"https:\/\/profesornativodealeman.com\/clases-aleman\/wp-json\/wp\/v2\/users\/4"}],"replies":[{"embeddable":true,"href":"https:\/\/profesornativodealeman.com\/clases-aleman\/wp-json\/wp\/v2\/comments?post=4720"}],"version-history":[{"count":0,"href":"https:\/\/profesornativodealeman.com\/clases-aleman\/wp-json\/wp\/v2\/posts\/4720\/revisions"}],"wp:featuredmedia":[{"embeddable":true,"href":"https:\/\/profesornativodealeman.com\/clases-aleman\/wp-json\/wp\/v2\/media\/4721"}],"wp:attachment":[{"href":"https:\/\/profesornativodealeman.com\/clases-aleman\/wp-json\/wp\/v2\/media?parent=4720"}],"wp:term":[{"taxonomy":"category","embeddable":true,"href":"https:\/\/profesornativodealeman.com\/clases-aleman\/wp-json\/wp\/v2\/categories?post=4720"},{"taxonomy":"post_tag","embeddable":true,"href":"https:\/\/profesornativodealeman.com\/clases-aleman\/wp-json\/wp\/v2\/tags?post=4720"}],"curies":[{"name":"wp","href":"https:\/\/api.w.org\/{rel}","templated":true}]}}