{"id":6672,"date":"2018-07-18T21:09:30","date_gmt":"2018-07-18T21:09:30","guid":{"rendered":"https:\/\/profesornativodealeman.com\/clases-aleman\/?p=6672"},"modified":"2024-06-30T16:42:40","modified_gmt":"2024-06-30T14:42:40","slug":"clases-de-conversacion-en-aleman","status":"publish","type":"post","link":"https:\/\/profesornativodealeman.com\/clases-aleman\/clases-de-conversacion-en-aleman\/","title":{"rendered":"Clases de conversaci\u00f3n en aleman"},"content":{"rendered":"<div id=\"ez-toc-container\" class=\"ez-toc-v2_0_82_2 counter-flat ez-toc-counter ez-toc-custom ez-toc-container-direction\">\n<div class=\"ez-toc-title-container\">\n<p class=\"ez-toc-title\" style=\"cursor:inherit\">Tabla de contenidos. Haciendo clic llega a la informaci\u00f3n.<\/p>\n<span class=\"ez-toc-title-toggle\"><a href=\"#\" class=\"ez-toc-pull-right ez-toc-btn ez-toc-btn-xs ez-toc-btn-default ez-toc-toggle\" aria-label=\"Alternar tabla de contenidos\"><span class=\"ez-toc-js-icon-con\"><span class=\"\"><span class=\"eztoc-hide\" style=\"display:none;\">Toggle<\/span><span class=\"ez-toc-icon-toggle-span\"><svg style=\"fill: #1e73be;color:#1e73be\" xmlns=\"http:\/\/www.w3.org\/2000\/svg\" class=\"list-377408\" width=\"20px\" height=\"20px\" viewBox=\"0 0 24 24\" fill=\"none\"><path d=\"M6 6H4v2h2V6zm14 0H8v2h12V6zM4 11h2v2H4v-2zm16 0H8v2h12v-2zM4 16h2v2H4v-2zm16 0H8v2h12v-2z\" fill=\"currentColor\"><\/path><\/svg><svg style=\"fill: #1e73be;color:#1e73be\" class=\"arrow-unsorted-368013\" xmlns=\"http:\/\/www.w3.org\/2000\/svg\" width=\"10px\" height=\"10px\" viewBox=\"0 0 24 24\" version=\"1.2\" baseProfile=\"tiny\"><path d=\"M18.2 9.3l-6.2-6.3-6.2 6.3c-.2.2-.3.4-.3.7s.1.5.3.7c.2.2.4.3.7.3h11c.3 0 .5-.1.7-.3.2-.2.3-.5.3-.7s-.1-.5-.3-.7zM5.8 14.7l6.2 6.3 6.2-6.3c.2-.2.3-.5.3-.7s-.1-.5-.3-.7c-.2-.2-.4-.3-.7-.3h-11c-.3 0-.5.1-.7.3-.2.2-.3.5-.3.7s.1.5.3.7z\"\/><\/svg><\/span><\/span><\/span><\/a><\/span><\/div>\n<nav><ul class='ez-toc-list ez-toc-list-level-1 ' ><li class='ez-toc-page-1'><a class=\"ez-toc-link ez-toc-heading-1\" href=\"https:\/\/profesornativodealeman.com\/clases-aleman\/clases-de-conversacion-en-aleman\/#Clases_de_conversacion_en_aleman_online\" >Clases de conversaci\u00f3n en alem\u00e1n online<\/a><\/li><li class='ez-toc-page-1'><a class=\"ez-toc-link ez-toc-heading-2\" href=\"https:\/\/profesornativodealeman.com\/clases-aleman\/clases-de-conversacion-en-aleman\/#Las_clases_de_conversacion_en_aleman_online_son_ideales_para\" >Las clases de conversaci\u00f3n\u00a0en alem\u00e1n online son ideales para:<\/a><\/li><li class='ez-toc-page-1'><a class=\"ez-toc-link ez-toc-heading-3\" href=\"https:\/\/profesornativodealeman.com\/clases-aleman\/clases-de-conversacion-en-aleman\/#%C2%BFComo_se_imparten_las_clases\" >\u00bfC\u00f3mo\u00a0 se imparten las clases?<\/a><\/li><li class='ez-toc-page-1'><a class=\"ez-toc-link ez-toc-heading-4\" href=\"https:\/\/profesornativodealeman.com\/clases-aleman\/clases-de-conversacion-en-aleman\/#%C2%BFQue_material_se_usa_en_las_clases_de_conversacion\" >\u00bfQu\u00e9 material se usa en las clases de conversaci\u00f3n?<\/a><\/li><li class='ez-toc-page-1'><a class=\"ez-toc-link ez-toc-heading-5\" href=\"https:\/\/profesornativodealeman.com\/clases-aleman\/clases-de-conversacion-en-aleman\/#Opiniones_de_los_alumnos_sobre_las_clases_de_conversacion_en_aleman\" >Opiniones de los alumnos sobre las clases de conversacion en aleman<\/a><\/li><li class='ez-toc-page-1'><a class=\"ez-toc-link ez-toc-heading-6\" href=\"https:\/\/profesornativodealeman.com\/clases-aleman\/clases-de-conversacion-en-aleman\/#Contacto_e_informacion\" >Contacto e informaci\u00f3n<\/a><\/li><\/ul><\/nav><\/div>\n<h2><span class=\"ez-toc-section\" id=\"Clases_de_conversacion_en_aleman_online\"><\/span><strong><span style=\"color: #000000;\">Clases de conversaci\u00f3n en alem\u00e1n online<\/span><\/strong><span class=\"ez-toc-section-end\"><\/span><\/h2>\n<p><span style=\"color: #000000;\">Las<strong> clases de conversaci\u00f3n en alem\u00e1n<\/strong> <strong>online<\/strong> se dirigen a personas que quieren mejorar su fluidez hablando. Soy un profesor nativo-coach de alem\u00e1n con mucha experiencia, he desarrollado un m\u00e9todo propio con t\u00e9cnicas de Coaching y hasta el dia de hoy he impartido mas de 15.000 clases a alumnos de muchos pa\u00edses(\u00a0 EEUU, Espa\u00f1a, Suiza, Argentina, Alemania, Rusia, Ucrania, Peru , la India etc&#8230;), edades y niveles de aprendizaje.<\/span><\/p>\n<p><span style=\"color: #000000;\"><em>Para aprender alem\u00e1n de manera r\u00e1pida y eficaz, no basta solo con dominar la gram\u00e1tica, el vocabulario, entender el idioma y saber expresarse con fluidez. Este proceso es mucho m\u00e1s complejo y requiere de todo el apoyo que el profesor pueda dar al alumn@. <\/em><\/span><\/p>\n<p><span style=\"color: #000000;\"><em>Ah\u00ed radica, precisamente, la diferencia entre un profesor y un coach\/entrenador personal en alem\u00e1n. La capacidad para empatizar con el alumn@, generar y mantener un ambiente de confianza y respeto, mantener una motivaci\u00f3n constante, hacer frente a los baches y dificultades que vayan surgiendo\u2026 Ese es el compromiso que adquiero con cada alumn@.<\/em><\/span><\/p>\n<p><span style=\"color: #000000;\"><em>Tobias Woelke Profesor-Coach nativo y acreditado de aleman<\/em><\/span><\/p>\n<h3><span class=\"ez-toc-section\" id=\"Las_clases_de_conversacion_en_aleman_online_son_ideales_para\"><\/span><span style=\"color: #000000;\">Las <\/span>clases de <span style=\"color: #000000;\">conversaci\u00f3n<\/span>\u00a0en <span style=\"color: #000000;\">alem\u00e1n<\/span> online<span style=\"color: #000000;\"> son ideales para:<\/span><span class=\"ez-toc-section-end\"><\/span><\/h3>\n<ul>\n<li><span style=\"color: #000000;\">Practicar temas espec\u00edficos y vocabulario t\u00e9cnico. Por ejemplo alem\u00e1n para m\u00e9dicos, alem\u00e1n para presentaciones, alem\u00e1n comercial etc..<\/span><\/li>\n<li><span style=\"color: #000000;\">Preparar ex\u00e1menes de alem\u00e1n<\/span><\/li>\n<li><span style=\"color: #000000;\">Para preparar entrevistas en alem\u00e1n<\/span><\/li>\n<li><span style=\"color: #000000;\">ganar seguridad y confianza hablando.<\/span><\/li>\n<li><span style=\"color: #000000;\">Para personas que quieren hacer un viaje de negocios o de turismo<\/span><\/li>\n<li><span style=\"color: #000000;\">Alumnos t\u00edmidos que les cuesta hablar en publico<\/span><\/li>\n<li><span style=\"color: #000000;\">para vencer el nerviosismo<\/span><\/li>\n<\/ul>\n<figure id=\"attachment_9140\" aria-describedby=\"caption-attachment-9140\" style=\"width: 225px\" class=\"wp-caption aligncenter\"><img fetchpriority=\"high\" decoding=\"async\" class=\"wp-image-9140 size-full\" src=\"https:\/\/profesornativodealeman.com\/clases-aleman\/wp-content\/uploads\/2018\/07\/clases-de-conversacion-en-aleman.jpg\" alt=\"Clases de conversaci\u00f3n en alem\u00e1n\" width=\"225\" height=\"225\" title=\"\" srcset=\"https:\/\/profesornativodealeman.com\/clases-aleman\/wp-content\/uploads\/2018\/07\/clases-de-conversacion-en-aleman.jpg 225w, https:\/\/profesornativodealeman.com\/clases-aleman\/wp-content\/uploads\/2018\/07\/clases-de-conversacion-en-aleman-150x150.jpg 150w, https:\/\/profesornativodealeman.com\/clases-aleman\/wp-content\/uploads\/2018\/07\/clases-de-conversacion-en-aleman-96x96.jpg 96w\" sizes=\"(max-width: 225px) 100vw, 225px\" \/><figcaption id=\"caption-attachment-9140\" class=\"wp-caption-text\">Con las <strong>clases de conversaci\u00f3n en alem\u00e1n online<\/strong> puedes dar un importante salto y poner en practica tus conocimientos<\/figcaption><\/figure>\n<h3><span class=\"ez-toc-section\" id=\"%C2%BFComo_se_imparten_las_clases\"><\/span><b>\u00bfC\u00f3mo<\/b><strong>\u00a0 se imparten las clases?<\/strong><span class=\"ez-toc-section-end\"><\/span><\/h3>\n<p><span style=\"color: #000000;\">Las <strong>clases de conversaci\u00f3n en alem\u00e1n<\/strong> se pueden impartir actualmente online via Zoom, Zoom, Google Meet\u00a0 y tambi\u00e9n en el domicilio del alumno, de forma individual\u00a0 o en grupos peque\u00f1os de hasta 6 alumnos. <\/span><\/p>\n<p><span style=\"color: #000000;\"><span style=\"color: #000000;\">No son recomendables grupos mas grandes para que todos los alumnos tengan suficiente tiempo para poner en practica los distintos temas de<\/span><b style=\"color: #000000;\">\u00a0<\/b><span style=\"color: #000000;\"><b>conversaci\u00f3n<\/b><\/span><b style=\"color: #000000;\"> en\u00a0<\/b><span style=\"color: #000000;\"><b>alem\u00e1n<\/b>, que pueden ser temas de la actualidad, temas espec\u00edficos\u00a0adaptados a las necesidades profesionales de los alumnos. <\/span><\/span><\/p>\n<p><span style=\"color: #000000;\">Como resultado cabe destacar\u00a0 que los alumnos en un corto espacio de tiempo ganan seguridad y fluidez hablando en alem\u00e1n.\u00a0<\/span><\/p>\n<p><span style=\"color: #000000;\">Mas informaci\u00f3n\u00a0sobre las <\/span><b style=\"color: #000000;\">clases de <\/b><span style=\"color: #000000;\"><b>conversaci\u00f3n<\/b><\/span><b style=\"color: #000000;\"> en\u00a0<\/b><span style=\"color: #000000;\"><b>alem\u00e1n<\/b><strong> online<\/strong> a trav\u00e9s\u00a0del formulario de contacto:<\/span><\/p>\n<h4><span class=\"ez-toc-section\" id=\"%C2%BFQue_material_se_usa_en_las_clases_de_conversacion\"><\/span><strong>\u00bfQu\u00e9 material se usa en las clases de conversaci\u00f3n?<\/strong><span class=\"ez-toc-section-end\"><\/span><\/h4>\n<p>Material muy variado como textos, videos, temas espec\u00edficos, fotos y juegos divertidos.<\/p>\n<h4><span class=\"ez-toc-section\" id=\"Opiniones_de_los_alumnos_sobre_las_clases_de_conversacion_en_aleman\"><\/span><strong>Opiniones de los alumnos sobre las clases de conversacion en aleman<\/strong><span class=\"ez-toc-section-end\"><\/span><\/h4>\n<p><strong><img decoding=\"async\" class=\"wp-image-11458 alignnone size-full\" src=\"https:\/\/profesornativodealeman.com\/clases-aleman\/wp-content\/uploads\/2022\/01\/Elisa-reducida.png\" alt=\"Clases de alem\u00e1n online\" width=\"191\" height=\"227\" title=\"\" srcset=\"https:\/\/profesornativodealeman.com\/clases-aleman\/wp-content\/uploads\/2022\/01\/Elisa-reducida.png 191w, https:\/\/profesornativodealeman.com\/clases-aleman\/wp-content\/uploads\/2022\/01\/Elisa-reducida-150x178.png 150w\" sizes=\"(max-width: 191px) 100vw, 191px\" \/><\/strong><\/p>\n<p><span style=\"color: #333333;\"><strong>Elisa Osuna (Madrid)<\/strong><\/span><\/p>\n<p><span style=\"color: #333333;\"><strong>Comunicaci\u00f3n Corporativa y estrategia Digital.<\/strong><\/span><\/p>\n<p><span style=\"color: #333333;\">Mi nombre es Elisa y llevo pr\u00e1cticamente toda mi vida escuchando y estudiando alem\u00e1n. Durante a\u00f1os he dado clases en el Goethe Institut, en Inlingua, en escuelas de verano en Konstanza, en la Universidad Maximilian de Munich, donde viv\u00ed y trabaj\u00e9 durante un a\u00f1o&#8230; pero al volver a Espa\u00f1a, dej\u00e9 de hablarlo, y los idiomas, si no se hablan, con el tiempo se olvidan. Necesitaba una manera de estar activa pero ya no quer\u00eda seguir haciendo cursos y m\u00e1s cursos, y hace unos a\u00f1os tuve la gran suerte de encontrar en mi camino a Tobias Woelke, que me ayuda a hablar sin miedo al error y con la m\u00e1xima libertad, que me ense\u00f1a con flexibilidad y motivaci\u00f3n, y que no s\u00f3lo es un excelente profesor desde los puntos de vista m\u00e1s t\u00e9cnicos de la ense\u00f1anza del idioma, sino un magnifico gu\u00eda o coach, que consigue que mantengas viva la ilusi\u00f3n de seguir aprendiendo. Quiero adem\u00e1s subrayar su amabilidad, sus ganas de ayudar, su flexibilidad y su trato impecable hacia el alumno. Para m\u00ed el alem\u00e1n es importante y hoy me siento afortunada de que Tobias sea mi profesor.<\/span><\/p>\n<p><span style=\"color: #333333;\">Porque adem\u00e1s estoy convencida, de que en unos a\u00f1os se convertir\u00e1 en el Vaughan del alem\u00e1n! Recomiendo sus clases al 150%.<\/span><\/p>\n<div class=\"et_pb_slides\">\n<div class=\"et_pb_slide et_pb_slide_1 et_pb_bg_layout_dark et_pb_media_alignment_center et-pb-active-slide\" data-slide-id=\"et_pb_slide_1\">\n<div class=\"et_pb_container clearfix\">\n<div class=\"et_pb_slider_container_inner\">\n<div class=\"et_pb_slide_description\">\n<div class=\"et_pb_slide_content\">\n<p><strong style=\"color: #333333;\">Marta Garcia (Munich)<\/strong><\/p>\n<\/div>\n<\/div>\n<\/div>\n<\/div>\n<\/div>\n<\/div>\n<div>\n<div class=\"et_pb_toggle_content clearfix\">\n<p><span style=\"color: #333333;\"><strong>Profesion: Product Manager<img decoding=\"async\" class=\"wp-image-9367 size-full alignright lazy loaded\" title=\"Opiniones de los Alumnos 37\" src=\"https:\/\/profesornativodealeman.com\/clases-aleman\/wp-content\/uploads\/2021\/04\/IMG_0230-3.jpg\" sizes=\"(max-width: 150px) 100vw, 150px\" srcset=\"https:\/\/profesornativodealeman.com\/clases-aleman\/wp-content\/uploads\/2021\/04\/IMG_0230-3.jpg 150w, https:\/\/profesornativodealeman.com\/clases-aleman\/wp-content\/uploads\/2021\/04\/IMG_0230-3-96x96.jpg 96w\" alt=\"IMG 0230 3\" width=\"150\" height=\"150\" data-src=\"https:\/\/profesornativodealeman.com\/clases-aleman\/wp-content\/uploads\/2021\/04\/IMG_0230-3.jpg\" data-srcset=\"https:\/\/profesornativodealeman.com\/clases-aleman\/wp-content\/uploads\/2021\/04\/IMG_0230-3.jpg 150w, https:\/\/profesornativodealeman.com\/clases-aleman\/wp-content\/uploads\/2021\/04\/IMG_0230-3-96x96.jpg 96w\" data-sizes=\"(max-width: 150px) 100vw, 150px\" data-was-processed=\"true\" \/><\/strong><\/span><\/p>\n<p><span style=\"color: #333333;\">Su opinion sobre las clases de conversacion en aleman con Tobias Woelke:<\/span><\/p>\n<p><span style=\"color: #333333;\">\u00abLlegu\u00e9 a M\u00fanich en 2016 para estudiar un m\u00e1ster en ingenier\u00eda industrial y en seguida empec\u00e9 a trabajar como Product Manager en el Grupo BMW.<\/span><\/p>\n<p><span style=\"color: #333333;\">Hab\u00eda estado estudiando alem\u00e1n de manera intermitente desde que llegu\u00e9 a M\u00fanich. Hab\u00eda probado con cursos en la universidad t\u00e9cnica de M\u00fanich (TUM), cursos intensivos en la DeustchAkademie, cursos semanales en la VHS de M\u00fanich, t\u00e1ndems \u2026 pero no consegu\u00eda avanzar y yo necesitaba el alem\u00e1n para desarrollarme profesionalmente.<\/span><\/p>\n<p><span style=\"color: #333333;\">Empec\u00e9 mis clases con Tobias por recomendaci\u00f3n de una buena amiga, muy desmotivada, desesperanzada y dando pr\u00e1cticamente el alem\u00e1n por perdido y en la primera clase ya me sorprendi\u00f3: no s\u00e9 c\u00f3mo lo hizo, pero consigui\u00f3 que me interesara por la lengua y me entusiasmara en su aprendizaje.<\/span><\/p>\n<p><span style=\"color: #333333;\">De Tob\u00edas destacar\u00eda que es muy flexible, comprensivo y adapta cada clase a mis gustos y a mis circunstancias profesionales y personales. Tob\u00edas te ayuda a tener confianza en ti mismo y a perderle el miedo a hablar en alem\u00e1n: no importan los errores, lo importante es empezar a expresarse e ir corrigiendo poco a poco.<\/span><\/p>\n<p><span style=\"color: #333333;\">Tob\u00edas es mucho m\u00e1s que un profesor nativo de alem\u00e1n, me ense\u00f1\u00f3 a creer que era capaz de aprender una lengua tan complicada como el alem\u00e1n y a d\u00eda de hoy me lo creo y sigo avanzando.\u00bb<\/span><\/p>\n<\/div>\n<\/div>\n<p class=\"et_pb_toggle_title\"><span style=\"color: #333333;\"><strong>Carla Bravo (Zurich, Suiza)<\/strong><\/span><\/p>\n<div class=\"et_pb_toggle_content clearfix\">\n<p><span style=\"color: #333333;\"><strong>Profesi\u00f3n: Estudiante de Dise\u00f1o<\/strong><\/span><\/p>\n<p><span style=\"color: #333333;\"><img loading=\"lazy\" decoding=\"async\" class=\"alignright wp-image-4162 size-thumbnail lazy loaded\" title=\"Opiniones de los Alumnos 17\" src=\"https:\/\/profesornativodealeman.com\/clases-aleman\/wp-content\/uploads\/2015\/04\/carla-bravo-150x150.jpg\" sizes=\"(max-width: 150px) 100vw, 150px\" srcset=\"https:\/\/profesornativodealeman.com\/clases-aleman\/wp-content\/uploads\/2015\/04\/carla-bravo-150x150.jpg 150w, https:\/\/profesornativodealeman.com\/clases-aleman\/wp-content\/uploads\/2015\/04\/carla-bravo-200x200.jpg 200w\" alt=\"carla-bravo\" width=\"150\" height=\"150\" data-src=\"https:\/\/profesornativodealeman.com\/clases-aleman\/wp-content\/uploads\/2015\/04\/carla-bravo-150x150.jpg\" data-sizes=\"(max-width: 150px) 100vw, 150px\" data-srcset=\"https:\/\/profesornativodealeman.com\/clases-aleman\/wp-content\/uploads\/2015\/04\/carla-bravo-150x150.jpg 150w, https:\/\/profesornativodealeman.com\/clases-aleman\/wp-content\/uploads\/2015\/04\/carla-bravo-200x200.jpg 200w\" data-was-processed=\"true\" \/>Su comentario sobre las clases de conversacion en alem\u00e1n con\u00a0 Tobias Woelke:<\/span><\/p>\n<p><span style=\"color: #333333;\">\u201cTobias es un profesor muy profesional y sus clases son muy din\u00e1micas. Me ha ayudado mucho a tener m\u00e1s seguridad al momento de comunicarme en alem\u00e1n. Durante este tiempo he notado una gran mejor\u00eda gracias a la motivaci\u00f3n y al apoyo de Tobias lo que me ha servido para iniciar mis estudios de Dise\u00f1o en Alem\u00e1n. En las clases practicamos mucho conversaci\u00f3n, y tambi\u00e9n me gustan las lecturas que proporciona de acuerdo a mi nivel.\u201c<\/span><\/p>\n<p><span style=\"color: #333333;\">Lo m\u00e1s destacado: profesionalidad, puntualidad, con mucha paciencia y con buena\u00a0<a style=\"color: #333333;\" title=\"clases aleman profesor\" href=\"https:\/\/profesornativodealeman.com\/clases-aleman\/metodologia\/\">metodolog\u00eda<\/a>\u00a0de ense\u00f1anza.<\/span><\/p>\n<\/div>\n<p class=\"et_pb_toggle_title\"><span style=\"color: #333333;\"><strong>Carolina Gordo (Pamplona, Espa\u00f1a)<\/strong><\/span><\/p>\n<div class=\"et_pb_toggle_content clearfix\">\n<p><span style=\"color: #333333;\"><b>Profesi\u00f3n<\/b><strong>: Ingeniera de automoci\u00f3n<\/strong>\u00a0\u00a0\u00a0<\/span><\/p>\n<p><span style=\"color: #333333;\"><img loading=\"lazy\" decoding=\"async\" class=\"alignright size-thumbnail wp-image-4163 lazy loaded\" title=\"Opiniones de los Alumnos 22\" src=\"https:\/\/profesornativodealeman.com\/clases-aleman\/wp-content\/uploads\/2015\/04\/carolina-gordo-150x150.jpg\" sizes=\"(max-width: 150px) 100vw, 150px\" srcset=\"https:\/\/profesornativodealeman.com\/clases-aleman\/wp-content\/uploads\/2015\/04\/carolina-gordo-150x150.jpg 150w, https:\/\/profesornativodealeman.com\/clases-aleman\/wp-content\/uploads\/2015\/04\/carolina-gordo-200x200.jpg 200w\" alt=\"carolina-gordo\" width=\"150\" height=\"150\" data-src=\"https:\/\/profesornativodealeman.com\/clases-aleman\/wp-content\/uploads\/2015\/04\/carolina-gordo-150x150.jpg\" data-sizes=\"(max-width: 150px) 100vw, 150px\" data-srcset=\"https:\/\/profesornativodealeman.com\/clases-aleman\/wp-content\/uploads\/2015\/04\/carolina-gordo-150x150.jpg 150w, https:\/\/profesornativodealeman.com\/clases-aleman\/wp-content\/uploads\/2015\/04\/carolina-gordo-200x200.jpg 200w\" data-was-processed=\"true\" \/>Su comentario sobre las clases de\u00a0alem\u00e1n\u00a0con Tobias Woelke:<\/span><\/p>\n<p><span style=\"color: #333333;\">Las clases con Tobias son motivadoras y productivas. \u00c9l convierte la clase en amena y pr\u00e1ctica, muy enfocada a que el alumno aprenda en el \u00e1mbito de aplicaci\u00f3n necesario. Es muy flexible, realizando din\u00e1micamente el aprendizaje del alumno, marcando tareas personalizadas constantemente.<\/span><\/p>\n<p><span style=\"color: #333333;\">Desde mi punto de vista, los dos pilares m\u00e1s importantes para aprender un idioma son: la motivaci\u00f3n y la constancia.<\/span><\/p>\n<p><span style=\"color: #333333;\">Con Tobias he conseguido por primera vez, tras estar 3 a\u00f1os aprendiendo, tener motivaci\u00f3n. He intentado academias, escuela de idiomas, plataforma on-line y curso en extranjero, sin \u00e9xito personal.<\/span><\/p>\n<p><span style=\"color: #333333;\">Tobias conoce bien el espa\u00f1ol y el alem\u00e1n, sabe ense\u00f1ar y se implica totalmente con el alumno. Ahora que le tengo como profesor, disfruto de esta carrera de fondo.<\/span><\/p>\n<p><span style=\"color: #333333;\">Lo mas destacado: Orientado a los objetivos del alumno, serio, profesional, puntual, flexible y muy ameno.<\/span><\/p>\n<\/div>\n<div>\n<div class=\"et_pb_toggle_content clearfix\"><\/div>\n<\/div>\n<div><\/div>\n<p><span style=\"color: #333333;\"><script>\nvar gform;gform||(document.addEventListener(\"gform_main_scripts_loaded\",function(){gform.scriptsLoaded=!0}),document.addEventListener(\"gform\/theme\/scripts_loaded\",function(){gform.themeScriptsLoaded=!0}),window.addEventListener(\"DOMContentLoaded\",function(){gform.domLoaded=!0}),gform={domLoaded:!1,scriptsLoaded:!1,themeScriptsLoaded:!1,isFormEditor:()=>\"function\"==typeof InitializeEditor,callIfLoaded:function(o){return!(!gform.domLoaded||!gform.scriptsLoaded||!gform.themeScriptsLoaded&&!gform.isFormEditor()||(gform.isFormEditor()&&console.warn(\"The use of gform.initializeOnLoaded() is deprecated in the form editor context and will be removed in Gravity Forms 3.1.\"),o(),0))},initializeOnLoaded:function(o){gform.callIfLoaded(o)||(document.addEventListener(\"gform_main_scripts_loaded\",()=>{gform.scriptsLoaded=!0,gform.callIfLoaded(o)}),document.addEventListener(\"gform\/theme\/scripts_loaded\",()=>{gform.themeScriptsLoaded=!0,gform.callIfLoaded(o)}),window.addEventListener(\"DOMContentLoaded\",()=>{gform.domLoaded=!0,gform.callIfLoaded(o)}))},hooks:{action:{},filter:{}},addAction:function(o,r,e,t){gform.addHook(\"action\",o,r,e,t)},addFilter:function(o,r,e,t){gform.addHook(\"filter\",o,r,e,t)},doAction:function(o){gform.doHook(\"action\",o,arguments)},applyFilters:function(o){return gform.doHook(\"filter\",o,arguments)},removeAction:function(o,r){gform.removeHook(\"action\",o,r)},removeFilter:function(o,r,e){gform.removeHook(\"filter\",o,r,e)},addHook:function(o,r,e,t,n){null==gform.hooks[o][r]&&(gform.hooks[o][r]=[]);var d=gform.hooks[o][r];null==n&&(n=r+\"_\"+d.length),gform.hooks[o][r].push({tag:n,callable:e,priority:t=null==t?10:t})},doHook:function(r,o,e){var t;if(e=Array.prototype.slice.call(e,1),null!=gform.hooks[r][o]&&((o=gform.hooks[r][o]).sort(function(o,r){return o.priority-r.priority}),o.forEach(function(o){\"function\"!=typeof(t=o.callable)&&(t=window[t]),\"action\"==r?t.apply(null,e):e[0]=t.apply(null,e)})),\"filter\"==r)return e[0]},removeHook:function(o,r,t,n){var e;null!=gform.hooks[o][r]&&(e=(e=gform.hooks[o][r]).filter(function(o,r,e){return!!(null!=n&&n!=o.tag||null!=t&&t!=o.priority)}),gform.hooks[o][r]=e)}});\n<\/script>\n\n                <div class='gf_browser_gecko gform_wrapper gform_legacy_markup_wrapper gform-theme--no-framework' data-form-theme='legacy' data-form-index='0' id='gform_wrapper_1' >\n                        <div class='gform_heading'>\n                            <h3 class=\"gform_title\"><span class=\"ez-toc-section\" id=\"Contacto_e_informacion\"><\/span>Contacto e informaci\u00f3n<span class=\"ez-toc-section-end\"><\/span><\/h3>\n                            <p class='gform_description'>Formulario de petici\u00f3n de informaci\u00f3n y contacto<\/p>\n                        <\/div><form method='post' enctype='multipart\/form-data'  id='gform_1'  action='\/clases-aleman\/wp-json\/wp\/v2\/posts\/6672' data-formid='1' novalidate>\n                        <div class='gform-body gform_body'><ul id='gform_fields_1' class='gform_fields top_label form_sublabel_below description_below validation_below'><li id=\"field_1_11\" class=\"gfield gfield--type-honeypot gform_validation_container field_sublabel_below gfield--has-description field_description_below field_validation_below gfield_visibility_visible\"  ><label class='gfield_label gform-field-label' for='input_1_11'>Email<\/label><div class='ginput_container'><input name='input_11' id='input_1_11' type='text' value='' autocomplete='new-password'\/><\/div><div class='gfield_description' id='gfield_description_1_11'>Este campo es un campo de validaci\u00f3n y debe quedar sin cambios.<\/div><\/li><li id=\"field_1_1\" class=\"gfield gfield--type-text gfield--input-type-text gfield_contains_required field_sublabel_below gfield--no-description field_description_below field_validation_below gfield_visibility_visible\"  ><label class='gfield_label gform-field-label' for='input_1_1'>Nombre<span class=\"gfield_required\"><span class=\"gfield_required gfield_required_asterisk\">*<\/span><\/span><\/label><div class='ginput_container ginput_container_text'><input name='input_1' id='input_1_1' type='text' value='' class='large'    placeholder='NOMBRE' aria-required=\"true\" aria-invalid=\"false\"   \/><\/div><\/li><li id=\"field_1_3\" class=\"gfield gfield--type-email gfield--input-type-email gfield_contains_required field_sublabel_below gfield--no-description field_description_below field_validation_below gfield_visibility_visible\"  ><label class='gfield_label gform-field-label' for='input_1_3'>Email<span class=\"gfield_required\"><span class=\"gfield_required gfield_required_asterisk\">*<\/span><\/span><\/label><div class='ginput_container ginput_container_email'>\n                            <input name='input_3' id='input_1_3' type='email' value='' class='large'   placeholder='EMAIL' aria-required=\"true\" aria-invalid=\"false\"  \/>\n                        <\/div><\/li><li id=\"field_1_4\" class=\"gfield gfield--type-textarea gfield--input-type-textarea gfield_contains_required field_sublabel_below gfield--no-description field_description_below field_validation_below gfield_visibility_visible\"  ><label class='gfield_label gform-field-label' for='input_1_4'>Mensaje<span class=\"gfield_required\"><span class=\"gfield_required gfield_required_asterisk\">*<\/span><\/span><\/label><div class='ginput_container ginput_container_textarea'><textarea name='input_4' id='input_1_4' class='textarea small'    placeholder='MENSAJE' aria-required=\"true\" aria-invalid=\"false\"   rows='10' cols='50'><\/textarea><\/div><\/li><li id=\"field_1_8\" class=\"gfield gfield--type-checkbox gfield--type-choice gfield--input-type-checkbox gfield_contains_required field_sublabel_below gfield--no-description field_description_below field_validation_below gfield_visibility_visible\"  ><label class='gfield_label gform-field-label gfield_label_before_complex' >He le\u00eddo y acepto el &quot;Aviso Legal&quot; y la &quot;Pol\u00edtica de Privacidad&quot;<span class=\"gfield_required\"><span class=\"gfield_required gfield_required_asterisk\">*<\/span><\/span><\/label><div class='ginput_container ginput_container_checkbox'><ul class='gfield_checkbox' id='input_1_8'><li class='gchoice gchoice_1_8_1'>\n\t\t\t\t\t\t\t\t<input class='gfield-choice-input' name='input_8.1' type='checkbox'  value='Los datos facilitados en este formulario, quedar\u00e1n registrados en un fichero titularidad del Responsable de los Ficheros cuyos datos se detallan en el &lt;a href=&quot;https:\/\/profesornativodealeman.com\/clases-aleman\/aviso-legal\/&quot;&gt;Aviso Legal&lt;\/a&gt;. Podr\u00e1s ejercer tus derechos A.R.C.O, mediante comunicaci\u00f3n al e-mail: profesornativodealeman@gmail.com. Para m\u00e1s informaci\u00f3n sobre como tratamos tus datos, visita nuestra &lt;a href=&quot;https:\/\/profesornativodealeman.com\/clases-aleman\/politica-de-privacidad\/&quot;&gt;\u201cPol\u00edtica de Privacidad\u201d.&lt;\/a&gt;' checked='checked' id='choice_1_8_1'   \/>\n\t\t\t\t\t\t\t\t<label for='choice_1_8_1' id='label_1_8_1' class='gform-field-label gform-field-label--type-inline'>Los datos facilitados en este formulario, quedar\u00e1n registrados en un fichero titularidad del Responsable de los Ficheros cuyos datos se detallan en el <a href=\"https:\/\/profesornativodealeman.com\/clases-aleman\/aviso-legal\/\">Aviso Legal<\/a>. Podr\u00e1s ejercer tus derechos A.R.C.O, mediante comunicaci\u00f3n al e-mail: profesornativodealeman@gmail.com. Para m\u00e1s informaci\u00f3n sobre como tratamos tus datos, visita nuestra <a href=\"https:\/\/profesornativodealeman.com\/clases-aleman\/politica-de-privacidad\/\">\u201cPol\u00edtica de Privacidad\u201d.<\/a><\/label>\n\t\t\t\t\t\t\t<\/li><\/ul><\/div><\/li><li id=\"field_1_9\" class=\"gfield gfield--type-hidden gfield--input-type-hidden gfield--width-full gform_hidden field_sublabel_below gfield--no-description field_description_below field_validation_below gfield_visibility_visible\"  ><div class='ginput_container ginput_container_text'><input name='input_9' id='input_1_9' type='hidden' class='gform_hidden'  aria-invalid=\"false\" value='https:\/\/profesornativodealeman.com\/clases-aleman\/wp-json\/wp\/v2\/posts\/6672https:\/\/profesornativodealeman.com\/clases-aleman\/wp-json\/wp\/v2\/posts\/6672' \/><\/div><\/li><li id=\"field_1_10\" class=\"gfield gfield--type-hidden gfield--input-type-hidden gform_hidden field_sublabel_below gfield--no-description field_description_below field_validation_below gfield_visibility_visible\"  ><div class='ginput_container ginput_container_text'><input name='input_10' id='input_1_10' type='hidden' class='gform_hidden'  aria-invalid=\"false\" value='https:\/\/profesornativodealeman.com\/clases-aleman\/wp-json\/wp\/v2\/posts\/6672' \/><\/div><\/li><\/ul><\/div>\n        <div class='gform-footer gform_footer top_label'> <input type='submit' id='gform_submit_button_1' class='gform_button button' onclick='gform.submission.handleButtonClick(this);' data-submission-type='submit' value='Enviar'  \/> \n            <input type='hidden' class='gform_hidden' name='gform_submission_method' data-js='gform_submission_method_1' value='postback' \/>\n            <input type='hidden' class='gform_hidden' name='gform_theme' data-js='gform_theme_1' id='gform_theme_1' value='legacy' \/>\n            <input type='hidden' class='gform_hidden' name='gform_style_settings' data-js='gform_style_settings_1' id='gform_style_settings_1' value='[]' \/>\n            <input type='hidden' class='gform_hidden' name='is_submit_1' value='1' \/>\n            <input type='hidden' class='gform_hidden' name='gform_submit' value='1' \/>\n            \n            <input type='hidden' class='gform_hidden' name='gform_currency' data-currency='USD' value='OSygH+3HlcXvA1XA14AW0ZsgQLybxzfEwI9UH6ikRTJNdvbJ0mm904OOjUUgMiqItqPf9lhx6dJNNLi5NnsEXwgM\/AFlpCkx2vJT+wKD8EuCYN0=' \/>\n            <input type='hidden' class='gform_hidden' name='gform_unique_id' value='' \/>\n            <input type='hidden' class='gform_hidden' name='state_1' value='WyJbXSIsImE3ZTlkMWQxZTkyMDYxYzlmYzQ2MTlkZDIyMzA3ODZkIl0=' \/>\n            <input type='hidden' autocomplete='off' class='gform_hidden' name='gform_target_page_number_1' id='gform_target_page_number_1' value='0' \/>\n            <input type='hidden' autocomplete='off' class='gform_hidden' name='gform_source_page_number_1' id='gform_source_page_number_1' value='1' \/>\n            <input type='hidden' name='gform_field_values' value='' \/>\n            \n        <\/div>\n                        <p style=\"display: none !important;\" class=\"akismet-fields-container\" data-prefix=\"ak_\"><label>&#916;<textarea name=\"ak_hp_textarea\" cols=\"45\" rows=\"8\" maxlength=\"100\"><\/textarea><\/label><input type=\"hidden\" id=\"ak_js_1\" name=\"ak_js\" value=\"159\"\/><script>\ndocument.getElementById( \"ak_js_1\" ).setAttribute( \"value\", ( new Date() ).getTime() );\n<\/script>\n<\/p><\/form>\n                        <\/div><script>\ngform.initializeOnLoaded( function() {gformInitSpinner( 1, 'https:\/\/profesornativodealeman.com\/clases-aleman\/wp-content\/plugins\/gravityforms\/images\/spinner.svg', true );jQuery('#gform_ajax_frame_1').on('load',function(){var contents = jQuery(this).contents().find('*').html();var is_postback = contents.indexOf('GF_AJAX_POSTBACK') >= 0;if(!is_postback){return;}var form_content = jQuery(this).contents().find('#gform_wrapper_1');var is_confirmation = jQuery(this).contents().find('#gform_confirmation_wrapper_1').length > 0;var is_redirect = contents.indexOf('gformRedirect(){') >= 0;var is_form = form_content.length > 0 && ! is_redirect && ! is_confirmation;var mt = parseInt(jQuery('html').css('margin-top'), 10) + parseInt(jQuery('body').css('margin-top'), 10) + 100;if(is_form){jQuery('#gform_wrapper_1').html(form_content.html());if(form_content.hasClass('gform_validation_error')){jQuery('#gform_wrapper_1').addClass('gform_validation_error');} else {jQuery('#gform_wrapper_1').removeClass('gform_validation_error');}setTimeout( function() { \/* delay the scroll by 50 milliseconds to fix a bug in chrome *\/  }, 50 );if(window['gformInitDatepicker']) {gformInitDatepicker();}if(window['gformInitPriceFields']) {gformInitPriceFields();}var current_page = jQuery('#gform_source_page_number_1').val();gformInitSpinner( 1, 'https:\/\/profesornativodealeman.com\/clases-aleman\/wp-content\/plugins\/gravityforms\/images\/spinner.svg', true );jQuery(document).trigger('gform_page_loaded', [1, current_page]);window['gf_submitting_1'] = false;}else if(!is_redirect){var confirmation_content = jQuery(this).contents().find('.GF_AJAX_POSTBACK').html();if(!confirmation_content){confirmation_content = contents;}jQuery('#gform_wrapper_1').replaceWith(confirmation_content);jQuery(document).trigger('gform_confirmation_loaded', [1]);window['gf_submitting_1'] = false;wp.a11y.speak(jQuery('#gform_confirmation_message_1').text());}else{jQuery('#gform_1').append(contents);if(window['gformRedirect']) {gformRedirect();}}jQuery(document).trigger(\"gform_pre_post_render\", [{ formId: \"1\", currentPage: \"current_page\", abort: function() { this.preventDefault(); } }]);        if (event && event.defaultPrevented) {                return;        }        const gformWrapperDiv = document.getElementById( \"gform_wrapper_1\" );        if ( gformWrapperDiv ) {            const visibilitySpan = document.createElement( \"span\" );            visibilitySpan.id = \"gform_visibility_test_1\";            gformWrapperDiv.insertAdjacentElement( \"afterend\", visibilitySpan );        }        const visibilityTestDiv = document.getElementById( \"gform_visibility_test_1\" );        let postRenderFired = false;        function triggerPostRender() {            if ( postRenderFired ) {                return;            }            postRenderFired = true;            gform.core.triggerPostRenderEvents( 1, current_page );            if ( visibilityTestDiv ) {                visibilityTestDiv.parentNode.removeChild( visibilityTestDiv );            }        }        function debounce( func, wait, immediate ) {            var timeout;            return function() {                var context = this, args = arguments;                var later = function() {                    timeout = null;                    if ( !immediate ) func.apply( context, args );                };                var callNow = immediate && !timeout;                clearTimeout( timeout );                timeout = setTimeout( later, wait );                if ( callNow ) func.apply( context, args );            };        }        const debouncedTriggerPostRender = debounce( function() {            triggerPostRender();        }, 200 );        if ( visibilityTestDiv && visibilityTestDiv.offsetParent === null ) {            const observer = new MutationObserver( ( mutations ) => {                mutations.forEach( ( mutation ) => {                    if ( mutation.type === 'attributes' && visibilityTestDiv.offsetParent !== null ) {                        debouncedTriggerPostRender();                        observer.disconnect();                    }                });            });            observer.observe( document.body, {                attributes: true,                childList: false,                subtree: true,                attributeFilter: [ 'style', 'class' ],            });        } else {            triggerPostRender();        }    } );} );\n<\/script>\n<\/span><\/p>\n<p><span style=\"color: #333333;\"><strong>Actualizacion 05.05.2022<\/strong><\/span><\/p>\n<p><span style=\"color: #333333;\">Se ha actualizado el contenido del articulo<\/span><\/p>\n","protected":false},"excerpt":{"rendered":"<p>Clases de conversaci\u00f3n en alem\u00e1n online Las clases de conversaci\u00f3n en alem\u00e1n online se dirigen a personas que quieren mejorar su fluidez hablando. Soy un profesor nativo-coach de alem\u00e1n con mucha experiencia, he desarrollado un m\u00e9todo propio con t\u00e9cnicas de Coaching y hasta el dia de hoy he impartido mas de 15.000 clases a alumnos [&hellip;]<\/p>\n","protected":false},"author":4,"featured_media":6465,"comment_status":"open","ping_status":"open","sticky":false,"template":"","format":"standard","meta":{"footnotes":""},"categories":[2624],"tags":[3577,3951,3620,3621],"class_list":["post-6672","post","type-post","status-publish","format-standard","has-post-thumbnail","hentry","category-cursos-de-aleman","tag-clases-de-conversacion-en-aleman","tag-clases-de-conversacion-en-aleman-online","tag-conversacion-en-aleman","tag-curso-de-conversacion-en-aleman"],"_links":{"self":[{"href":"https:\/\/profesornativodealeman.com\/clases-aleman\/wp-json\/wp\/v2\/posts\/6672","targetHints":{"allow":["GET"]}}],"collection":[{"href":"https:\/\/profesornativodealeman.com\/clases-aleman\/wp-json\/wp\/v2\/posts"}],"about":[{"href":"https:\/\/profesornativodealeman.com\/clases-aleman\/wp-json\/wp\/v2\/types\/post"}],"author":[{"embeddable":true,"href":"https:\/\/profesornativodealeman.com\/clases-aleman\/wp-json\/wp\/v2\/users\/4"}],"replies":[{"embeddable":true,"href":"https:\/\/profesornativodealeman.com\/clases-aleman\/wp-json\/wp\/v2\/comments?post=6672"}],"version-history":[{"count":0,"href":"https:\/\/profesornativodealeman.com\/clases-aleman\/wp-json\/wp\/v2\/posts\/6672\/revisions"}],"wp:featuredmedia":[{"embeddable":true,"href":"https:\/\/profesornativodealeman.com\/clases-aleman\/wp-json\/wp\/v2\/media\/6465"}],"wp:attachment":[{"href":"https:\/\/profesornativodealeman.com\/clases-aleman\/wp-json\/wp\/v2\/media?parent=6672"}],"wp:term":[{"taxonomy":"category","embeddable":true,"href":"https:\/\/profesornativodealeman.com\/clases-aleman\/wp-json\/wp\/v2\/categories?post=6672"},{"taxonomy":"post_tag","embeddable":true,"href":"https:\/\/profesornativodealeman.com\/clases-aleman\/wp-json\/wp\/v2\/tags?post=6672"}],"curies":[{"name":"wp","href":"https:\/\/api.w.org\/{rel}","templated":true}]}}