{"id":6738,"date":"2022-07-24T19:27:50","date_gmt":"2022-07-24T17:27:50","guid":{"rendered":"https:\/\/profesornativodealeman.com\/clases-aleman\/?p=6738"},"modified":"2025-09-04T06:52:42","modified_gmt":"2025-09-04T04:52:42","slug":"aleman-para-medicos","status":"publish","type":"post","link":"https:\/\/profesornativodealeman.com\/clases-aleman\/aleman-para-medicos\/","title":{"rendered":"Alem\u00e1n para m\u00e9dicos"},"content":{"rendered":"\t\t<div data-elementor-type=\"wp-post\" data-elementor-id=\"6738\" class=\"elementor elementor-6738\" data-elementor-post-type=\"post\">\n\t\t\t\t<div class=\"elementor-element elementor-element-70ec23bb e-flex e-con-boxed e-con e-parent\" data-id=\"70ec23bb\" data-element_type=\"container\" data-e-type=\"container\">\n\t\t\t\t\t<div class=\"e-con-inner\">\n\t\t\t\t<div class=\"elementor-element elementor-element-4754dd09 elementor-widget elementor-widget-text-editor\" data-id=\"4754dd09\" data-element_type=\"widget\" data-e-type=\"widget\" data-widget_type=\"text-editor.default\">\n\t\t\t\t<div class=\"elementor-widget-container\">\n\t\t\t\t\t\t\t\t\t<div id=\"ez-toc-container\" class=\"ez-toc-v2_0_82_2 counter-flat ez-toc-counter ez-toc-custom ez-toc-container-direction\">\n<div class=\"ez-toc-title-container\">\n<p class=\"ez-toc-title\" style=\"cursor:inherit\">Tabla de contenidos. Haciendo clic llega a la informaci\u00f3n.<\/p>\n<span class=\"ez-toc-title-toggle\"><a href=\"#\" class=\"ez-toc-pull-right ez-toc-btn ez-toc-btn-xs ez-toc-btn-default ez-toc-toggle\" aria-label=\"Alternar tabla de contenidos\"><span class=\"ez-toc-js-icon-con\"><span class=\"\"><span class=\"eztoc-hide\" style=\"display:none;\">Toggle<\/span><span class=\"ez-toc-icon-toggle-span\"><svg style=\"fill: #1e73be;color:#1e73be\" xmlns=\"http:\/\/www.w3.org\/2000\/svg\" class=\"list-377408\" width=\"20px\" height=\"20px\" viewBox=\"0 0 24 24\" fill=\"none\"><path d=\"M6 6H4v2h2V6zm14 0H8v2h12V6zM4 11h2v2H4v-2zm16 0H8v2h12v-2zM4 16h2v2H4v-2zm16 0H8v2h12v-2z\" fill=\"currentColor\"><\/path><\/svg><svg style=\"fill: #1e73be;color:#1e73be\" class=\"arrow-unsorted-368013\" xmlns=\"http:\/\/www.w3.org\/2000\/svg\" width=\"10px\" height=\"10px\" viewBox=\"0 0 24 24\" version=\"1.2\" baseProfile=\"tiny\"><path d=\"M18.2 9.3l-6.2-6.3-6.2 6.3c-.2.2-.3.4-.3.7s.1.5.3.7c.2.2.4.3.7.3h11c.3 0 .5-.1.7-.3.2-.2.3-.5.3-.7s-.1-.5-.3-.7zM5.8 14.7l6.2 6.3 6.2-6.3c.2-.2.3-.5.3-.7s-.1-.5-.3-.7c-.2-.2-.4-.3-.7-.3h-11c-.3 0-.5.1-.7.3-.2.2-.3.5-.3.7s.1.5.3.7z\"\/><\/svg><\/span><\/span><\/span><\/a><\/span><\/div>\n<nav><ul class='ez-toc-list ez-toc-list-level-1 ' ><li class='ez-toc-page-1'><a class=\"ez-toc-link ez-toc-heading-1\" href=\"https:\/\/profesornativodealeman.com\/clases-aleman\/aleman-para-medicos\/#Aleman_para_medicos\" >Alem\u00e1n\u00a0para m\u00e9dicos<\/a><\/li><li class='ez-toc-page-1'><a class=\"ez-toc-link ez-toc-heading-2\" href=\"https:\/\/profesornativodealeman.com\/clases-aleman\/aleman-para-medicos\/#Anamnesegesprache\" >Anamnesegespr\u00e4che<\/a><\/li><li class='ez-toc-page-1'><a class=\"ez-toc-link ez-toc-heading-3\" href=\"https:\/\/profesornativodealeman.com\/clases-aleman\/aleman-para-medicos\/#i\" >\u00a0<\/a><\/li><li class='ez-toc-page-1'><a class=\"ez-toc-link ez-toc-heading-4\" href=\"https:\/\/profesornativodealeman.com\/clases-aleman\/aleman-para-medicos\/#i-2\" >\u00a0<\/a><\/li><li class='ez-toc-page-1'><a class=\"ez-toc-link ez-toc-heading-5\" href=\"https:\/\/profesornativodealeman.com\/clases-aleman\/aleman-para-medicos\/#i-3\" >\u00a0<\/a><\/li><li class='ez-toc-page-1'><a class=\"ez-toc-link ez-toc-heading-6\" href=\"https:\/\/profesornativodealeman.com\/clases-aleman\/aleman-para-medicos\/#Simulacion_de_conversaciones_medicas_Arzt-Arzt_Kommunikation\" >Simulacion de conversaciones medicas. Arzt-Arzt Kommunikation<\/a><\/li><li class='ez-toc-page-1'><a class=\"ez-toc-link ez-toc-heading-7\" href=\"https:\/\/profesornativodealeman.com\/clases-aleman\/aleman-para-medicos\/#Arztbrief-Carta_del_doctor\" >Arztbrief-Carta del doctor<\/a><\/li><li class='ez-toc-page-1'><a class=\"ez-toc-link ez-toc-heading-8\" href=\"https:\/\/profesornativodealeman.com\/clases-aleman\/aleman-para-medicos\/#Opinion_de_Sofia_sobre_las_clases_de_aleman_para_medicos\" >Opini\u00f3n de Sofia sobre las clases de alem\u00e1n para m\u00e9dicos\u00a0<\/a><\/li><li class='ez-toc-page-1'><a class=\"ez-toc-link ez-toc-heading-9\" href=\"https:\/\/profesornativodealeman.com\/clases-aleman\/aleman-para-medicos\/#Opinion_de_Leidy\" >Opinion de Leidy\u00a0<\/a><\/li><li class='ez-toc-page-1'><a class=\"ez-toc-link ez-toc-heading-10\" href=\"https:\/\/profesornativodealeman.com\/clases-aleman\/aleman-para-medicos\/#Opinion_de_Almudena\" >Opinion de Almudena<\/a><\/li><li class='ez-toc-page-1'><a class=\"ez-toc-link ez-toc-heading-11\" href=\"https:\/\/profesornativodealeman.com\/clases-aleman\/aleman-para-medicos\/#Opinion_de_Mario\" >Opinion de Mario<\/a><\/li><li class='ez-toc-page-1'><a class=\"ez-toc-link ez-toc-heading-12\" href=\"https:\/\/profesornativodealeman.com\/clases-aleman\/aleman-para-medicos\/#Opinion_de_Maria_Jose\" >Opinion de Maria Jose<\/a><\/li><li class='ez-toc-page-1'><a class=\"ez-toc-link ez-toc-heading-13\" href=\"https:\/\/profesornativodealeman.com\/clases-aleman\/aleman-para-medicos\/#Reserva_tu_clase_de_evaluacion_gratuita\" >Reserva tu clase de evaluacion gratuita<\/a><\/li><li class='ez-toc-page-1'><a class=\"ez-toc-link ez-toc-heading-14\" href=\"https:\/\/profesornativodealeman.com\/clases-aleman\/aleman-para-medicos\/#%F0%9F%8E%93_Aleman_para_medicos_lleva_tu_carrera_mas_lejos\" >\ud83c\udf93 Alem\u00e1n para m\u00e9dicos: lleva tu carrera m\u00e1s lejos<\/a><\/li><\/ul><\/nav><\/div>\n<h2><span class=\"ez-toc-section\" id=\"Aleman_para_medicos\"><\/span><b>Alem\u00e1n\u00a0para m\u00e9dicos<\/b><span class=\"ez-toc-section-end\"><\/span><\/h2><p><b>Las clases de alem\u00e1n\u00a0para\u00a0m\u00e9dicos\u00a0<\/b>se dirigen a m\u00e9dicos y tambi\u00e9n a personal cl\u00ednico que quiere prepararse para el examen de reconocimiento del nivel de alem\u00e1n, en Alemania es conocido como <strong><a href=\"https:\/\/approbatio.de\/fachsprachpruefung\/\" target=\"_blank\" rel=\"noopener\">\u00ab<span style=\"color: #0000ff;\">Fachsprachpr\u00fcfung\u00bb<\/span><\/a><\/strong><\/p><p>Un resumen de los temas que se van a tratar en las clases:<\/p><h3><span class=\"ez-toc-section\" id=\"Anamnesegesprache\"><\/span><strong>Anamnesegespr\u00e4che<\/strong><span class=\"ez-toc-section-end\"><\/span><\/h3><p>En esta parte del examen practicamos la entrevista al paciente con juegos de rol.<\/p><ul><li>Familienanamnese (Enfermedades de familiares o fallecimiento)<\/li><li>Sozialanamnese (entorno social, profesion)<\/li><li>Vegetative Anamnese (sed y apetito,alergias, calidad del sue\u00f1o)<\/li><li>Schmerzanamnese (localizacion del dolor, intensidad del dolor, medidas que se han tomado para aliviar el dolor)<\/li><li>Biografische Anamnese (algunas preguntas sobre la vida del paciente)<\/li><li>Ern\u00e4hrungsanamnese (habitos alimentarios, alergias)<\/li><li>Medikamentenanamnese (nombres de los medicamentos, con que frequencia se toma el medicamento, efectos secundarios)<\/li><li>Pflegeanamnese (en el caso de pacientes mayores, que requieren algun tipo de asistencia especial)<\/li><\/ul><p>\u00a0<\/p><figure id=\"attachment_13238\" aria-describedby=\"caption-attachment-13238\" style=\"width: 350px\" class=\"wp-caption aligncenter\"><img fetchpriority=\"high\" decoding=\"async\" class=\"wp-image-13238 size-full\" src=\"https:\/\/profesornativodealeman.com\/clases-aleman\/wp-content\/uploads\/2022\/05\/aleman-para-medicos.png\" alt=\"aleman-para medicos\" width=\"350\" height=\"360\" title=\"\" srcset=\"https:\/\/profesornativodealeman.com\/clases-aleman\/wp-content\/uploads\/2022\/05\/aleman-para-medicos.png 350w, https:\/\/profesornativodealeman.com\/clases-aleman\/wp-content\/uploads\/2022\/05\/aleman-para-medicos-150x154.png 150w\" sizes=\"(max-width: 350px) 100vw, 350px\" \/><figcaption id=\"caption-attachment-13238\" class=\"wp-caption-text\">En el examen del<strong> alem\u00e1n para m\u00e9dicos<\/strong> \u00abFachsprachpr\u00fcfung\u00bb es muy importante que el medico sea capaz de explicarle al paciente los tratamientos que se van a iniciar<\/figcaption><\/figure><h3><span class=\"ez-toc-section\" id=\"i\"><\/span>\u00a0<span class=\"ez-toc-section-end\"><\/span><\/h3><h3><span class=\"ez-toc-section\" id=\"i-2\"><\/span>\u00a0<span class=\"ez-toc-section-end\"><\/span><\/h3><h3><span class=\"ez-toc-section\" id=\"i-3\"><\/span>\u00a0<span class=\"ez-toc-section-end\"><\/span><\/h3><h3><span class=\"ez-toc-section\" id=\"Simulacion_de_conversaciones_medicas_Arzt-Arzt_Kommunikation\"><\/span><strong>Simulacion de conversaciones medicas. Arzt-Arzt Kommunikation<\/strong><span class=\"ez-toc-section-end\"><\/span><\/h3><p>Aqui damos algunos datos sobre el paciente a otro medico:<\/p><ul><li>Introduccion : z.B. \u201eHallo Herr\/Frau [Name des\/der OA], ich habe gerade in der<br \/>Notaufnahme FrauM\u00fcller gesehen<\/li><li>Breve descripci\u00f3n del cuadro cl\u00ednico.<\/li><li>Enfermedades previas relevantes<\/li><li>Factores de riesgo<\/li><li>Medicaci\u00f3n continua<\/li><li>Sospecha de diagn\u00f3stico<\/li><li>Procedimiento adicional<\/li><\/ul><figure id=\"attachment_13239\" aria-describedby=\"caption-attachment-13239\" style=\"width: 350px\" class=\"wp-caption aligncenter\"><img decoding=\"async\" class=\"wp-image-13239 size-full\" src=\"https:\/\/profesornativodealeman.com\/clases-aleman\/wp-content\/uploads\/2022\/05\/aleman-medico.png\" alt=\"aleman medico\" width=\"350\" height=\"467\" title=\"\" srcset=\"https:\/\/profesornativodealeman.com\/clases-aleman\/wp-content\/uploads\/2022\/05\/aleman-medico.png 350w, https:\/\/profesornativodealeman.com\/clases-aleman\/wp-content\/uploads\/2022\/05\/aleman-medico-150x200.png 150w\" sizes=\"(max-width: 350px) 100vw, 350px\" \/><figcaption id=\"caption-attachment-13239\" class=\"wp-caption-text\">Hablamos con otro medico sobre el paciente<\/figcaption><\/figure><p>\u00a0<\/p><p>\u00a0<\/p><h3><span class=\"ez-toc-section\" id=\"Arztbrief-Carta_del_doctor\"><\/span><strong>Arztbrief-Carta del doctor<\/strong><span class=\"ez-toc-section-end\"><\/span><\/h3><p>En esta parte debemos escribir un informe sobre el paciente<\/p><figure id=\"attachment_13240\" aria-describedby=\"caption-attachment-13240\" style=\"width: 640px\" class=\"wp-caption aligncenter\"><img decoding=\"async\" class=\"wp-image-13240 size-full\" src=\"https:\/\/profesornativodealeman.com\/clases-aleman\/wp-content\/uploads\/2022\/05\/note-2389227_640-1.png\" alt=\"Clases de alem\u00e1n online\" width=\"640\" height=\"640\" title=\"\" srcset=\"https:\/\/profesornativodealeman.com\/clases-aleman\/wp-content\/uploads\/2022\/05\/note-2389227_640-1.png 640w, https:\/\/profesornativodealeman.com\/clases-aleman\/wp-content\/uploads\/2022\/05\/note-2389227_640-1-480x480.png 480w, https:\/\/profesornativodealeman.com\/clases-aleman\/wp-content\/uploads\/2022\/05\/note-2389227_640-1-150x150.png 150w, https:\/\/profesornativodealeman.com\/clases-aleman\/wp-content\/uploads\/2022\/05\/note-2389227_640-1-96x96.png 96w\" sizes=\"(max-width: 640px) 100vw, 640px\" \/><figcaption id=\"caption-attachment-13240\" class=\"wp-caption-text\">La carta medica requiere de una forma de escribir especial<\/figcaption><\/figure><p>\u00a0<\/p><p>Las clases de <strong>alem\u00e1n para m\u00e9dicos<\/strong> se pueden impartir de forma individual y tambien en peque\u00f1os grupos via Zoom, Google Hangouts o en el domicilio del alumno en la Comunidad de Madrid.<br \/>Los alumnos que quieren hacer las <strong>clases de preparaci\u00f3n para el examen medico en alem\u00e1n<\/strong> deben tener m\u00ednimo un nivel B2, pero existe la posibilidad de compaginar un curso B2 con la preparacion del examen medico en aleman.<\/p><p>Actualmente imparto clases de alem\u00e1n a varios profesionales del sector sanitario. Las <strong>clases<\/strong><b>\u00a0de alem\u00e1n\u00a0para\u00a0m\u00e9dicos<\/b>\u00a0pueden comenzar en cualquier epoca del a\u00f1o.<\/p><p>A continuacion puedes leer algunos testimonios.<\/p><h2><span class=\"ez-toc-section\" id=\"Opinion_de_Sofia_sobre_las_clases_de_aleman_para_medicos\"><\/span><b>Opini\u00f3n de Sofia sobre las clases de alem\u00e1n para m\u00e9dicos\u00a0<\/b><span class=\"ez-toc-section-end\"><\/span><\/h2><p>\u00a0<\/p><p>Sofia Rodriguez Granda (Valencia, Espa\u00f1a)<img loading=\"lazy\" decoding=\"async\" class=\"wp-image-9521 alignright\" src=\"https:\/\/profesornativodealeman.com\/clases-aleman\/wp-content\/uploads\/2021\/05\/Sofia-1-1.jpg\" alt=\"aleman para medicos\" width=\"150\" height=\"267\" title=\"\"><br \/>Profesi\u00f3n: Medico<br \/>Su comentario sobre las clases de alem\u00e1n para m\u00e9dicos con Tobias Woelke:<\/p><p>\u201cEmpec\u00e9 con Tob\u00edas despu\u00e9s de aprobar el B2 gracias a mucho esfuerzo, sacrificio personal y poca ayuda. Tras haber probado academias, clases particulares individuales y aprendizaje autodidacta Tob\u00edas fue mi salvaci\u00f3n. Sacarme el C1 se hab\u00eda convertido en una necesidad para homologar el t\u00edtulo de m\u00e9dico en Alemania y aumentar las posibilidades de contrataci\u00f3n y, aunque dedicarle el 100% de mi tiempo hizo mucho, la ayuda, los conocimientos y sobre todo el apoyo moral que Tob\u00edas me brind\u00f3 fueron fundamentales.<br \/>Tob\u00edas es algo m\u00e1s que un simple profesor, es un compa\u00f1ero de un viaje que, en muchas ocasiones es frustrante y dif\u00edcil: aprender un idioma tan exigente como el alem\u00e1n. Por ello le estar\u00e9 eternamente agradecida. Ojal\u00e1 hubiera m\u00e1s profesionales de la ense\u00f1anza tan dedicados como \u00e9l. \u201c<\/p><figure id=\"attachment_6747\" aria-describedby=\"caption-attachment-6747\" style=\"width: 200px\" class=\"wp-caption alignright\"><img loading=\"lazy\" decoding=\"async\" class=\"wp-image-6747\" src=\"https:\/\/profesornativodealeman.com\/clases-aleman\/wp-content\/uploads\/2018\/08\/C1-Zertifikat-ConvertImage.jpg\" alt=\"Clases de alem\u00e1n online\" width=\"200\" height=\"278\" title=\"\" srcset=\"https:\/\/profesornativodealeman.com\/clases-aleman\/wp-content\/uploads\/2018\/08\/C1-Zertifikat-ConvertImage.jpg 2524w, https:\/\/profesornativodealeman.com\/clases-aleman\/wp-content\/uploads\/2018\/08\/C1-Zertifikat-ConvertImage-768x1066.jpg 768w, https:\/\/profesornativodealeman.com\/clases-aleman\/wp-content\/uploads\/2018\/08\/C1-Zertifikat-ConvertImage-1080x1499.jpg 1080w\" sizes=\"(max-width: 200px) 100vw, 200px\" \/><figcaption id=\"caption-attachment-6747\" class=\"wp-caption-text\">C1 Zertifikat<\/figcaption><\/figure><p>Aqu\u00ed Fotos de sus certificados:<\/p><figure id=\"attachment_6745\" aria-describedby=\"caption-attachment-6745\" style=\"width: 200px\" class=\"wp-caption alignright\"><img loading=\"lazy\" decoding=\"async\" class=\"wp-image-6745\" src=\"https:\/\/profesornativodealeman.com\/clases-aleman\/wp-content\/uploads\/2018\/08\/Fachspracheprfung-Sofia-ConvertImage-1.jpg\" alt=\"Clases de alem\u00e1n online\" width=\"200\" height=\"284\" title=\"\" srcset=\"https:\/\/profesornativodealeman.com\/clases-aleman\/wp-content\/uploads\/2018\/08\/Fachspracheprfung-Sofia-ConvertImage-1.jpg 2026w, https:\/\/profesornativodealeman.com\/clases-aleman\/wp-content\/uploads\/2018\/08\/Fachspracheprfung-Sofia-ConvertImage-1-768x1092.jpg 768w, https:\/\/profesornativodealeman.com\/clases-aleman\/wp-content\/uploads\/2018\/08\/Fachspracheprfung-Sofia-ConvertImage-1-1081x1536.jpg 1081w, https:\/\/profesornativodealeman.com\/clases-aleman\/wp-content\/uploads\/2018\/08\/Fachspracheprfung-Sofia-ConvertImage-1-1441x2048.jpg 1441w, https:\/\/profesornativodealeman.com\/clases-aleman\/wp-content\/uploads\/2018\/08\/Fachspracheprfung-Sofia-ConvertImage-1-1080x1535.jpg 1080w, https:\/\/profesornativodealeman.com\/clases-aleman\/wp-content\/uploads\/2018\/08\/Fachspracheprfung-Sofia-ConvertImage-1-1280x1820.jpg 1280w, https:\/\/profesornativodealeman.com\/clases-aleman\/wp-content\/uploads\/2018\/08\/Fachspracheprfung-Sofia-ConvertImage-1-980x1393.jpg 980w, https:\/\/profesornativodealeman.com\/clases-aleman\/wp-content\/uploads\/2018\/08\/Fachspracheprfung-Sofia-ConvertImage-1-480x682.jpg 480w, https:\/\/profesornativodealeman.com\/clases-aleman\/wp-content\/uploads\/2018\/08\/Fachspracheprfung-Sofia-ConvertImage-1-150x213.jpg 150w\" sizes=\"(max-width: 200px) 100vw, 200px\" \/><figcaption id=\"caption-attachment-6745\" class=\"wp-caption-text\">Certificado \u00e4rztliche Fachsprachenpr\u00fcfung<\/figcaption><\/figure><p>\u00a0<\/p><p>\u00a0<\/p><p>\u00a0<\/p><p>\u00a0<\/p><p>\u00a0<\/p><p>\u00a0<\/p><p>\u00a0<\/p><p>\u00a0<\/p><h3><span class=\"ez-toc-section\" id=\"Opinion_de_Leidy\"><\/span><strong>Opinion de Leidy\u00a0<\/strong><span class=\"ez-toc-section-end\"><\/span><\/h3><p>Leidy Arango Rohr (Ingelheim, Alemania)<img loading=\"lazy\" decoding=\"async\" class=\"alignright wp-image-7091\" src=\"https:\/\/profesornativodealeman.com\/clases-aleman\/wp-content\/uploads\/2018\/09\/WhatsApp-Image-2019-02-25-at-12.37.39.jpeg\" alt=\"Clases de alem\u00e1n online\" width=\"140\" height=\"142\" title=\"\" srcset=\"https:\/\/profesornativodealeman.com\/clases-aleman\/wp-content\/uploads\/2018\/09\/WhatsApp-Image-2019-02-25-at-12.37.39.jpeg 1007w, https:\/\/profesornativodealeman.com\/clases-aleman\/wp-content\/uploads\/2018\/09\/WhatsApp-Image-2019-02-25-at-12.37.39-768x781.jpeg 768w\" sizes=\"(max-width: 140px) 100vw, 140px\" \/><br \/>Profesi\u00f3n: Medico<br \/>Su opinion sobre las clases de alem\u00e1n para m\u00e9dicos con Tobias Woelke:<\/p><p>\u201cSoy m\u00e9dica colombiana, actualmente resido en Alemania. Considero que Tobias es un excelente profesor, de los pocos que en realidad disfrutan hacer su trabajo y se preocupan porque el alumno realmente aprenda. Hab\u00eda tenido que interrumpir mis clases en 2 escuelas debido a mi trabajo por lo cual opt\u00e9 por continuar mi aprendizaje con Tobias. Con \u00e9l pude alcanzar el nivel de alem\u00e1n B2 y aprobar el examen Telc B2, me admitieron en el hospital estatal para iniciar mis pr\u00e1cticas y actualmente preparamos el examen m\u00e9dico para convalidaci\u00f3n de mi titulo en Alemania. No dudo en recomendarlo.\u201d<\/p><p>Aqui una foto de su certificado:<\/p><p><img loading=\"lazy\" decoding=\"async\" class=\"wp-image-7089 alignleft\" src=\"https:\/\/profesornativodealeman.com\/clases-aleman\/wp-content\/uploads\/2018\/09\/IMG-20190207-WA0006.jpg\" alt=\"Clases de alem\u00e1n online\" width=\"140\" height=\"187\" title=\"\" srcset=\"https:\/\/profesornativodealeman.com\/clases-aleman\/wp-content\/uploads\/2018\/09\/IMG-20190207-WA0006.jpg 1200w, https:\/\/profesornativodealeman.com\/clases-aleman\/wp-content\/uploads\/2018\/09\/IMG-20190207-WA0006-768x1024.jpg 768w, https:\/\/profesornativodealeman.com\/clases-aleman\/wp-content\/uploads\/2018\/09\/IMG-20190207-WA0006-1080x1440.jpg 1080w\" sizes=\"(max-width: 140px) 100vw, 140px\" \/><\/p><p>\u00a0<\/p><p>\u00a0<\/p><p>\u00a0<\/p><p>\u00a0<\/p><p>\u00a0<\/p><h3><span class=\"ez-toc-section\" id=\"Opinion_de_Almudena\"><\/span><strong>Opinion de Almudena<\/strong><span class=\"ez-toc-section-end\"><\/span><\/h3><p class=\"et_pb_toggle_title\">Almudena Avila (Madrid)<\/p><p class=\"et_pb_toggle_title\"><span style=\"color: #000000;\">Profesi\u00f3n: Ortodoncista<\/span><\/p><div class=\"et_pb_toggle_content clearfix\"><p>Su opini\u00f3n sobre las clases de alem\u00e1n para m\u00e9dicos con Tobias Woelke:<img loading=\"lazy\" decoding=\"async\" class=\"size-full wp-image-9449 alignright\" src=\"https:\/\/profesornativodealeman.com\/clases-aleman\/wp-content\/uploads\/2021\/05\/Almudena.jpg\" alt=\"Clases de alem\u00e1n online\" width=\"150\" height=\"150\" title=\"\" srcset=\"https:\/\/profesornativodealeman.com\/clases-aleman\/wp-content\/uploads\/2021\/05\/Almudena.jpg 150w, https:\/\/profesornativodealeman.com\/clases-aleman\/wp-content\/uploads\/2021\/05\/Almudena-96x96.jpg 96w\" sizes=\"(max-width: 150px) 100vw, 150px\" \/><\/p><p>\u00abEmpec\u00e9 de 0, y\u00a0 nunca un idioma me hab\u00eda cundido tanto. Tobias es un gran profesor, le gusta que el alumno aprenda, motiva a aprender el idioma. Y desde mi experiencia, esto es lo m\u00e1s importante, estar motivado para poder aprender un idioma como el alem\u00e1n. Identifica cuales son las necesidades del alumno, y se vuelca de lleno.<\/p><p>Aprender alem\u00e1n con Tobias, es ameno y productivo. Lo que m\u00e1s me gusta, es que, insiste en tu aprendizaje, tiene mucha paciencia, te da buenos consejos y te motiva. Es un lujo tenerle como profesor! Danke Sch\u00f6n Tobias! \u201c<\/p><\/div><h3><span class=\"ez-toc-section\" id=\"Opinion_de_Mario\"><\/span><strong>Opinion de Mario<\/strong><span class=\"ez-toc-section-end\"><\/span><\/h3><p>Mario Espinosa<\/p><p>Profesion: Estudiante de medicina<\/p><p>Su opinion sobre las clases de aleman para medicos con Tobias Woelke:<\/p><p>\u201cTobias hat mich sehr bei der Vorbereitung zu meiner Goethe-C1-Pr\u00fcfung unterst\u00fctzt. Ich kann ihn als<img loading=\"lazy\" decoding=\"async\" class=\"wp-image-14464 size-full alignright lazy loaded\" title=\"Opiniones de los Alumnos. Clases de alem\u00e1n. 59\" src=\"https:\/\/profesornativodealeman.com\/clases-aleman\/wp-content\/uploads\/2022\/11\/Mario-1.jpg\" alt=\"Mario 1\" width=\"150\" height=\"200\" data-src=\"https:\/\/profesornativodealeman.com\/clases-aleman\/wp-content\/uploads\/2022\/11\/Mario-1.jpg\" data-was-processed=\"true\" \/>\u00a0Deutschlehrer und Coach sehr weiterempfehlen und bin sehr froh, dass ich im un\u00fcbersichtlichen Deutschlehrer-Dschungel den Weg zu ihm gefunden habe. Tobias unterst\u00fctzt nicht nur bei der fachlichen Pr\u00fcfungsvorbereitung, sondern ist auch ein super Motivator und nimmt einem die Angst vor der Pr\u00fcfung. Gerade bei den C1-Pr\u00fcfungen kommt es n\u00e4mlich nicht nur darauf an, das sprachliche Niveau zu haben, sondern auch methodisch gut vorbereitet und selbstbewusst in die Pr\u00fcfung zu gehen. Ich kann Tobias jedem weiterempfehlen, der eine offene und vertraute Lernatmosph\u00e4re sch\u00e4tzt, in der man auch Fehler machen darf und St\u00fcck f\u00fcr St\u00fcck seinem Ziel n\u00e4hergebracht wird. Nachdem ich mich mit einem sicheren B1\/B2-Niveau im August bei Tobias angemeldet hatte, habe ich zun\u00e4chst im September den TestDAF Niveau 3 (B2) in allen Kategorien bestanden und mich dann im darauffolgenden April erfolgreich dem Goethe-Zertifikat C1 gestellt. Danke, Tobias!!!<\/p><h3><span class=\"ez-toc-section\" id=\"Opinion_de_Maria_Jose\"><\/span><strong>Opinion de Maria Jose<img loading=\"lazy\" decoding=\"async\" class=\"wp-image-15217 alignright\" src=\"https:\/\/profesornativodealeman.com\/clases-aleman\/wp-content\/uploads\/2023\/10\/Maria-Jose_1777-5-1.jpg\" alt=\"Clases de alem\u00e1n online\" width=\"130\" height=\"195\" title=\"\" srcset=\"https:\/\/profesornativodealeman.com\/clases-aleman\/wp-content\/uploads\/2023\/10\/Maria-Jose_1777-5-1.jpg 280w, https:\/\/profesornativodealeman.com\/clases-aleman\/wp-content\/uploads\/2023\/10\/Maria-Jose_1777-5-1-150x225.jpg 150w\" sizes=\"(max-width: 130px) 100vw, 130px\" \/><\/strong><span class=\"ez-toc-section-end\"><\/span><\/h3><p>Mar\u00eda Jos\u00e9 \u00c1lvarez (Zurich, Suiza)<br \/>Profesi\u00f3n: m\u00e9dico<\/p><p>\u00abCuando comenc\u00e9 las clases con Tobias ya hab\u00eda recorrido un largo y pesado camino con el alem\u00e1n; despu\u00e9s de pasar por diferentes academias presenciales, profesores particulares, y plataformas online, lo encontr\u00e9.<\/p><p>Mi objetivo era desempolvar mis conocimientos de alem\u00e1n, que hab\u00eda dejado de usar durante algunos a\u00f1os, y enfocarme por un lado en un alem\u00e1n pr\u00e1ctico (poder hablar con la gente y entenderla) y por otro, en un alem\u00e1n m\u00e1s t\u00e9cnico para poder trabajar como m\u00e9dico.<br \/>La experiencia con Tobias ha sido estupenda: ha sabido adaptarse a mis necesidades y a los m\u00faltiples cambios en el plan que he tenido hasta ahora; es un profesor flexible y din\u00e1mico, que me permite avanzar de acuerdo al ritmo y disponibilidad que tengo en cada momento. Sus clases son amenas y divertidas, y ha logrado por primera vez mejorar mi relaci\u00f3n con el idioma. Las clases de alem\u00e1n ahora se me pasan volando y las disfruto, y la sensaci\u00f3n de soledad en el aprendizaje ha desaparecido.<br \/>Destacar\u00eda de \u00e9l que es un verdadero docente, y no s\u00f3lo un nativo que ense\u00f1a alem\u00e1n, que usa un sistema de ense\u00f1anza organizado y que adem\u00e1s, te acompa\u00f1a de manera activa en todo el proceso haci\u00e9ndote el camino m\u00e1s f\u00e1cil.\u00bb<\/p><h4><span class=\"ez-toc-section\" id=\"Reserva_tu_clase_de_evaluacion_gratuita\"><\/span>Reserva tu clase de evaluacion gratuita<span class=\"ez-toc-section-end\"><\/span><\/h4>\t\t\t\t\t\t\t\t<\/div>\n\t\t\t\t<\/div>\n\t\t\t\t<div class=\"elementor-element elementor-element-3d5c06e elementor-widget elementor-widget-html\" data-id=\"3d5c06e\" data-element_type=\"widget\" data-e-type=\"widget\" data-widget_type=\"html.default\">\n\t\t\t\t<div class=\"elementor-widget-container\">\n\t\t\t\t\t<div style=\"border: 2px solid #e0e0e0; border-radius: 12px; padding: 20px; margin: 30px 0; background-color: #f9f9ff; text-align: center; font-family: Arial, sans-serif;\">\r\n  <h3 style=\"color:#2a2a8f; font-size: 20px; margin-bottom: 10px;\"><span class=\"ez-toc-section\" id=\"%F0%9F%8E%93_Aleman_para_medicos_lleva_tu_carrera_mas_lejos\"><\/span>\ud83c\udf93 Alem\u00e1n para m\u00e9dicos: lleva tu carrera m\u00e1s lejos<span class=\"ez-toc-section-end\"><\/span><\/h3>\r\n  <p style=\"font-size:16px; color:#444; margin-bottom: 15px;\">\r\n    Dominar la gram\u00e1tica es solo el primer paso.  \r\n    En esta <strong>clase gratuita<\/strong> podr\u00e1s:  \r\n    <br>\u2705 Evaluar tu nivel actual de alem\u00e1n m\u00e9dico  \r\n    <br>\u2705 Recibir un plan adaptado a tu especialidad  \r\n    <br>\u2705 Ganar seguridad en consultas y hospitales\r\n  <\/p>\r\n  <a href=\"https:\/\/profesornativodealeman.com\/clases-aleman\/formulario-contacto\/\" style=\"display:inline-block; background:#2a2a8f; color:#fff; padding:12px 25px; border-radius:8px; text-decoration:none; font-size:16px; font-weight:bold;\">\r\n     \ud83d\udc49 Solicita tu clase gratuita\r\n  <\/a>\r\n<\/div>\r\n\t\t\t\t<\/div>\n\t\t\t\t<\/div>\n\t\t\t\t<div class=\"elementor-element elementor-element-37fdfe6 elementor-widget elementor-widget-text-editor\" data-id=\"37fdfe6\" data-element_type=\"widget\" data-e-type=\"widget\" data-widget_type=\"text-editor.default\">\n\t\t\t\t<div class=\"elementor-widget-container\">\n\t\t\t\t\t\t\t\t\t<p>Paso previo para preparar el Fachsprachpr\u00fcfung es el <span style=\"color: #0000ff;\"><strong><a style=\"color: #0000ff;\" href=\"https:\/\/profesornativodealeman.com\/clases-aleman\/curso-preparacion-telc-b2\/\">examen Telc B2<\/a><\/strong><\/span><\/p>\t\t\t\t\t\t\t\t<\/div>\n\t\t\t\t<\/div>\n\t\t\t\t\t<\/div>\n\t\t\t\t<\/div>\n\t\t\t\t<\/div>\n\t\t","protected":false},"excerpt":{"rendered":"<p>Alem\u00e1n\u00a0para m\u00e9dicos Las clases de alem\u00e1n\u00a0para\u00a0m\u00e9dicos\u00a0se dirigen a m\u00e9dicos y tambi\u00e9n a personal cl\u00ednico que quiere prepararse para el examen de reconocimiento del nivel de alem\u00e1n, en Alemania es conocido como \u00abFachsprachpr\u00fcfung\u00bb Un resumen de los temas que se van a tratar en las clases: Anamnesegespr\u00e4che En esta parte del examen practicamos la entrevista al [&hellip;]<\/p>\n","protected":false},"author":4,"featured_media":6750,"comment_status":"open","ping_status":"open","sticky":false,"template":"","format":"standard","meta":{"footnotes":""},"categories":[2624],"tags":[3926,3679,3682,3680,3681],"class_list":["post-6738","post","type-post","status-publish","format-standard","has-post-thumbnail","hentry","category-cursos-de-aleman","tag-aleman-para-medicos","tag-clases-de-aleman-para-medicos","tag-clases-de-preparacion-para-el-examen-medico-en-aleman","tag-clases-preparacion-examen-medico-aleman","tag-curso-de-aleman-para-medicos"],"_links":{"self":[{"href":"https:\/\/profesornativodealeman.com\/clases-aleman\/wp-json\/wp\/v2\/posts\/6738","targetHints":{"allow":["GET"]}}],"collection":[{"href":"https:\/\/profesornativodealeman.com\/clases-aleman\/wp-json\/wp\/v2\/posts"}],"about":[{"href":"https:\/\/profesornativodealeman.com\/clases-aleman\/wp-json\/wp\/v2\/types\/post"}],"author":[{"embeddable":true,"href":"https:\/\/profesornativodealeman.com\/clases-aleman\/wp-json\/wp\/v2\/users\/4"}],"replies":[{"embeddable":true,"href":"https:\/\/profesornativodealeman.com\/clases-aleman\/wp-json\/wp\/v2\/comments?post=6738"}],"version-history":[{"count":3,"href":"https:\/\/profesornativodealeman.com\/clases-aleman\/wp-json\/wp\/v2\/posts\/6738\/revisions"}],"predecessor-version":[{"id":18578,"href":"https:\/\/profesornativodealeman.com\/clases-aleman\/wp-json\/wp\/v2\/posts\/6738\/revisions\/18578"}],"wp:featuredmedia":[{"embeddable":true,"href":"https:\/\/profesornativodealeman.com\/clases-aleman\/wp-json\/wp\/v2\/media\/6750"}],"wp:attachment":[{"href":"https:\/\/profesornativodealeman.com\/clases-aleman\/wp-json\/wp\/v2\/media?parent=6738"}],"wp:term":[{"taxonomy":"category","embeddable":true,"href":"https:\/\/profesornativodealeman.com\/clases-aleman\/wp-json\/wp\/v2\/categories?post=6738"},{"taxonomy":"post_tag","embeddable":true,"href":"https:\/\/profesornativodealeman.com\/clases-aleman\/wp-json\/wp\/v2\/tags?post=6738"}],"curies":[{"name":"wp","href":"https:\/\/api.w.org\/{rel}","templated":true}]}}