{"id":6801,"date":"2018-10-07T10:31:04","date_gmt":"2018-10-07T10:31:04","guid":{"rendered":"https:\/\/profesornativodealeman.com\/clases-aleman\/?p=6801"},"modified":"2019-02-18T09:18:04","modified_gmt":"2019-02-18T09:18:04","slug":"verbos-con-preposicion-en-aleman","status":"publish","type":"post","link":"https:\/\/profesornativodealeman.com\/clases-aleman\/verbos-con-preposicion-en-aleman\/","title":{"rendered":"Verbos con preposici\u00f3n en alem\u00e1n"},"content":{"rendered":"<h1><strong>Verbos con preposici\u00f3n en alem\u00e1n<\/strong><\/h1>\n<p>El siguiente listado de<strong>\u00a0verbos con preposici\u00f3n en alem\u00e1n<\/strong>\u00a0con el tiempo sera\u00a0 uno de los mas grandes en el mundo de las personas hispanohablantes que aprenden alem\u00e1n.<\/p>\n<p>Comienzo a publicar primero los <strong>verbos con preposicion<\/strong> <strong>que rigen acusativo<\/strong> y despues los <strong>verbos con preposicion<\/strong> <strong>que rigen dativo<\/strong>.El orden va a ser alfabetico y cada semana se va a actualizar el Post sobre los <b>verbos con preposici\u00f3n\u00a0en\u00a0alem\u00e1n<\/b>\u00a0y se van agregar mas verbos.<\/p>\n<p><strong>Verbos con<\/strong>\u00a0<b>preposici\u00f3n\u00a0en\u00a0alem\u00e1n<\/b>\u00a0que rigen acusativo, con la letra A.<\/p>\n<p>Abstimmen \u00fcber\u00a0\u00a0\u00a0\u00a0\u00a0\u00a0\u00a0\u00a0\u00a0\u00a0\u00a0\u00a0\u00a0\u00a0\u00a0\u00a0\u00a0\u00a0\u00a0\u00a0\u00a0\u00a0\u00a0\u00a0\u00a0\u00a0\u00a0\u00a0\u00a0\u00a0\u00a0\u00a0\u00a0\u00a0\u00a0\u00a0\u00a0\u00a0\u00a0\u00a0\u00a0\u00a0\u00a0\u00a0 votar (por ejemplo votacion sobre leyes)<\/p>\n<p>Die Politiker stimmen \u00fcber ein neues Gesetz ab<\/p>\n<p>Los politicos votan una nueva ley<\/p>\n<p>Achten auf\u00a0\u00a0\u00a0\u00a0\u00a0\u00a0\u00a0\u00a0\u00a0\u00a0\u00a0\u00a0\u00a0\u00a0\u00a0\u00a0\u00a0\u00a0\u00a0\u00a0\u00a0\u00a0\u00a0\u00a0\u00a0\u00a0\u00a0\u00a0\u00a0\u00a0\u00a0\u00a0\u00a0\u00a0\u00a0\u00a0\u00a0\u00a0\u00a0\u00a0\u00a0\u00a0\u00a0\u00a0\u00a0\u00a0\u00a0\u00a0\u00a0\u00a0\u00a0\u00a0\u00a0\u00a0\u00a0\u00a0 cuidar, vigilar sobre\/por<\/p>\n<p>Sabine macht eine Di\u00e4t und achtet auf ihre Figur<\/p>\n<p>Sabine hace una dieta y cuida su figura<\/p>\n<p>Ankommen auf\u00a0\u00a0\u00a0\u00a0\u00a0\u00a0\u00a0\u00a0\u00a0\u00a0\u00a0\u00a0\u00a0\u00a0\u00a0\u00a0\u00a0\u00a0\u00a0\u00a0\u00a0\u00a0\u00a0\u00a0\u00a0\u00a0\u00a0\u00a0\u00a0\u00a0\u00a0\u00a0\u00a0\u00a0\u00a0\u00a0\u00a0\u00a0\u00a0\u00a0\u00a0\u00a0\u00a0\u00a0\u00a0\u00a0 depender de<\/p>\n<p>Gehen wir schwimmen? Es kommt auf das Wetter an<\/p>\n<p>Vamos a nadar? Depende del tiempo<\/p>\n<p>Antworten auf\u00a0\u00a0\u00a0\u00a0\u00a0\u00a0\u00a0\u00a0\u00a0\u00a0\u00a0\u00a0\u00a0\u00a0\u00a0\u00a0\u00a0\u00a0\u00a0\u00a0\u00a0\u00a0\u00a0\u00a0\u00a0\u00a0\u00a0\u00a0\u00a0\u00a0\u00a0\u00a0\u00a0\u00a0\u00a0\u00a0\u00a0\u00a0\u00a0\u00a0\u00a0\u00a0\u00a0\u00a0\u00a0\u00a0\u00a0\u00a0 contestar a<\/p>\n<p>Peter antwortet nicht auf dieses Frage<\/p>\n<p>Peter no contesta esta pregunta<\/p>\n<p>Sich \u00e4rgern \u00fcber\u00a0\u00a0\u00a0\u00a0\u00a0\u00a0\u00a0\u00a0\u00a0\u00a0\u00a0\u00a0\u00a0\u00a0\u00a0\u00a0\u00a0\u00a0\u00a0\u00a0\u00a0\u00a0\u00a0\u00a0\u00a0\u00a0\u00a0\u00a0\u00a0\u00a0\u00a0\u00a0\u00a0\u00a0\u00a0\u00a0\u00a0\u00a0\u00a0\u00a0\u00a0\u00a0\u00a0\u00a0\u00a0 enfadarse sobre\/con<\/p>\n<p>Michael \u00e4rgert sich \u00fcber seinen Freund<\/p>\n<p>Michael se enfada con su amigo<\/p>\n<p>Aufpassen auf\u00a0\u00a0\u00a0\u00a0\u00a0\u00a0\u00a0\u00a0\u00a0\u00a0\u00a0\u00a0\u00a0\u00a0\u00a0\u00a0\u00a0\u00a0\u00a0\u00a0\u00a0\u00a0\u00a0\u00a0\u00a0\u00a0\u00a0\u00a0\u00a0\u00a0\u00a0\u00a0\u00a0\u00a0\u00a0\u00a0\u00a0\u00a0\u00a0\u00a0\u00a0\u00a0\u00a0\u00a0\u00a0\u00a0\u00a0\u00a0\u00a0 cuidar de<\/p>\n<p>Sabine darf nicht ins Kino gehen, weil sie auf ihre Schwester aufpassen muss.<\/p>\n<p>Sabine no puede ir al cine porque tiene que cuidar de su hermana.<\/p>\n<p>Sich aufregen \u00fcber\u00a0\u00a0\u00a0\u00a0\u00a0\u00a0\u00a0\u00a0\u00a0\u00a0\u00a0\u00a0\u00a0\u00a0\u00a0\u00a0\u00a0\u00a0\u00a0\u00a0\u00a0\u00a0\u00a0\u00a0\u00a0\u00a0\u00a0\u00a0\u00a0\u00a0\u00a0\u00a0\u00a0\u00a0\u00a0\u00a0\u00a0\u00a0\u00a0\u00a0 alterarse por<\/p>\n<p>Klaus regt sich \u00fcber den Schiedsrichter auf<\/p>\n<p>Klaus se enfada con el arbitro<\/p>\n<p>Ausgeben f\u00fcr\u00a0\u00a0\u00a0\u00a0\u00a0\u00a0\u00a0\u00a0\u00a0\u00a0\u00a0\u00a0\u00a0\u00a0\u00a0\u00a0\u00a0\u00a0\u00a0\u00a0\u00a0\u00a0\u00a0\u00a0\u00a0\u00a0\u00a0\u00a0\u00a0\u00a0\u00a0\u00a0\u00a0\u00a0\u00a0\u00a0\u00a0\u00a0\u00a0\u00a0\u00a0\u00a0\u00a0\u00a0\u00a0\u00a0\u00a0\u00a0\u00a0\u00a0 gastar en<\/p>\n<p>Andrea gibt sehr viel f\u00fcr Cds aus. Sie spart nichts.<\/p>\n<p>Andrea gasta mucho dinero en Cds. No ahorra nada.<\/p>\n<p>&nbsp;<\/p>\n<p>Actualizacion 18.02.2019. Se agregan los verbos con la letra \u00abB\u00bb<\/p>\n<p>Con la letra B:<\/p>\n<p>Sich bedanken f\u00fcr\u00a0\u00a0\u00a0\u00a0\u00a0\u00a0\u00a0\u00a0\u00a0\u00a0\u00a0\u00a0\u00a0\u00a0\u00a0\u00a0\u00a0\u00a0\u00a0\u00a0\u00a0\u00a0\u00a0\u00a0\u00a0\u00a0\u00a0\u00a0\u00a0\u00a0\u00a0\u00a0\u00a0\u00a0\u00a0\u00a0\u00a0\u00a0\u00a0\u00a0\u00a0 dar las gracias por<\/p>\n<p>Peter bedankt sich f\u00fcr das Geschenk<\/p>\n<p>Peter da las gracias por el regalo<\/p>\n<p>Berichten \u00fcber\u00a0\u00a0\u00a0\u00a0\u00a0\u00a0\u00a0\u00a0\u00a0\u00a0\u00a0\u00a0\u00a0\u00a0\u00a0\u00a0\u00a0\u00a0\u00a0\u00a0\u00a0\u00a0\u00a0\u00a0\u00a0\u00a0\u00a0\u00a0\u00a0\u00a0\u00a0\u00a0\u00a0\u00a0\u00a0\u00a0\u00a0\u00a0\u00a0\u00a0\u00a0\u00a0\u00a0\u00a0\u00a0\u00a0\u00a0\u00a0 informar sobre<\/p>\n<p>Die Medien berichten \u00fcber die \u00dcberschwemmungen<\/p>\n<p>Los medios de comunicaci\u00f3n informan sobre las inundaciones<\/p>\n<p>Sich bewerben um\u00a0\u00a0\u00a0\u00a0\u00a0\u00a0\u00a0\u00a0\u00a0\u00a0\u00a0\u00a0\u00a0\u00a0\u00a0\u00a0\u00a0\u00a0\u00a0\u00a0\u00a0\u00a0\u00a0\u00a0\u00a0\u00a0\u00a0\u00a0\u00a0\u00a0\u00a0\u00a0\u00a0\u00a0\u00a0\u00a0\u00a0\u00a0\u00a0\u00a0 solicitar un trabajo<\/p>\n<p>Klaus bewirbt sich um einen neuen Job<\/p>\n<p>Klaus solicita un nuevo empleo<\/p>\n<p>Sich beschweren \u00fcber\u00a0\u00a0\u00a0\u00a0\u00a0\u00a0\u00a0\u00a0\u00a0\u00a0\u00a0\u00a0\u00a0\u00a0\u00a0\u00a0\u00a0\u00a0\u00a0\u00a0\u00a0\u00a0\u00a0\u00a0\u00a0\u00a0\u00a0\u00a0\u00a0\u00a0\u00a0\u00a0\u00a0 quejarse de<\/p>\n<p>Sabine beschwert sich \u00fcber den Chef<\/p>\n<p>Sabine se queja del jefe<\/p>\n<p>Bitten um\u00a0\u00a0\u00a0\u00a0\u00a0\u00a0\u00a0\u00a0\u00a0\u00a0\u00a0\u00a0\u00a0\u00a0\u00a0\u00a0\u00a0\u00a0\u00a0\u00a0\u00a0\u00a0\u00a0\u00a0\u00a0\u00a0\u00a0\u00a0\u00a0\u00a0\u00a0\u00a0\u00a0\u00a0\u00a0\u00a0\u00a0\u00a0\u00a0\u00a0\u00a0\u00a0\u00a0\u00a0\u00a0\u00a0\u00a0\u00a0\u00a0\u00a0\u00a0\u00a0\u00a0\u00a0\u00a0\u00a0\u00a0\u00a0 pedir, rogar<\/p>\n<p>Ich bitte Sie um Ihre Aufmerksamkeit<\/p>\n<p>Ruego que presten atencion<\/p>\n<p>Sich beziehen auf\u00a0\u00a0\u00a0\u00a0\u00a0\u00a0\u00a0\u00a0\u00a0\u00a0\u00a0\u00a0\u00a0\u00a0\u00a0\u00a0\u00a0\u00a0\u00a0\u00a0\u00a0\u00a0\u00a0\u00a0\u00a0\u00a0\u00a0\u00a0\u00a0\u00a0\u00a0\u00a0\u00a0\u00a0\u00a0\u00a0\u00a0\u00a0\u00a0\u00a0\u00a0\u00a0 referirse a<\/p>\n<p>In unserer letzten Analyse beziehen wir uns auf die Daten aus dem Jahr 2010<\/p>\n<p>En nuestro ultimo analisis nos referimos a los datos del a\u00f1o 2010<\/p>\n<p>&nbsp;<\/p>\n<p>&nbsp;<\/p>\n<p>&nbsp;<\/p>\n<p>&nbsp;<\/p>\n<p>&nbsp;<\/p>\n<p>&nbsp;<\/p>\n<p>&nbsp;<\/p>\n<p>&nbsp;<\/p>\n<p>&nbsp;<\/p>\n<p>&nbsp;<\/p>\n<p>&nbsp;<\/p>\n<p>&nbsp;<\/p>\n<p>&nbsp;<\/p>\n","protected":false},"excerpt":{"rendered":"<p>Verbos con preposici\u00f3n en alem\u00e1n El siguiente listado de\u00a0verbos con preposici\u00f3n en alem\u00e1n\u00a0con el tiempo sera\u00a0 uno de los mas grandes en el mundo de las personas hispanohablantes que aprenden alem\u00e1n. Comienzo a publicar primero los verbos con preposicion que rigen acusativo y despues los verbos con preposicion que rigen dativo.El orden va a ser [&hellip;]<\/p>\n","protected":false},"author":4,"featured_media":6803,"comment_status":"open","ping_status":"open","sticky":false,"template":"","format":"standard","meta":{"footnotes":""},"categories":[13],"tags":[3690,3691,3692],"class_list":["post-6801","post","type-post","status-publish","format-standard","has-post-thumbnail","hentry","category-gramatica-alemana","tag-verbos-con-preposicion-en-aleman","tag-verbos-con-preposicion-que-rigen-acusativo","tag-verbos-con-preposicion-que-rigen-dativo"],"_links":{"self":[{"href":"https:\/\/profesornativodealeman.com\/clases-aleman\/wp-json\/wp\/v2\/posts\/6801","targetHints":{"allow":["GET"]}}],"collection":[{"href":"https:\/\/profesornativodealeman.com\/clases-aleman\/wp-json\/wp\/v2\/posts"}],"about":[{"href":"https:\/\/profesornativodealeman.com\/clases-aleman\/wp-json\/wp\/v2\/types\/post"}],"author":[{"embeddable":true,"href":"https:\/\/profesornativodealeman.com\/clases-aleman\/wp-json\/wp\/v2\/users\/4"}],"replies":[{"embeddable":true,"href":"https:\/\/profesornativodealeman.com\/clases-aleman\/wp-json\/wp\/v2\/comments?post=6801"}],"version-history":[{"count":0,"href":"https:\/\/profesornativodealeman.com\/clases-aleman\/wp-json\/wp\/v2\/posts\/6801\/revisions"}],"wp:featuredmedia":[{"embeddable":true,"href":"https:\/\/profesornativodealeman.com\/clases-aleman\/wp-json\/wp\/v2\/media\/6803"}],"wp:attachment":[{"href":"https:\/\/profesornativodealeman.com\/clases-aleman\/wp-json\/wp\/v2\/media?parent=6801"}],"wp:term":[{"taxonomy":"category","embeddable":true,"href":"https:\/\/profesornativodealeman.com\/clases-aleman\/wp-json\/wp\/v2\/categories?post=6801"},{"taxonomy":"post_tag","embeddable":true,"href":"https:\/\/profesornativodealeman.com\/clases-aleman\/wp-json\/wp\/v2\/tags?post=6801"}],"curies":[{"name":"wp","href":"https:\/\/api.w.org\/{rel}","templated":true}]}}