{"id":7423,"date":"2019-09-15T13:25:53","date_gmt":"2019-09-15T13:25:53","guid":{"rendered":"https:\/\/profesornativodealeman.com\/clases-aleman\/?p=7423"},"modified":"2026-01-11T08:48:02","modified_gmt":"2026-01-11T06:48:02","slug":"aleman-nivel-b2","status":"publish","type":"post","link":"https:\/\/profesornativodealeman.com\/clases-aleman\/aleman-nivel-b2\/","title":{"rendered":"Alem\u00e1n B2 . Listado de temas gramaticales."},"content":{"rendered":"\t\t<div data-elementor-type=\"wp-post\" data-elementor-id=\"7423\" class=\"elementor elementor-7423\" data-elementor-post-type=\"post\">\n\t\t\t\t<div class=\"elementor-element elementor-element-763c6a90 e-flex e-con-boxed e-con e-parent\" data-id=\"763c6a90\" data-element_type=\"container\" data-e-type=\"container\">\n\t\t\t\t\t<div class=\"e-con-inner\">\n\t\t\t\t<div class=\"elementor-element elementor-element-13ca39b4 elementor-widget elementor-widget-text-editor\" data-id=\"13ca39b4\" data-element_type=\"widget\" data-e-type=\"widget\" data-widget_type=\"text-editor.default\">\n\t\t\t\t<div class=\"elementor-widget-container\">\n\t\t\t\t\t\t\t\t\t<h1><span style=\"color: #000000;\"><u><b style=\"color: #000000;\">\u00bfQue temas gramaticales se aprenden en el nivel <\/b><span style=\"color: #000000;\"><b>alem\u00e1n<\/b><\/span><b style=\"color: #000000;\">\u00a0B2 ?<\/b><\/u><\/span><\/h1><p>Hay algunos t\u00e9rminos gramaticales en el B2 alem\u00e1n que asustan, pero estos temas gramaticales no son tan dificiles de aprender si se cuenta con el apoyo adecuado.<\/p><p>\u00a0<\/p><h2><u><b>Nivel alem\u00e1n\u00a0B2.1<\/b><\/u><\/h2><ul><li>Repaso de las conjunciones bimembres<\/li><\/ul><ul><li>Repaso de los pronombres indefinidos<\/li><li>La pasiva de estado\/Zustandspassiv<\/li><\/ul><ul><li>El uso de \u201cvon\u201d y \u201cdurch\u201d en la pasiva<\/li><li>Oraciones causales estilo verbal \u201cVerbalstil\u201d y estilo nominal \u201cNominalstil\u201d<\/li><li>Sufijos con adjetivos<\/li><li>Oraciones con \u201cdass\u201d<\/li><li>Diferencia entre oraciones con \u201cdass\u201d y oraciones en Infinitivo con zu<\/li><li>Oraciones temporales en estilo verbal y estilo nominal<\/li><li>Sufijos con adverbios<\/li><li>Repaso del verbo \u201classen\u201d<\/li><li>Futur 2, suposiciones<\/li><li>Oraciones verbales<\/li><li>El Perfekt con doble infinitivo<\/li><li>Adjetivos con preposiciones<\/li><\/ul><p>\u00a0<\/p><h3><u><b>Nivel alem\u00e1n\u00a0B2.2<\/b><\/u><\/h3><ul><li>Sustantivos con preposiciones<\/li><li>Konjunktiv 1, lenguaje indirecto<\/li><li>El significado subjetivo de los verbos modales<\/li><li>Nominalizacion de verbos<\/li><li>Oraciones condicionales estilo verbal y estilo nominal<\/li><li>Oraciones concesivas, estilo verbal y estilo nominal<\/li><li>Oraciones consecutivas , estilo verbal y estilo nominal<\/li><li>Nomen- Verb- Verbindungen<\/li><li>Negacion de adjetivos con prefijo y sufijo<\/li><li>Formas alternativas de la pasiva<\/li><li>Oraciones modales, estilo verbal y estilo nominal<\/li><li>El participio extendido<\/li><li>Oraciones adversativas<\/li><li>Participios como sustantivos<\/li><\/ul><h4><b>\u00bfQue es un nivel alem\u00e1n B2?<\/b><\/h4><blockquote><p>\u00abEn el <strong>\u00a0aleman B2<\/strong> el estudiante es capaz de entender las ideas principales de textos complejos que traten de temas tanto concretos como abstractos, incluso si son de car\u00e1cter t\u00e9cnico siempre que est\u00e9n dentro de su campo de especializaci\u00f3n. Puede relacionarse con hablantes nativos con un grado suficiente de fluidez y naturalidad de modo que la comunicaci\u00f3n se realice sin esfuerzo por parte de ninguno de los interlocutores. Puede producir textos claros y detallados sobre temas diversos as\u00ed como defender un punto de vista sobre temas generales indicando los pros y los contras de las distintas opciones.\u00bb<\/p><\/blockquote><p>Fuente Wikipedia:<\/p><p><a href=\"https:\/\/es.wikipedia.org\/wiki\/Marco_Com%C3%BAn_Europeo_de_Referencia_para_las_lenguas\" target=\"_blank\" rel=\"noopener\">https:\/\/es.wikipedia.org\/wiki\/Marco_Com%C3%BAn_Europeo_de_Referencia_para_las_lenguas<\/a><\/p><p>\u00a0<\/p>\t\t\t\t\t\t\t\t<\/div>\n\t\t\t\t<\/div>\n\t\t\t\t<div class=\"elementor-element elementor-element-69b03766 elementor-widget elementor-widget-heading\" data-id=\"69b03766\" data-element_type=\"widget\" data-e-type=\"widget\" data-widget_type=\"heading.default\">\n\t\t\t\t<div class=\"elementor-widget-container\">\n\t\t\t\t\t<h3 class=\"elementor-heading-title elementor-size-default\">Algunas rese\u00f1as de estudiantes que han aprobado el examen de alem\u00e1n B2<\/h3>\t\t\t\t<\/div>\n\t\t\t\t<\/div>\n\t\t\t\t<div class=\"elementor-element elementor-element-47f5af44 elementor-widget elementor-widget-heading\" data-id=\"47f5af44\" data-element_type=\"widget\" data-e-type=\"widget\" data-widget_type=\"heading.default\">\n\t\t\t\t<div class=\"elementor-widget-container\">\n\t\t\t\t\t<h3 class=\"elementor-heading-title elementor-size-default\">Leidy, Telc Zertifikat B2<\/h3>\t\t\t\t<\/div>\n\t\t\t\t<\/div>\n\t\t\t\t<div class=\"elementor-element elementor-element-73112d79 elementor-widget elementor-widget-text-editor\" data-id=\"73112d79\" data-element_type=\"widget\" data-e-type=\"widget\" data-widget_type=\"text-editor.default\">\n\t\t\t\t<div class=\"elementor-widget-container\">\n\t\t\t\t\t\t\t\t\t<p><img fetchpriority=\"high\" decoding=\"async\" class=\"size-full wp-image-7183 alignleft\" src=\"https:\/\/profesornativodealeman.com\/clases-aleman\/wp-content\/uploads\/2019\/04\/Leidy-Arango-e1653553092985.jpg\" alt=\"Clases de alem\u00e1n online\" width=\"250\" height=\"254\" title=\"\" srcset=\"https:\/\/profesornativodealeman.com\/clases-aleman\/wp-content\/uploads\/2019\/04\/Leidy-Arango-e1653553092985.jpg 250w, https:\/\/profesornativodealeman.com\/clases-aleman\/wp-content\/uploads\/2019\/04\/Leidy-Arango-e1653553092985-150x152.jpg 150w\" sizes=\"(max-width: 250px) 100vw, 250px\" \/><\/p><p><img decoding=\"async\" class=\"size-full wp-image-7270\" src=\"https:\/\/profesornativodealeman.com\/clases-aleman\/wp-content\/uploads\/2019\/05\/Certificado-Telc-B2-Leidy-Arango-e1652680879221.jpg\" alt=\"Clases de alem\u00e1n online\" width=\"300\" height=\"400\" title=\"\"><\/p><p>Leidy Arango (Alemania)<\/p><p>Profesi\u00f3n: Medico<\/p><p>Su comentario sobre las clases de aleman con Tobias:<\/p><p>\u201cSoy m\u00e9dica colombiana, actualmente resido en Alemania.\u00a0 Considero\u00a0 que Tobias es un excelente profesor, de los pocos que en realidad disfrutan hacer su trabajo y se preocupan porque el alumno realmente aprenda. Hab\u00eda tenido que interrumpir mis clases en 2 escuelas debido a mi trabajo por lo cual opt\u00e9 por continuar mi aprendizaje con Tobias. \u00a0Con \u00e9l pude alcanzar el \u00a0nivel de\u00a0alem\u00e1n\u00a0B2 y aprobar el examen Telc B2, me admitieron en el hospital estatal para iniciar mis pr\u00e1cticas y actualmente\u00a0preparamos\u00a0el examen m\u00e9dico para convalidaci\u00f3n de mi titulo en Alemania. No dudo en recomendarlo.\u201d<\/p>\t\t\t\t\t\t\t\t<\/div>\n\t\t\t\t<\/div>\n\t\t\t\t<div class=\"elementor-element elementor-element-76cdaa37 elementor-widget elementor-widget-heading\" data-id=\"76cdaa37\" data-element_type=\"widget\" data-e-type=\"widget\" data-widget_type=\"heading.default\">\n\t\t\t\t<div class=\"elementor-widget-container\">\n\t\t\t\t\t<h3 class=\"elementor-heading-title elementor-size-default\">Maria, Telc Zertifikat B2 <\/h3>\t\t\t\t<\/div>\n\t\t\t\t<\/div>\n\t\t\t\t<div class=\"elementor-element elementor-element-496b08b3 elementor-widget elementor-widget-text-editor\" data-id=\"496b08b3\" data-element_type=\"widget\" data-e-type=\"widget\" data-widget_type=\"text-editor.default\">\n\t\t\t\t<div class=\"elementor-widget-container\">\n\t\t\t\t\t\t\t\t\t<p><img decoding=\"async\" class=\"size-full wp-image-16863 alignleft\" src=\"https:\/\/profesornativodealeman.com\/clases-aleman\/wp-content\/uploads\/2024\/08\/WhatsApp-Image-2024-08-14-at-18.07.36-1-3-e1739436430506.jpeg\" alt=\"Clases de alem\u00e1n online\" width=\"250\" height=\"250\" title=\"\"><\/p><p><img loading=\"lazy\" decoding=\"async\" class=\"size-full wp-image-16856\" src=\"https:\/\/profesornativodealeman.com\/clases-aleman\/wp-content\/uploads\/2024\/08\/telc-Zertifikat-Frau-R.S.M.-1-imagenes-0-2-e1739436443656.jpg\" alt=\"Clases de alem\u00e1n online\" width=\"250\" height=\"354\" title=\"\"><\/p><p>Maria Ribas (Zurich)<\/p><p>Profesion: Fisioterapeuta<\/p><p>Su comentario sobre las clases con Tobias:<\/p><p>\u00abMe mud\u00e9 a Z\u00fcrich, Suiza, hace apenas un a\u00f1o con nociones muy b\u00e1sicas de alem\u00e1n. Mi reto era aprobar el examen B2 para poder homologar mi t\u00edtulo de graduada en Fisioterapia. Despu\u00e9s de hacer alg\u00fan curso intensivo en una academia y probar un par de profesores online, no me sent\u00eda motivada ni acompa\u00f1ada en mi preparaci\u00f3n para el examen. Estaba a punto de tirar la toalla hasta que di con la p\u00e1gina web de Tobias y enseguida me transmiti\u00f3 confianza y profesionalidad. Y no me equivocaba. Des de la primera clase me dio seguridad y motivaci\u00f3n para preparar el examen con un sinf\u00edn de material did\u00e1ctico y un seguimiento constante e individualizado.<\/p><p>Gracias a su carisma, buen humor, cercan\u00eda y sensibilidad, me he sentido en todo momento acompa\u00f1ada en este dif\u00edcil proceso, el de aprender una lengua tan diferente y empezar desde cero en otro pa\u00eds. En solo 7 meses ( 2 clases de 1 hora por semana) no solo aprob\u00e9 con nota el examen del Telc B2, sino que Tob\u00edas tambi\u00e9n me ayud\u00f3 a comunicarme mejor en mi trabajo, ganando confianza en mi misma y acelerando a pasos agigantados mi adaptaci\u00f3n en Z\u00fcrich.<\/p><p>Sin duda recomiendo sus clases al 100%, ya que con su m\u00e9todo de ense\u00f1anza, profesional y riguroso, y su humanidad, no solo te asegura el \u00e9xito acad\u00e9mico, sino que tambi\u00e9n te proporciona un apoyo incondicional en el proceso de aprendizaje. Muchas gracias Tobias!<\/p>\t\t\t\t\t\t\t\t<\/div>\n\t\t\t\t<\/div>\n\t\t\t\t<div class=\"elementor-element elementor-element-52e72929 elementor-widget elementor-widget-heading\" data-id=\"52e72929\" data-element_type=\"widget\" data-e-type=\"widget\" data-widget_type=\"heading.default\">\n\t\t\t\t<div class=\"elementor-widget-container\">\n\t\t\t\t\t<h3 class=\"elementor-heading-title elementor-size-default\">Paola, Zertifikat B2<\/h3>\t\t\t\t<\/div>\n\t\t\t\t<\/div>\n\t\t\t\t<div class=\"elementor-element elementor-element-63282c5f elementor-widget elementor-widget-text-editor\" data-id=\"63282c5f\" data-element_type=\"widget\" data-e-type=\"widget\" data-widget_type=\"text-editor.default\">\n\t\t\t\t<div class=\"elementor-widget-container\">\n\t\t\t\t\t\t\t\t\t<p>\u00a0<\/p><p><img loading=\"lazy\" decoding=\"async\" class=\"wp-image-16613 alignleft\" src=\"https:\/\/profesornativodealeman.com\/clases-aleman\/wp-content\/uploads\/2024\/03\/Paola-Prieto.jpg\" alt=\"Clases de alem\u00e1n online\" width=\"150\" height=\"195\" title=\"\" srcset=\"https:\/\/profesornativodealeman.com\/clases-aleman\/wp-content\/uploads\/2024\/03\/Paola-Prieto.jpg 243w, https:\/\/profesornativodealeman.com\/clases-aleman\/wp-content\/uploads\/2024\/03\/Paola-Prieto-150x195.jpg 150w\" sizes=\"(max-width: 150px) 100vw, 150px\" \/><\/p><p><img loading=\"lazy\" decoding=\"async\" class=\"wp-image-16614 alignleft\" src=\"https:\/\/profesornativodealeman.com\/clases-aleman\/wp-content\/uploads\/2024\/03\/Certificado-Telc-B2.-Paola-Prieto.jpg\" alt=\"Clases de alem\u00e1n online\" width=\"200\" height=\"282\" title=\"\" srcset=\"https:\/\/profesornativodealeman.com\/clases-aleman\/wp-content\/uploads\/2024\/03\/Certificado-Telc-B2.-Paola-Prieto.jpg 450w, https:\/\/profesornativodealeman.com\/clases-aleman\/wp-content\/uploads\/2024\/03\/Certificado-Telc-B2.-Paola-Prieto-150x211.jpg 150w\" sizes=\"(max-width: 200px) 100vw, 200px\" \/><\/p><p>Paola Prieto (Alemania)<\/p><p><span class=\"gmail_default\">Profesion: Profesora<\/span><\/p><p>Su comentario sobre las clases con la profesora Yolanda Alexis:<\/p><p class=\"p1\">\u00abSoy espa\u00f1ola y vivo en Ingolstadt desde hace 5 meses. Cuando conoc\u00ed a Yolanda ten\u00eda un B1 y necesitaba de inmediato un B2 para el trabajo.<\/p><p class=\"p2\">Desde el principio tuvimos inconvenientes para buscar un horario com\u00fan para dar clases y en todo momento ella me facilit\u00f3 diferentes horarios para adaptarse al m\u00edo.<\/p><p class=\"p2\">Las clases fueron en todo momento din\u00e1micas y motivadoras ya que me sirvieron de mucha ayuda de cara al examen.<\/p><p class=\"p2\">Con ella la clase pasa volando y te quedas con ganas de seguir aprendiendo. Adem\u00e1s de ser una excelente profesional, tambi\u00e9n puedo afirmar que es una excelente persona ya que siempre me ha motivado y confiado en m\u00ed.<\/p><p class=\"p2\">Una vez hecho el examen se ha preocupado en todo momento por saber c\u00f3mo me fue y apoyarme. Es una persona que muestra mucha cercan\u00eda y eso lo hace m\u00e1s f\u00e1cil.<\/p><p class=\"p3\">No me cabe ninguna duda de que seguir\u00e9 dando clases con ella de cara a un C1.\u00bb<\/p>\t\t\t\t\t\t\t\t<\/div>\n\t\t\t\t<\/div>\n\t\t\t\t<div class=\"elementor-element elementor-element-d8ee1ee elementor-widget elementor-widget-heading\" data-id=\"d8ee1ee\" data-element_type=\"widget\" data-e-type=\"widget\" data-widget_type=\"heading.default\">\n\t\t\t\t<div class=\"elementor-widget-container\">\n\t\t\t\t\t<h4 class=\"elementor-heading-title elementor-size-default\">\u00bfListo para presentarte al B2? \u00a1Reserva tu clase de prueba gratis!\n<\/h4>\t\t\t\t<\/div>\n\t\t\t\t<\/div>\n\t\t\t\t<div class=\"elementor-element elementor-element-2798ab7 elementor-widget elementor-widget-button\" data-id=\"2798ab7\" data-element_type=\"widget\" data-e-type=\"widget\" data-widget_type=\"button.default\">\n\t\t\t\t<div class=\"elementor-widget-container\">\n\t\t\t\t\t\t\t\t\t<div class=\"elementor-button-wrapper\">\n\t\t\t\t\t<a class=\"elementor-button elementor-button-link elementor-size-sm\" href=\"https:\/\/profesornativodealeman.com\/clases-aleman\/formulario-contacto\/\">\n\t\t\t\t\t\t<span class=\"elementor-button-content-wrapper\">\n\t\t\t\t\t\t\t\t\t<span class=\"elementor-button-text\">\ud83d\udcc5 Reservar clase <\/span>\n\t\t\t\t\t<\/span>\n\t\t\t\t\t<\/a>\n\t\t\t\t<\/div>\n\t\t\t\t\t\t\t\t<\/div>\n\t\t\t\t<\/div>\n\t\t\t\t\t<\/div>\n\t\t\t\t<\/div>\n\t\t<div class=\"elementor-element elementor-element-12d854a2 e-flex e-con-boxed e-con e-parent\" data-id=\"12d854a2\" data-element_type=\"container\" data-e-type=\"container\">\n\t\t\t\t\t<div class=\"e-con-inner\">\n\t\t\t\t\t<\/div>\n\t\t\t\t<\/div>\n\t\t<div class=\"elementor-element elementor-element-5524c89b e-flex e-con-boxed e-con e-parent\" data-id=\"5524c89b\" data-element_type=\"container\" data-e-type=\"container\">\n\t\t\t\t\t<div class=\"e-con-inner\">\n\t\t\t\t\t<\/div>\n\t\t\t\t<\/div>\n\t\t\t\t<\/div>\n\t\t","protected":false},"excerpt":{"rendered":"<p>\u00bfQue temas gramaticales se aprenden en el nivel alem\u00e1n\u00a0B2 ? Hay algunos t\u00e9rminos gramaticales en el B2 alem\u00e1n que asustan, pero estos temas gramaticales no son tan dificiles de aprender si se cuenta con el apoyo adecuado. \u00a0 Nivel alem\u00e1n\u00a0B2.1 Repaso de las conjunciones bimembres Repaso de los pronombres indefinidos La pasiva de estado\/Zustandspassiv El [&hellip;]<\/p>\n","protected":false},"author":4,"featured_media":7426,"comment_status":"open","ping_status":"open","sticky":false,"template":"","format":"standard","meta":{"footnotes":""},"categories":[2624],"tags":[188,3745,3952,3744],"class_list":["post-7423","post","type-post","status-publish","format-standard","has-post-thumbnail","hentry","category-cursos-de-aleman","tag-aleman-b2","tag-aleman-nivel-b2","tag-b2-aleman","tag-nivel-b2-de-aleman"],"_links":{"self":[{"href":"https:\/\/profesornativodealeman.com\/clases-aleman\/wp-json\/wp\/v2\/posts\/7423","targetHints":{"allow":["GET"]}}],"collection":[{"href":"https:\/\/profesornativodealeman.com\/clases-aleman\/wp-json\/wp\/v2\/posts"}],"about":[{"href":"https:\/\/profesornativodealeman.com\/clases-aleman\/wp-json\/wp\/v2\/types\/post"}],"author":[{"embeddable":true,"href":"https:\/\/profesornativodealeman.com\/clases-aleman\/wp-json\/wp\/v2\/users\/4"}],"replies":[{"embeddable":true,"href":"https:\/\/profesornativodealeman.com\/clases-aleman\/wp-json\/wp\/v2\/comments?post=7423"}],"version-history":[{"count":2,"href":"https:\/\/profesornativodealeman.com\/clases-aleman\/wp-json\/wp\/v2\/posts\/7423\/revisions"}],"predecessor-version":[{"id":18973,"href":"https:\/\/profesornativodealeman.com\/clases-aleman\/wp-json\/wp\/v2\/posts\/7423\/revisions\/18973"}],"wp:featuredmedia":[{"embeddable":true,"href":"https:\/\/profesornativodealeman.com\/clases-aleman\/wp-json\/wp\/v2\/media\/7426"}],"wp:attachment":[{"href":"https:\/\/profesornativodealeman.com\/clases-aleman\/wp-json\/wp\/v2\/media?parent=7423"}],"wp:term":[{"taxonomy":"category","embeddable":true,"href":"https:\/\/profesornativodealeman.com\/clases-aleman\/wp-json\/wp\/v2\/categories?post=7423"},{"taxonomy":"post_tag","embeddable":true,"href":"https:\/\/profesornativodealeman.com\/clases-aleman\/wp-json\/wp\/v2\/tags?post=7423"}],"curies":[{"name":"wp","href":"https:\/\/api.w.org\/{rel}","templated":true}]}}