{"id":7886,"date":"2020-08-15T17:43:16","date_gmt":"2020-08-15T17:43:16","guid":{"rendered":"https:\/\/profesornativodealeman.com\/clases-aleman\/?p=7886"},"modified":"2020-08-16T09:29:38","modified_gmt":"2020-08-16T09:29:38","slug":"curso-de-aleman-a1","status":"publish","type":"post","link":"https:\/\/profesornativodealeman.com\/clases-aleman\/curso-de-aleman-a1\/","title":{"rendered":"Curso de alem\u00e1n A1"},"content":{"rendered":"<h1><span style=\"color: #000000;\">Curso de alem\u00e1n nivel A1<\/span><\/h1>\n<p>El <strong>curso de alem\u00e1n A1<\/strong> comienza en Setiembre, m\u00e1ximo 4-6 alumnos por Grupo. El horario de la clase es a las 20:15h horario de Alemania. El d\u00eda de la clase aun queda por definir.<\/p>\n<p>La profesora que va a impartir el <b>curso de alem\u00e1n A1<\/b> es una profesora de alem\u00e1n biling\u00fce , titulada por el gobierno alem\u00e1n.<\/p>\n<p>Aqu\u00ed copio el link de su formulario de contacto para pedir toda la informaci\u00f3n. Debajo del formulario de contacto hay un enlace con la informaci\u00f3n de la profesora:<\/p>\n<p class=\"gform_not_found\">\u00a1Vaya! No hemos podido localizar tu formulario.<\/p>\n<p>&nbsp;<\/p>\n<p><a href=\"https:\/\/profesornativodealeman.com\/clases-aleman\/erica-profesora-de-aleman\/\">https:\/\/profesornativodealeman.com\/clases-aleman\/erica-profesora-de-aleman\/<\/a><\/p>\n","protected":false},"excerpt":{"rendered":"<p>Curso de alem\u00e1n nivel A1 El curso de alem\u00e1n A1 comienza en Setiembre, m\u00e1ximo 4-6 alumnos por Grupo. El horario de la clase es a las 20:15h horario de Alemania. El d\u00eda de la clase aun queda por definir. La profesora que va a impartir el curso de alem\u00e1n A1 es una profesora de alem\u00e1n [&hellip;]<\/p>\n","protected":false},"author":4,"featured_media":7888,"comment_status":"open","ping_status":"open","sticky":false,"template":"","format":"standard","meta":{"footnotes":""},"categories":[2624],"tags":[3731],"class_list":["post-7886","post","type-post","status-publish","format-standard","has-post-thumbnail","hentry","category-cursos-de-aleman","tag-curso-de-aleman-a1"],"_links":{"self":[{"href":"https:\/\/profesornativodealeman.com\/clases-aleman\/wp-json\/wp\/v2\/posts\/7886","targetHints":{"allow":["GET"]}}],"collection":[{"href":"https:\/\/profesornativodealeman.com\/clases-aleman\/wp-json\/wp\/v2\/posts"}],"about":[{"href":"https:\/\/profesornativodealeman.com\/clases-aleman\/wp-json\/wp\/v2\/types\/post"}],"author":[{"embeddable":true,"href":"https:\/\/profesornativodealeman.com\/clases-aleman\/wp-json\/wp\/v2\/users\/4"}],"replies":[{"embeddable":true,"href":"https:\/\/profesornativodealeman.com\/clases-aleman\/wp-json\/wp\/v2\/comments?post=7886"}],"version-history":[{"count":0,"href":"https:\/\/profesornativodealeman.com\/clases-aleman\/wp-json\/wp\/v2\/posts\/7886\/revisions"}],"wp:featuredmedia":[{"embeddable":true,"href":"https:\/\/profesornativodealeman.com\/clases-aleman\/wp-json\/wp\/v2\/media\/7888"}],"wp:attachment":[{"href":"https:\/\/profesornativodealeman.com\/clases-aleman\/wp-json\/wp\/v2\/media?parent=7886"}],"wp:term":[{"taxonomy":"category","embeddable":true,"href":"https:\/\/profesornativodealeman.com\/clases-aleman\/wp-json\/wp\/v2\/categories?post=7886"},{"taxonomy":"post_tag","embeddable":true,"href":"https:\/\/profesornativodealeman.com\/clases-aleman\/wp-json\/wp\/v2\/tags?post=7886"}],"curies":[{"name":"wp","href":"https:\/\/api.w.org\/{rel}","templated":true}]}}