{"id":7943,"date":"2020-09-04T08:51:04","date_gmt":"2020-09-04T08:51:04","guid":{"rendered":"https:\/\/profesornativodealeman.com\/clases-aleman\/?p=7943"},"modified":"2020-09-04T08:51:04","modified_gmt":"2020-09-04T08:51:04","slug":"la-palabra-um","status":"publish","type":"post","link":"https:\/\/profesornativodealeman.com\/clases-aleman\/la-palabra-um\/","title":{"rendered":"Los distintos significados de la palabra \u00abum\u00bb"},"content":{"rendered":"<p>\u00a9 Tobias Woelke 2020<img decoding=\"async\" class=\"size-full wp-image-5528 alignnone\" src=\"https:\/\/profesornativodealeman.com\/clases-aleman\/wp-content\/uploads\/2017\/11\/apple-icon-57x57.png\" alt=\"Clases de alem\u00e1n online\" width=\"57\" height=\"57\" title=\"\"><\/p>\n<p>&nbsp;<\/p>\n<p><strong>La palabra \u201cum\u201d y sus distintos usos en la gram\u00e1tica alemana.<\/strong><\/p>\n<p>Como ya he comentado en varios art\u00edculos, como por ejemplo el articulo sobre\u00a0 la palabra mas dif\u00edcil del alem\u00e1n, las palabras cortas son las mas complicadas por sus diferentes usos en la gram\u00e1tica alemana<\/p>\n<p><strong>El uso de la palabra \u00abum\u00bb como preposici\u00f3n temporal:<\/strong><\/p>\n<p>En un horario concreto:<\/p>\n<p>Um 9 Uhr geht Markus in die Schule.<\/p>\n<p>A las 9h Markus va a la escuela<\/p>\n<p>Andreas ist erst um 23 Uhr nach Hause gekommen<\/p>\n<p>Andreas reci\u00e9n llego a casa a las 23h horas<\/p>\n<p>En una fecha aproximada:<\/p>\n<p>Um 1950 gewann Hans M\u00fcller den Nobelpreis<\/p>\n<p>Aproximadamente en el a\u00f1o 1950 Hans M\u00fcller gano el premio nobel<\/p>\n<p>&nbsp;<\/p>\n<p><strong>Como preposici\u00f3n local:<\/strong><\/p>\n<p>\u201cUm\u201d siempre se usa con acusativo.<\/p>\n<p>Wo ist der Supermarkt? Da um die Ecke<\/p>\n<p>\u00bfD\u00f3nde esta el supermercado? Ah\u00ed, a la vuelta de la esquina<\/p>\n<p>&nbsp;<\/p>\n<p><strong>Como verbo separable:<\/strong><\/p>\n<p>Un ejemplo con el verbo \u201csich umdrehen\u201d -girarse<\/p>\n<p>Michaela h\u00f6rt ein Ger\u00e4usch und dreht sich um<\/p>\n<p>Michaela escucha un ruido y se gira<\/p>\n<p>&nbsp;<\/p>\n<p><strong>Verbos con la preposicion um:<\/strong><\/p>\n<p>Sich k\u00fcmmern um\u00a0\u00a0\u00a0\u00a0\u00a0\u00a0\u00a0\u00a0\u00a0\u00a0\u00a0\u00a0\u00a0\u00a0\u00a0\u00a0\u00a0\u00a0\u00a0\u00a0\u00a0\u00a0\u00a0\u00a0\u00a0\u00a0 hacerse cargo de, preocuparse<\/p>\n<p>Andreas k\u00fcmmert sich um seinen Opa<\/p>\n<p>Andreas se hace cargo de su abuelo<\/p>\n<p>&nbsp;<\/p>\n<p>Para dar un \u00e9nfasis especial, um se usa en combinaci\u00f3n con la palabra \u201cherum\u201d<\/p>\n<p>Die Sch\u00fcler laufen im Kreis herum<\/p>\n<p>Los alumnos dan vueltas en forma de circulo<\/p>\n<p>Aqu\u00ed tienes un enlace con mas explicaciones de gramatica:<\/p>\n<blockquote class=\"wp-embedded-content\" data-secret=\"2j8MWEttEa\"><p><a href=\"https:\/\/profesornativodealeman.com\/clases-aleman\/los-distintos-usos-de-la-palabra-als-en-el-idioma-aleman\/\">Los distintos usos de la palabra \u00abals\u00bb en el idioma  aleman<\/a><\/p><\/blockquote>\n<p><iframe class=\"wp-embedded-content\" sandbox=\"allow-scripts\" security=\"restricted\" style=\"position: absolute; clip: rect(1px, 1px, 1px, 1px);\" title=\"\u00abLos distintos usos de la palabra \u00abals\u00bb en el idioma  aleman\u00bb \u2014 Profesor de alem\u00e1n online acreditado. Nativo y Coach de alem\u00e1n.\" src=\"https:\/\/profesornativodealeman.com\/clases-aleman\/los-distintos-usos-de-la-palabra-als-en-el-idioma-aleman\/embed\/#?secret=ZGpTRNjC3j#?secret=2j8MWEttEa\" data-secret=\"2j8MWEttEa\" width=\"600\" height=\"338\" frameborder=\"0\" marginwidth=\"0\" marginheight=\"0\" scrolling=\"no\"><\/iframe><\/p>\n","protected":false},"excerpt":{"rendered":"<p>\u00a9 Tobias Woelke 2020 &nbsp; La palabra \u201cum\u201d y sus distintos usos en la gram\u00e1tica alemana. Como ya he comentado en varios art\u00edculos, como por ejemplo el articulo sobre\u00a0 la palabra mas dif\u00edcil del alem\u00e1n, las palabras cortas son las mas complicadas por sus diferentes usos en la gram\u00e1tica alemana El uso de la palabra [&hellip;]<\/p>\n","protected":false},"author":4,"featured_media":7945,"comment_status":"open","ping_status":"open","sticky":false,"template":"","format":"standard","meta":{"footnotes":""},"categories":[13],"tags":[3781],"class_list":["post-7943","post","type-post","status-publish","format-standard","has-post-thumbnail","hentry","category-gramatica-alemana","tag-la-palabra-um"],"_links":{"self":[{"href":"https:\/\/profesornativodealeman.com\/clases-aleman\/wp-json\/wp\/v2\/posts\/7943","targetHints":{"allow":["GET"]}}],"collection":[{"href":"https:\/\/profesornativodealeman.com\/clases-aleman\/wp-json\/wp\/v2\/posts"}],"about":[{"href":"https:\/\/profesornativodealeman.com\/clases-aleman\/wp-json\/wp\/v2\/types\/post"}],"author":[{"embeddable":true,"href":"https:\/\/profesornativodealeman.com\/clases-aleman\/wp-json\/wp\/v2\/users\/4"}],"replies":[{"embeddable":true,"href":"https:\/\/profesornativodealeman.com\/clases-aleman\/wp-json\/wp\/v2\/comments?post=7943"}],"version-history":[{"count":0,"href":"https:\/\/profesornativodealeman.com\/clases-aleman\/wp-json\/wp\/v2\/posts\/7943\/revisions"}],"wp:featuredmedia":[{"embeddable":true,"href":"https:\/\/profesornativodealeman.com\/clases-aleman\/wp-json\/wp\/v2\/media\/7945"}],"wp:attachment":[{"href":"https:\/\/profesornativodealeman.com\/clases-aleman\/wp-json\/wp\/v2\/media?parent=7943"}],"wp:term":[{"taxonomy":"category","embeddable":true,"href":"https:\/\/profesornativodealeman.com\/clases-aleman\/wp-json\/wp\/v2\/categories?post=7943"},{"taxonomy":"post_tag","embeddable":true,"href":"https:\/\/profesornativodealeman.com\/clases-aleman\/wp-json\/wp\/v2\/tags?post=7943"}],"curies":[{"name":"wp","href":"https:\/\/api.w.org\/{rel}","templated":true}]}}