{"id":8542,"date":"2020-11-21T05:26:28","date_gmt":"2020-11-21T05:26:28","guid":{"rendered":"https:\/\/profesornativodealeman.com\/clases-aleman\/?p=8542"},"modified":"2020-11-21T05:26:28","modified_gmt":"2020-11-21T05:26:28","slug":"pronombre-es-con-verbos-y-adjetivos","status":"publish","type":"post","link":"https:\/\/profesornativodealeman.com\/clases-aleman\/pronombre-es-con-verbos-y-adjetivos\/","title":{"rendered":"El uso del pronombre \u00abes\u00bb con verbos y adjetivos."},"content":{"rendered":"<p>\u00a9 Tobias Woelke 2020<img decoding=\"async\" class=\"size-full wp-image-8351 alignnone\" src=\"https:\/\/profesornativodealeman.com\/clases-aleman\/wp-content\/uploads\/2020\/10\/android-icon-48x48-1.png\" alt=\"Clases de alem\u00e1n online\" width=\"48\" height=\"48\" title=\"\"><\/p>\n<p>El pronombre \u00abes\u00bb muchas veces es usado como llamado \u201csujeto comodin\u201d. Salvo algunas excepciones de frases hechas, en el idioma alem\u00e1n normalmente todas las oraciones llevan un sujeto.<\/p>\n<p>El pronombre es se usa cuando hablamos sobre el tiempo:<\/p>\n<p>Es ist kalt<\/p>\n<p>Hace frio<\/p>\n<p>Es ist windig<\/p>\n<p>Es vientoso<\/p>\n<p>Es regnet<\/p>\n<p>Llueve<\/p>\n<p>Es schneit<\/p>\n<p>Esta nevando<\/p>\n<p>Este pronombre tiene mas funciones , pero las vamos a ver\u00a0 mas adelante<\/p>\n<p>En este link puedes leer mas sobre gram\u00e1tica del nivel b\u00e1sico de alem\u00e1n:<\/p>\n<p>https:\/\/profesornativodealeman.com\/clases-aleman\/los-verbos-separables-aleman\/<\/p>\n","protected":false},"excerpt":{"rendered":"<p>\u00a9 Tobias Woelke 2020 El pronombre \u00abes\u00bb muchas veces es usado como llamado \u201csujeto comodin\u201d. Salvo algunas excepciones de frases hechas, en el idioma alem\u00e1n normalmente todas las oraciones llevan un sujeto. El pronombre es se usa cuando hablamos sobre el tiempo: Es ist kalt Hace frio Es ist windig Es vientoso Es regnet Llueve [&hellip;]<\/p>\n","protected":false},"author":4,"featured_media":8543,"comment_status":"open","ping_status":"open","sticky":false,"template":"","format":"standard","meta":{"footnotes":""},"categories":[13],"tags":[],"class_list":["post-8542","post","type-post","status-publish","format-standard","has-post-thumbnail","hentry","category-gramatica-alemana"],"_links":{"self":[{"href":"https:\/\/profesornativodealeman.com\/clases-aleman\/wp-json\/wp\/v2\/posts\/8542","targetHints":{"allow":["GET"]}}],"collection":[{"href":"https:\/\/profesornativodealeman.com\/clases-aleman\/wp-json\/wp\/v2\/posts"}],"about":[{"href":"https:\/\/profesornativodealeman.com\/clases-aleman\/wp-json\/wp\/v2\/types\/post"}],"author":[{"embeddable":true,"href":"https:\/\/profesornativodealeman.com\/clases-aleman\/wp-json\/wp\/v2\/users\/4"}],"replies":[{"embeddable":true,"href":"https:\/\/profesornativodealeman.com\/clases-aleman\/wp-json\/wp\/v2\/comments?post=8542"}],"version-history":[{"count":0,"href":"https:\/\/profesornativodealeman.com\/clases-aleman\/wp-json\/wp\/v2\/posts\/8542\/revisions"}],"wp:featuredmedia":[{"embeddable":true,"href":"https:\/\/profesornativodealeman.com\/clases-aleman\/wp-json\/wp\/v2\/media\/8543"}],"wp:attachment":[{"href":"https:\/\/profesornativodealeman.com\/clases-aleman\/wp-json\/wp\/v2\/media?parent=8542"}],"wp:term":[{"taxonomy":"category","embeddable":true,"href":"https:\/\/profesornativodealeman.com\/clases-aleman\/wp-json\/wp\/v2\/categories?post=8542"},{"taxonomy":"post_tag","embeddable":true,"href":"https:\/\/profesornativodealeman.com\/clases-aleman\/wp-json\/wp\/v2\/tags?post=8542"}],"curies":[{"name":"wp","href":"https:\/\/api.w.org\/{rel}","templated":true}]}}