{"id":8670,"date":"2023-09-07T17:08:17","date_gmt":"2023-09-07T15:08:17","guid":{"rendered":"https:\/\/profesornativodealeman.com\/clases-aleman\/?p=8670"},"modified":"2023-09-02T07:44:19","modified_gmt":"2023-09-02T05:44:19","slug":"curso-de-aleman-para-ninos","status":"publish","type":"post","link":"https:\/\/profesornativodealeman.com\/clases-aleman\/curso-de-aleman-para-ninos\/","title":{"rendered":"Curso de alem\u00e1n para ni\u00f1os."},"content":{"rendered":"<div id=\"ez-toc-container\" class=\"ez-toc-v2_0_82_2 counter-flat ez-toc-counter ez-toc-custom ez-toc-container-direction\">\n<div class=\"ez-toc-title-container\">\n<p class=\"ez-toc-title\" style=\"cursor:inherit\">Tabla de contenidos. Haciendo clic llega a la informaci\u00f3n.<\/p>\n<span class=\"ez-toc-title-toggle\"><a href=\"#\" class=\"ez-toc-pull-right ez-toc-btn ez-toc-btn-xs ez-toc-btn-default ez-toc-toggle\" aria-label=\"Alternar tabla de contenidos\"><span class=\"ez-toc-js-icon-con\"><span class=\"\"><span class=\"eztoc-hide\" style=\"display:none;\">Toggle<\/span><span class=\"ez-toc-icon-toggle-span\"><svg style=\"fill: #1e73be;color:#1e73be\" xmlns=\"http:\/\/www.w3.org\/2000\/svg\" class=\"list-377408\" width=\"20px\" height=\"20px\" viewBox=\"0 0 24 24\" fill=\"none\"><path d=\"M6 6H4v2h2V6zm14 0H8v2h12V6zM4 11h2v2H4v-2zm16 0H8v2h12v-2zM4 16h2v2H4v-2zm16 0H8v2h12v-2z\" fill=\"currentColor\"><\/path><\/svg><svg style=\"fill: #1e73be;color:#1e73be\" class=\"arrow-unsorted-368013\" xmlns=\"http:\/\/www.w3.org\/2000\/svg\" width=\"10px\" height=\"10px\" viewBox=\"0 0 24 24\" version=\"1.2\" baseProfile=\"tiny\"><path d=\"M18.2 9.3l-6.2-6.3-6.2 6.3c-.2.2-.3.4-.3.7s.1.5.3.7c.2.2.4.3.7.3h11c.3 0 .5-.1.7-.3.2-.2.3-.5.3-.7s-.1-.5-.3-.7zM5.8 14.7l6.2 6.3 6.2-6.3c.2-.2.3-.5.3-.7s-.1-.5-.3-.7c-.2-.2-.4-.3-.7-.3h-11c-.3 0-.5.1-.7.3-.2.2-.3.5-.3.7s.1.5.3.7z\"\/><\/svg><\/span><\/span><\/span><\/a><\/span><\/div>\n<nav><ul class='ez-toc-list ez-toc-list-level-1 ' ><li class='ez-toc-page-1'><a class=\"ez-toc-link ez-toc-heading-1\" href=\"https:\/\/profesornativodealeman.com\/clases-aleman\/curso-de-aleman-para-ninos\/#Curso_de_aleman_para_ninos\" >Curso de alem\u00e1n para ni\u00f1os<\/a><\/li><li class='ez-toc-page-1'><a class=\"ez-toc-link ez-toc-heading-2\" href=\"https:\/\/profesornativodealeman.com\/clases-aleman\/curso-de-aleman-para-ninos\/#Testimonios_sobre_el_curso_de_aleman_para_ninos\" >Testimonios sobre el curso de alem\u00e1n para ni\u00f1os<\/a><\/li><li class='ez-toc-page-1'><a class=\"ez-toc-link ez-toc-heading-3\" href=\"https:\/\/profesornativodealeman.com\/clases-aleman\/curso-de-aleman-para-ninos\/#%C2%BFQue_nos_diferencia_de_otros_profesoresacademias\" >\u00bfQu\u00e9 nos diferencia de otros profesores\/academias?<\/a><\/li><li class='ez-toc-page-1'><a class=\"ez-toc-link ez-toc-heading-4\" href=\"https:\/\/profesornativodealeman.com\/clases-aleman\/curso-de-aleman-para-ninos\/#Contacto_e_informacion\" >Contacto e informaci\u00f3n<\/a><\/li><\/ul><\/nav><\/div>\n<h2><span class=\"ez-toc-section\" id=\"Curso_de_aleman_para_ninos\"><\/span><b>Curso de alem\u00e1n para ni\u00f1os<\/b><span class=\"ez-toc-section-end\"><\/span><\/h2>\n<p>A continuaci\u00f3n se copia el link de un v\u00eddeo en el que una familia habla sobre el curso de alem\u00e1n para ni\u00f1os con el profesor Tobias Woelke. La publicaci\u00f3n del v\u00eddeo esta totalmente autorizada.<\/p>\n<p><iframe title=\"Video de mis alumnos Clara y Miguel.Clases de aleman para ni\u00f1os\" width=\"800\" height=\"450\" src=\"https:\/\/www.youtube.com\/embed\/VkQuhzd1bZ8?start=13&#038;feature=oembed\" frameborder=\"0\" allow=\"accelerometer; autoplay; clipboard-write; encrypted-media; gyroscope; picture-in-picture; web-share\" allowfullscreen><\/iframe><\/p>\n<h3><span class=\"ez-toc-section\" id=\"Testimonios_sobre_el_curso_de_aleman_para_ninos\"><\/span><span style=\"color: #000000;\"><b style=\"color: #000000;\">Testimonios sobre el curso de <\/b><span style=\"color: #000000;\"><b>alem\u00e1n<\/b><\/span><b style=\"color: #000000;\"> para ni\u00f1os<\/b><\/span><span class=\"ez-toc-section-end\"><\/span><\/h3>\n<p class=\"et_pb_toggle_title\">Natalia B\u00f3dalo y Francisco Pinheiro (Madrid)<\/p>\n<div class=\"et_pb_toggle_content clearfix\">Profesion: Responsable asesor\u00eda jur\u00eddica sector energ\u00e9tico y Director de innovaci\u00f3n TIC<\/div>\n<div><\/div>\n<div class=\"et_pb_toggle_content clearfix\"><img decoding=\"async\" class=\"alignright wp-image-3717 size-thumbnail lazy loaded\" title=\"Opiniones de los Alumnos 31\" src=\"https:\/\/profesornativodealeman.com\/clases-aleman\/wp-content\/uploads\/2015\/04\/natalia-bodalo-y-francisco-pinheiro-150x150.jpg\" sizes=\"(max-width: 150px) 100vw, 150px\" srcset=\"https:\/\/profesornativodealeman.com\/clases-aleman\/wp-content\/uploads\/2015\/04\/natalia-bodalo-y-francisco-pinheiro-150x150.jpg 150w, https:\/\/profesornativodealeman.com\/clases-aleman\/wp-content\/uploads\/2015\/04\/natalia-bodalo-y-francisco-pinheiro-225x225.jpg 225w, https:\/\/profesornativodealeman.com\/clases-aleman\/wp-content\/uploads\/2015\/04\/natalia-bodalo-y-francisco-pinheiro-200x200.jpg 200w\" alt=\"natalia bodalo y francisco pinheiro\" width=\"150\" height=\"150\" data-src=\"https:\/\/profesornativodealeman.com\/clases-aleman\/wp-content\/uploads\/2015\/04\/natalia-bodalo-y-francisco-pinheiro-150x150.jpg\" data-sizes=\"(max-width: 150px) 100vw, 150px\" data-srcset=\"https:\/\/profesornativodealeman.com\/clases-aleman\/wp-content\/uploads\/2015\/04\/natalia-bodalo-y-francisco-pinheiro-150x150.jpg 150w, https:\/\/profesornativodealeman.com\/clases-aleman\/wp-content\/uploads\/2015\/04\/natalia-bodalo-y-francisco-pinheiro-225x225.jpg 225w, https:\/\/profesornativodealeman.com\/clases-aleman\/wp-content\/uploads\/2015\/04\/natalia-bodalo-y-francisco-pinheiro-200x200.jpg 200w\" data-was-processed=\"true\" \/><\/div>\n<div class=\"et_pb_toggle_content clearfix\">Su comentario sobre las clases de alem\u00e1n para ni\u00f1os con Tobias Woelke:<\/div>\n<div><\/div>\n<div class=\"et_pb_toggle_content clearfix\">\u201cNuestro hijo Iv\u00e1n (15 a\u00f1os) empez\u00f3 las clases con Tobias hace dos a\u00f1os. Anteriormente hab\u00eda estado dos a\u00f1os con\u00a0clases particulares\u00a0y tres con clases en el colegio, pero no consegu\u00eda mantener una conversaci\u00f3n en alem\u00e1n. Con Tob\u00edas notamos una r\u00e1pida y considerable mejor\u00eda en la conversaci\u00f3n y en el vocabulario. Iv\u00e1n est\u00e1 muy contento y motivado con las clases y asegura que se le pasan volando. Las clases son muy variadas y Tobias le facilita abundante e interesante material audiovisual. Lo m\u00e1s destacado: su vocaci\u00f3n, paciencia, profesionalidad y capacidad de motivaci\u00f3n.<\/div>\n<p>&nbsp;<\/p>\n<p>Bel\u00e9n Palazuelos Bl\u00e1zquez (Madrid)<\/p>\n<p><strong><img decoding=\"async\" class=\"size-full wp-image-9001 alignright lazy loaded\" title=\"Co-examinadora del instituto Goethe. Poliglota, 7 Idiomas. 1 https:\/\/profesornativodealeman.com\/clases-aleman\/wp-content\/uploads\/2021\/02\/Aurea-1-e1658074887991.jpg\" src=\"https:\/\/profesornativodealeman.com\/clases-aleman\/wp-content\/uploads\/2021\/01\/image-1.jpg\" alt=\"image 1\" width=\"150\" height=\"188\" data-src=\"https:\/\/profesornativodealeman.com\/clases-aleman\/wp-content\/uploads\/2021\/01\/image-1.jpg\" data-was-processed=\"true\" \/><\/strong><\/p>\n<p>\u00bfpor qu\u00e9 recomendar\u00edas a \u00c1urea como profesor para el curso de de alem\u00e1n para ni\u00f1os ?<\/p>\n<ul>\n<li>\u00c1urea da clases online a mi hija de 11 a\u00f1os, est\u00e1 progresando mucho, le gusta, est\u00e1 muy motivada y aprende en cada una de ellas de una manera muy did\u00e1ctica y organizada.<\/li>\n<\/ul>\n<p>\u00bf que te ha gustado en su m\u00e9todo?<\/p>\n<ul>\n<li>Mucho, se nota su profesionalidad por la manera de estructurar la clase, las tareas propuestas y su forma de ense\u00f1ar. La recomido 100%.<\/li>\n<\/ul>\n<p>&nbsp;<\/p>\n<p class=\"et_pb_toggle_title\">Maximiliano Rodriguez In\u00e9s (Madrid)<\/p>\n<div class=\"et_pb_toggle_content clearfix\">\n<p>Profesion: Jefe de Departamento FCC\u00a0<img decoding=\"async\" class=\"alignright wp-image-3716 size-thumbnail lazy loaded\" title=\"Opiniones de los Alumnos 32\" src=\"https:\/\/profesornativodealeman.com\/clases-aleman\/wp-content\/uploads\/2015\/04\/maximiliano-rodriguez-ines-150x150.jpg\" sizes=\"(max-width: 150px) 100vw, 150px\" srcset=\"https:\/\/profesornativodealeman.com\/clases-aleman\/wp-content\/uploads\/2015\/04\/maximiliano-rodriguez-ines-150x150.jpg 150w, https:\/\/profesornativodealeman.com\/clases-aleman\/wp-content\/uploads\/2015\/04\/maximiliano-rodriguez-ines-225x225.jpg 225w, https:\/\/profesornativodealeman.com\/clases-aleman\/wp-content\/uploads\/2015\/04\/maximiliano-rodriguez-ines-200x200.jpg 200w, https:\/\/profesornativodealeman.com\/clases-aleman\/wp-content\/uploads\/2015\/04\/maximiliano-rodriguez-ines-300x300.jpg 300w\" alt=\"maximiliano rodriguez ines\" width=\"150\" height=\"150\" data-src=\"https:\/\/profesornativodealeman.com\/clases-aleman\/wp-content\/uploads\/2015\/04\/maximiliano-rodriguez-ines-150x150.jpg\" data-sizes=\"(max-width: 150px) 100vw, 150px\" data-srcset=\"https:\/\/profesornativodealeman.com\/clases-aleman\/wp-content\/uploads\/2015\/04\/maximiliano-rodriguez-ines-150x150.jpg 150w, https:\/\/profesornativodealeman.com\/clases-aleman\/wp-content\/uploads\/2015\/04\/maximiliano-rodriguez-ines-225x225.jpg 225w, https:\/\/profesornativodealeman.com\/clases-aleman\/wp-content\/uploads\/2015\/04\/maximiliano-rodriguez-ines-200x200.jpg 200w, https:\/\/profesornativodealeman.com\/clases-aleman\/wp-content\/uploads\/2015\/04\/maximiliano-rodriguez-ines-300x300.jpg 300w\" data-was-processed=\"true\" \/><\/p>\n<p>Su comentario sobre el curso de aleman para ni\u00f1os con Tobias Woelke:<\/p>\n<p>\u201cLa experiencia de mi hijo Maxi de 13 a\u00f1os con el aprendizaje de Alem\u00e1n ha sido magn\u00edfica y, en ello ha intervenido de forma decisiva Tob\u00edas. Su forma de impartir las clases de una forma pedag\u00f3gica y distendida, adaptando en cada momento los contenidos y los temas de conversaci\u00f3n a cada alumno, hace que \u00e9ste sienta la necesidad de profundizar de una manera espont\u00e1nea en aspectos sociales y culturales t\u00edpicamente alemanes. Adem\u00e1s mediante la realizaci\u00f3n de ejercicios y di\u00e1logos enfocados a la estimulaci\u00f3n de las habilidades de escribir, escuchar y hablar, el alumno gana en confianza y es capaz de derribar sin esfuerzo esa barrera que algunas veces aparece al empezar a hablar un nuevo idioma\u201d.<\/p>\n<\/div>\n<p>Pilar Martin (Madrid)<img loading=\"lazy\" decoding=\"async\" class=\"alignright wp-image-8175 lazy loaded\" title=\"Profesora de alem\u00e1n cuatriling\u00fce, altamente cualificada. 1\" src=\"https:\/\/profesornativodealeman.com\/clases-aleman\/wp-content\/uploads\/2020\/07\/Foto-Pilar.jpg\" alt=\"Foto Pilar\" width=\"100\" height=\"133\" data-src=\"https:\/\/profesornativodealeman.com\/clases-aleman\/wp-content\/uploads\/2020\/07\/Foto-Pilar.jpg\" data-was-processed=\"true\" \/><\/p>\n<p>Profesion: Responsable financiera en una ONGD<\/p>\n<p>\u00abYolanda ha ayudado a mi hijo Bruno (17 a\u00f1os) a prepararse para el examen del certificado del nivel B2 del Goethe Institute y, adem\u00e1s de prepararle muy bien, le ha ayudado a ganar mucha confianza. Aunque las clases iban enfocadas al examen y han sido muy intensivas (3 d\u00edas a la semana), le han gustado mucho, sobre todo porque Yolanda las ten\u00eda muy bien preparadas y le facilitaba mucho material, estas clases le han animado mucho a seguir avanzando con el idioma, encontr\u00e1ndole m\u00e1s gusto que hasta ahora con otros profesores. El trato con Yolanda ha sido perfecto, con una comunicaci\u00f3n muy fluida, me ha tenido en todo momento informada de los avances de las clases. Sin duda, recomendamos a Yolanda, es una profesora de alem\u00e1n\u00a0excelente\u00bb<\/p>\n<p class=\"et_pb_toggle_title\">Ignacio Camarero Tabera (Madrid)<\/p>\n<div class=\"et_pb_toggle_content clearfix\">\n<p>Profesion:Ingeniero Inform\u00e1tico\u00a0\u00a0\u00a0<img loading=\"lazy\" decoding=\"async\" class=\"alignright size-thumbnail wp-image-4165 lazy loaded\" title=\"Opiniones de los Alumnos 30\" src=\"https:\/\/profesornativodealeman.com\/clases-aleman\/wp-content\/uploads\/2015\/04\/ignacio-camarero-tabera-150x150.jpg\" sizes=\"(max-width: 150px) 100vw, 150px\" srcset=\"https:\/\/profesornativodealeman.com\/clases-aleman\/wp-content\/uploads\/2015\/04\/ignacio-camarero-tabera-150x150.jpg 150w, https:\/\/profesornativodealeman.com\/clases-aleman\/wp-content\/uploads\/2015\/04\/ignacio-camarero-tabera-200x200.jpg 200w\" alt=\"ignacio-camarero-tabera\" width=\"150\" height=\"150\" data-src=\"https:\/\/profesornativodealeman.com\/clases-aleman\/wp-content\/uploads\/2015\/04\/ignacio-camarero-tabera-150x150.jpg\" data-sizes=\"(max-width: 150px) 100vw, 150px\" data-srcset=\"https:\/\/profesornativodealeman.com\/clases-aleman\/wp-content\/uploads\/2015\/04\/ignacio-camarero-tabera-150x150.jpg 150w, https:\/\/profesornativodealeman.com\/clases-aleman\/wp-content\/uploads\/2015\/04\/ignacio-camarero-tabera-200x200.jpg 200w\" data-was-processed=\"true\" \/><\/p>\n<p>Su comentario sobre las clases de aleman con Tobias Woelke:<\/p>\n<p>\u201cTobias es un gran profesor, que se preocupa por llegar al alumno, personaliza las clases en funci\u00f3n del car\u00e1cter del alumno. Nuestro hijo \u00c1lvaro (13 a\u00f1os) da aleman en el colegio, pero no notabamos que avanzase y desde que tiene clases con Tobias la actitud hacia el aleman es distinta lo que facilita el progreso en el aprendizaje del alem\u00e1n.<\/p>\n<p>Las clases de \u00c1lvaro son por Zoom, pero eso no impide que se note la implicaci\u00f3n y cercania del profesor durante la clase y que resulten amenas.<\/p>\n<p>La verdad es que todo lo que podamos comentar sobre el no refleja lo profesional que es.<\/p>\n<p>Lo m\u00e1s destacado: persona que disfruta ense\u00f1ando su idioma, puntual, simp\u00e1tico, implicado 100% en el trabajo, profesional\u2026\u201d<\/p>\n<p>&nbsp;<\/p>\n<\/div>\n<p class=\"et_pb_toggle_title\">Pilar Roldan Laguarta (Fuenlabrada)<\/p>\n<div class=\"et_pb_toggle_content clearfix\">Profesi\u00f3n: \u00a0Fisioterapeuta\u00a0<img loading=\"lazy\" decoding=\"async\" class=\"alignright wp-image-54 lazy loaded\" title=\"Opiniones de los Alumnos 33\" src=\"https:\/\/profesornativodealeman.com\/clases-aleman\/wp-content\/uploads\/2015\/04\/0Pilar-Rolda%CC%81n-150x150.png\" sizes=\"(max-width: 150px) 100vw, 150px\" srcset=\"https:\/\/profesornativodealeman.com\/clases-aleman\/wp-content\/uploads\/2015\/04\/0Pilar-Rolda\u0301n-150x150.png 150w, https:\/\/profesornativodealeman.com\/clases-aleman\/wp-content\/uploads\/2015\/04\/0Pilar-Rolda\u0301n-300x300.png 300w, https:\/\/profesornativodealeman.com\/clases-aleman\/wp-content\/uploads\/2015\/04\/0Pilar-Rolda\u0301n-1024x1024.png 1024w\" alt=\"0,Pilar Rolda\u0301n\" width=\"150\" height=\"150\" data-src=\"https:\/\/profesornativodealeman.com\/clases-aleman\/wp-content\/uploads\/2015\/04\/0Pilar-Rolda\u0301n-150x150.png\" data-sizes=\"(max-width: 150px) 100vw, 150px\" data-srcset=\"https:\/\/profesornativodealeman.com\/clases-aleman\/wp-content\/uploads\/2015\/04\/0Pilar-Rolda\u0301n-150x150.png 150w, https:\/\/profesornativodealeman.com\/clases-aleman\/wp-content\/uploads\/2015\/04\/0Pilar-Rolda\u0301n-300x300.png 300w, https:\/\/profesornativodealeman.com\/clases-aleman\/wp-content\/uploads\/2015\/04\/0Pilar-Rolda\u0301n-1024x1024.png 1024w\" data-was-processed=\"true\" \/><\/div>\n<div class=\"et_pb_toggle_content clearfix\">Su comentario sobre las clases de alem\u00e1n con Tobias Woelke:<\/div>\n<div><\/div>\n<div class=\"et_pb_toggle_content clearfix\">\u201cTob\u00edas es un profesor estupendo que se preocupa constantemente de mejorar su forma de ense\u00f1ar y que nos ha demostrado una especial habilidad para motivar y ense\u00f1ar a los ni\u00f1os. Ellos tienen 10 y 12 a\u00f1os y empezaban casi desde cero, ya que tuvieron clases con otro profesor durante 4 meses, pero estaban desmotivados y no aprend\u00edan mucho. Despu\u00e9s de s\u00f3lo 6 clases, \u00a1est\u00e1n muy contentos e incluso mantienen peque\u00f1as conversaciones en alem\u00e1n! Estamos encantados y los ni\u00f1os tambi\u00e9n. Lo m\u00e1s destacado: Estupendo profesor que ha demostrado una habilidad especial para ense\u00f1ar y motivar a mis hijos.<\/div>\n<h3><\/h3>\n<h3><span class=\"ez-toc-section\" id=\"%C2%BFQue_nos_diferencia_de_otros_profesoresacademias\"><\/span><strong>\u00bfQu\u00e9 nos diferencia de otros profesores\/academias?<\/strong><span class=\"ez-toc-section-end\"><\/span><\/h3>\n<blockquote><p>En profesornativodealeman.com solo cooperamos con profesores 5<strong>\u2b50<\/strong><strong>\u200a<\/strong><strong>\u2b50<\/strong><strong>\u200a<\/strong><strong>\u2b50<\/strong><strong>\u200a<\/strong><strong>\u2b50<\/strong><strong>\u200a<\/strong><strong>\u2b50<\/strong>, con los mejores. Invertimos muchas horas en buscar a profesores que se adaptan a nuestras exigencias, queremos a los mejores en el equipo y ofrecer<br \/>\nuna ense\u00f1anza de m\u00e1xima calidad. Somos un equipo, una mezcla de \u201cprofesores veteranos\u201d y j\u00f3venes talentos, que a pesar de su juventud, cuentan con muchos a\u00f1os de experiencia.<\/p><\/blockquote>\n<p>&nbsp;<\/p>\n<blockquote><p>Una vez elegido a un profesor@, le entrevistamos personalmente. Exigimos una serie de requisitos que tienen<br \/>\nque cumplir los profesores y no se pueden dar de alta por si solos en la pagina web, como es habitual en tantas<br \/>\notras paginas-plataformas. El administrador de la web los da de alta y publica sus perfiles.<\/p><\/blockquote>\n<p>&nbsp;<\/p>\n<blockquote><p>Verificamos \ud83d\udd0d\u00a0 todas las referencias de los alumnos que se publican en nuestra pagina web. Los alumnos nos autorizan por escrito\ud83d\udd8b\ufe0f \ud83d\udcc4 publicar las rese\u00f1as con foto y nombre completo. En muchas paginas de la ense\u00f1anza de idiomas, no verifican las referencias de los \u201csupuestos alumnos\u201d\ud83e\udd25<\/p><\/blockquote>\n<p>&nbsp;<\/p>\n<blockquote><p>Muchos de los profesores de alem\u00e1n que se anuncian en Internet no son profesionales de la ense\u00f1anza. Nos contactan cada semana personas que han tenido malas experiencias<strong>\ud83d\ude30<\/strong>. En varias plataformas no comprueban los datos de las personas que ofrecen clases.<\/p><\/blockquote>\n<p>&nbsp;<\/p>\n<blockquote><p>Nuestra pagina web es una de las mejor posicionadas<strong>\ud83d\udcc8<\/strong> en los buscadores como Google, Bing etc , con cientos de t\u00e9rminos de b\u00fasqueda relacionadas, con el aprendizaje del idioma alem\u00e1n.<\/p><\/blockquote>\n<p>&nbsp;<\/p>\n<blockquote><p>Nuestros profesores tienen muchos a\u00f1os de experiencia en la ense\u00f1anza<span style=\"color: #000000;\">\u00a0<\/span><a href=\"https:\/\/profesornativodealeman.com\/clases-aleman\/historias-de-exito-aprendizaje-del-aleman\/\"><span style=\"color: #000000;\">con muy buenos resultados<\/span><\/a><strong>\ud83c\udfc6<\/strong>\u00a0 , hasta hemos \u201creparado da\u00f1os\u201d que han causado otros profesores-academias con su mala ense\u00f1anza.<\/p><\/blockquote>\n<p>&nbsp;<\/p>\n<blockquote><p>Tienen mucha empat\u00eda<strong>\ud83e\udd17<\/strong> y paciencia. \u00bfQuien querr\u00e1<br \/>\naprender alem\u00e1n con profesores antip\u00e1ticos?<\/p><\/blockquote>\n<p>&nbsp;<\/p>\n<blockquote><p>Cada profesor trabaja con su propio m\u00e9todo y con horarios flexibles. No obligamos a nadie a trabajar con X<br \/>\nmetodolog\u00eda o X horas.<br \/>\n\u00bfPor qu\u00e9 es tan importante este punto? Los profesores trabajan a gusto, un profesor que trabaja a gusto, est\u00e1<br \/>\nmotivado y puede ense\u00f1ar bien.<\/p><\/blockquote>\n<p>Por ultimo un detalle curioso. La famosa \u00ab<a href=\"https:\/\/es.wikipedia.org\/wiki\/Schult%C3%BCte\" target=\"_blank\" rel=\"noopener\"><strong><span style=\"color: #0000ff;\">Schult\u00fcte\u00bb (cucurucho escolar<\/span><\/strong>)<\/a>\u00a0, un regalo que reciben los ni\u00f1os en su 1\u00ba dia de clase.<\/p>\n<p>Para mas informacion sobre el curso de aleman para ni\u00f1os , nos puede escribir a traves del formulario de contacto.<\/p>\n<script>\nvar gform;gform||(document.addEventListener(\"gform_main_scripts_loaded\",function(){gform.scriptsLoaded=!0}),document.addEventListener(\"gform\/theme\/scripts_loaded\",function(){gform.themeScriptsLoaded=!0}),window.addEventListener(\"DOMContentLoaded\",function(){gform.domLoaded=!0}),gform={domLoaded:!1,scriptsLoaded:!1,themeScriptsLoaded:!1,isFormEditor:()=>\"function\"==typeof InitializeEditor,callIfLoaded:function(o){return!(!gform.domLoaded||!gform.scriptsLoaded||!gform.themeScriptsLoaded&&!gform.isFormEditor()||(gform.isFormEditor()&&console.warn(\"The use of gform.initializeOnLoaded() is deprecated in the form editor context and will be removed in Gravity Forms 3.1.\"),o(),0))},initializeOnLoaded:function(o){gform.callIfLoaded(o)||(document.addEventListener(\"gform_main_scripts_loaded\",()=>{gform.scriptsLoaded=!0,gform.callIfLoaded(o)}),document.addEventListener(\"gform\/theme\/scripts_loaded\",()=>{gform.themeScriptsLoaded=!0,gform.callIfLoaded(o)}),window.addEventListener(\"DOMContentLoaded\",()=>{gform.domLoaded=!0,gform.callIfLoaded(o)}))},hooks:{action:{},filter:{}},addAction:function(o,r,e,t){gform.addHook(\"action\",o,r,e,t)},addFilter:function(o,r,e,t){gform.addHook(\"filter\",o,r,e,t)},doAction:function(o){gform.doHook(\"action\",o,arguments)},applyFilters:function(o){return gform.doHook(\"filter\",o,arguments)},removeAction:function(o,r){gform.removeHook(\"action\",o,r)},removeFilter:function(o,r,e){gform.removeHook(\"filter\",o,r,e)},addHook:function(o,r,e,t,n){null==gform.hooks[o][r]&&(gform.hooks[o][r]=[]);var d=gform.hooks[o][r];null==n&&(n=r+\"_\"+d.length),gform.hooks[o][r].push({tag:n,callable:e,priority:t=null==t?10:t})},doHook:function(r,o,e){var t;if(e=Array.prototype.slice.call(e,1),null!=gform.hooks[r][o]&&((o=gform.hooks[r][o]).sort(function(o,r){return o.priority-r.priority}),o.forEach(function(o){\"function\"!=typeof(t=o.callable)&&(t=window[t]),\"action\"==r?t.apply(null,e):e[0]=t.apply(null,e)})),\"filter\"==r)return e[0]},removeHook:function(o,r,t,n){var e;null!=gform.hooks[o][r]&&(e=(e=gform.hooks[o][r]).filter(function(o,r,e){return!!(null!=n&&n!=o.tag||null!=t&&t!=o.priority)}),gform.hooks[o][r]=e)}});\n<\/script>\n\n                <div class='gf_browser_gecko gform_wrapper gform_legacy_markup_wrapper gform-theme--no-framework' data-form-theme='legacy' data-form-index='0' id='gform_wrapper_1' >\n                        <div class='gform_heading'>\n                            <h3 class=\"gform_title\"><span class=\"ez-toc-section\" id=\"Contacto_e_informacion\"><\/span>Contacto e informaci\u00f3n<span class=\"ez-toc-section-end\"><\/span><\/h3>\n                            <p class='gform_description'>Formulario de petici\u00f3n de informaci\u00f3n y contacto<\/p>\n                        <\/div><form method='post' enctype='multipart\/form-data'  id='gform_1'  action='\/clases-aleman\/wp-json\/wp\/v2\/posts\/8670' data-formid='1' novalidate>\n                        <div class='gform-body gform_body'><ul id='gform_fields_1' class='gform_fields top_label form_sublabel_below description_below validation_below'><li id=\"field_1_11\" class=\"gfield gfield--type-honeypot gform_validation_container field_sublabel_below gfield--has-description field_description_below field_validation_below gfield_visibility_visible\"  ><label class='gfield_label gform-field-label' for='input_1_11'>Instagram<\/label><div class='ginput_container'><input name='input_11' id='input_1_11' type='text' value='' autocomplete='new-password'\/><\/div><div class='gfield_description' id='gfield_description_1_11'>Este campo es un campo de validaci\u00f3n y debe quedar sin cambios.<\/div><\/li><li id=\"field_1_1\" class=\"gfield gfield--type-text gfield--input-type-text gfield_contains_required field_sublabel_below gfield--no-description field_description_below field_validation_below gfield_visibility_visible\"  ><label class='gfield_label gform-field-label' for='input_1_1'>Nombre<span class=\"gfield_required\"><span class=\"gfield_required gfield_required_asterisk\">*<\/span><\/span><\/label><div class='ginput_container ginput_container_text'><input name='input_1' id='input_1_1' type='text' value='' class='large'    placeholder='NOMBRE' aria-required=\"true\" aria-invalid=\"false\"   \/><\/div><\/li><li id=\"field_1_3\" class=\"gfield gfield--type-email gfield--input-type-email gfield_contains_required field_sublabel_below gfield--no-description field_description_below field_validation_below gfield_visibility_visible\"  ><label class='gfield_label gform-field-label' for='input_1_3'>Email<span class=\"gfield_required\"><span class=\"gfield_required gfield_required_asterisk\">*<\/span><\/span><\/label><div class='ginput_container ginput_container_email'>\n                            <input name='input_3' id='input_1_3' type='email' value='' class='large'   placeholder='EMAIL' aria-required=\"true\" aria-invalid=\"false\"  \/>\n                        <\/div><\/li><li id=\"field_1_4\" class=\"gfield gfield--type-textarea gfield--input-type-textarea gfield_contains_required field_sublabel_below gfield--no-description field_description_below field_validation_below gfield_visibility_visible\"  ><label class='gfield_label gform-field-label' for='input_1_4'>Mensaje<span class=\"gfield_required\"><span class=\"gfield_required gfield_required_asterisk\">*<\/span><\/span><\/label><div class='ginput_container ginput_container_textarea'><textarea name='input_4' id='input_1_4' class='textarea small'    placeholder='MENSAJE' aria-required=\"true\" aria-invalid=\"false\"   rows='10' cols='50'><\/textarea><\/div><\/li><li id=\"field_1_8\" class=\"gfield gfield--type-checkbox gfield--type-choice gfield--input-type-checkbox gfield_contains_required field_sublabel_below gfield--no-description field_description_below field_validation_below gfield_visibility_visible\"  ><label class='gfield_label gform-field-label gfield_label_before_complex' >He le\u00eddo y acepto el &quot;Aviso Legal&quot; y la &quot;Pol\u00edtica de Privacidad&quot;<span class=\"gfield_required\"><span class=\"gfield_required gfield_required_asterisk\">*<\/span><\/span><\/label><div class='ginput_container ginput_container_checkbox'><ul class='gfield_checkbox' id='input_1_8'><li class='gchoice gchoice_1_8_1'>\n\t\t\t\t\t\t\t\t<input class='gfield-choice-input' name='input_8.1' type='checkbox'  value='Los datos facilitados en este formulario, quedar\u00e1n registrados en un fichero titularidad del Responsable de los Ficheros cuyos datos se detallan en el &lt;a href=&quot;https:\/\/profesornativodealeman.com\/clases-aleman\/aviso-legal\/&quot;&gt;Aviso Legal&lt;\/a&gt;. Podr\u00e1s ejercer tus derechos A.R.C.O, mediante comunicaci\u00f3n al e-mail: profesornativodealeman@gmail.com. Para m\u00e1s informaci\u00f3n sobre como tratamos tus datos, visita nuestra &lt;a href=&quot;https:\/\/profesornativodealeman.com\/clases-aleman\/politica-de-privacidad\/&quot;&gt;\u201cPol\u00edtica de Privacidad\u201d.&lt;\/a&gt;' checked='checked' id='choice_1_8_1'   \/>\n\t\t\t\t\t\t\t\t<label for='choice_1_8_1' id='label_1_8_1' class='gform-field-label gform-field-label--type-inline'>Los datos facilitados en este formulario, quedar\u00e1n registrados en un fichero titularidad del Responsable de los Ficheros cuyos datos se detallan en el <a href=\"https:\/\/profesornativodealeman.com\/clases-aleman\/aviso-legal\/\">Aviso Legal<\/a>. Podr\u00e1s ejercer tus derechos A.R.C.O, mediante comunicaci\u00f3n al e-mail: profesornativodealeman@gmail.com. Para m\u00e1s informaci\u00f3n sobre como tratamos tus datos, visita nuestra <a href=\"https:\/\/profesornativodealeman.com\/clases-aleman\/politica-de-privacidad\/\">\u201cPol\u00edtica de Privacidad\u201d.<\/a><\/label>\n\t\t\t\t\t\t\t<\/li><\/ul><\/div><\/li><li id=\"field_1_9\" class=\"gfield gfield--type-hidden gfield--input-type-hidden gfield--width-full gform_hidden field_sublabel_below gfield--no-description field_description_below field_validation_below gfield_visibility_visible\"  ><div class='ginput_container ginput_container_text'><input name='input_9' id='input_1_9' type='hidden' class='gform_hidden'  aria-invalid=\"false\" value='https:\/\/profesornativodealeman.com\/clases-aleman\/wp-json\/wp\/v2\/posts\/8670https:\/\/profesornativodealeman.com\/clases-aleman\/wp-json\/wp\/v2\/posts\/8670' \/><\/div><\/li><li id=\"field_1_10\" class=\"gfield gfield--type-hidden gfield--input-type-hidden gform_hidden field_sublabel_below gfield--no-description field_description_below field_validation_below gfield_visibility_visible\"  ><div class='ginput_container ginput_container_text'><input name='input_10' id='input_1_10' type='hidden' class='gform_hidden'  aria-invalid=\"false\" value='https:\/\/profesornativodealeman.com\/clases-aleman\/wp-json\/wp\/v2\/posts\/8670' \/><\/div><\/li><\/ul><\/div>\n        <div class='gform-footer gform_footer top_label'> <input type='submit' id='gform_submit_button_1' class='gform_button button' onclick='gform.submission.handleButtonClick(this);' data-submission-type='submit' value='Enviar'  \/> \n            <input type='hidden' class='gform_hidden' name='gform_submission_method' data-js='gform_submission_method_1' value='postback' \/>\n            <input type='hidden' class='gform_hidden' name='gform_theme' data-js='gform_theme_1' id='gform_theme_1' value='legacy' \/>\n            <input type='hidden' class='gform_hidden' name='gform_style_settings' data-js='gform_style_settings_1' id='gform_style_settings_1' value='[]' \/>\n            <input type='hidden' class='gform_hidden' name='is_submit_1' value='1' \/>\n            <input type='hidden' class='gform_hidden' name='gform_submit' value='1' \/>\n            \n            <input type='hidden' class='gform_hidden' name='gform_currency' data-currency='USD' value='8KPy9MZc8xJFCpKd6bUM4zKtLjvogkC7WpNqEHQfv9SU2CLNsMHH\/IJiERfoBwp1eNBa8C1TuZnCJQ+NAVajQF33OpPYkEZunF3sCHWgMihDdQE=' \/>\n            <input type='hidden' class='gform_hidden' name='gform_unique_id' value='' \/>\n            <input type='hidden' class='gform_hidden' name='state_1' value='WyJbXSIsImE3ZTlkMWQxZTkyMDYxYzlmYzQ2MTlkZDIyMzA3ODZkIl0=' \/>\n            <input type='hidden' autocomplete='off' class='gform_hidden' name='gform_target_page_number_1' id='gform_target_page_number_1' value='0' \/>\n            <input type='hidden' autocomplete='off' class='gform_hidden' name='gform_source_page_number_1' id='gform_source_page_number_1' value='1' \/>\n            <input type='hidden' name='gform_field_values' value='' \/>\n            \n        <\/div>\n                        <p style=\"display: none !important;\" class=\"akismet-fields-container\" data-prefix=\"ak_\"><label>&#916;<textarea name=\"ak_hp_textarea\" cols=\"45\" rows=\"8\" maxlength=\"100\"><\/textarea><\/label><input type=\"hidden\" id=\"ak_js_1\" name=\"ak_js\" value=\"14\"\/><script>\ndocument.getElementById( \"ak_js_1\" ).setAttribute( \"value\", ( new Date() ).getTime() );\n<\/script>\n<\/p><\/form>\n                        <\/div><script>\ngform.initializeOnLoaded( function() {gformInitSpinner( 1, 'https:\/\/profesornativodealeman.com\/clases-aleman\/wp-content\/plugins\/gravityforms\/images\/spinner.svg', true );jQuery('#gform_ajax_frame_1').on('load',function(){var contents = jQuery(this).contents().find('*').html();var is_postback = contents.indexOf('GF_AJAX_POSTBACK') >= 0;if(!is_postback){return;}var form_content = jQuery(this).contents().find('#gform_wrapper_1');var is_confirmation = jQuery(this).contents().find('#gform_confirmation_wrapper_1').length > 0;var is_redirect = contents.indexOf('gformRedirect(){') >= 0;var is_form = form_content.length > 0 && ! is_redirect && ! is_confirmation;var mt = parseInt(jQuery('html').css('margin-top'), 10) + parseInt(jQuery('body').css('margin-top'), 10) + 100;if(is_form){jQuery('#gform_wrapper_1').html(form_content.html());if(form_content.hasClass('gform_validation_error')){jQuery('#gform_wrapper_1').addClass('gform_validation_error');} else {jQuery('#gform_wrapper_1').removeClass('gform_validation_error');}setTimeout( function() { \/* delay the scroll by 50 milliseconds to fix a bug in chrome *\/  }, 50 );if(window['gformInitDatepicker']) {gformInitDatepicker();}if(window['gformInitPriceFields']) {gformInitPriceFields();}var current_page = jQuery('#gform_source_page_number_1').val();gformInitSpinner( 1, 'https:\/\/profesornativodealeman.com\/clases-aleman\/wp-content\/plugins\/gravityforms\/images\/spinner.svg', true );jQuery(document).trigger('gform_page_loaded', [1, current_page]);window['gf_submitting_1'] = false;}else if(!is_redirect){var confirmation_content = jQuery(this).contents().find('.GF_AJAX_POSTBACK').html();if(!confirmation_content){confirmation_content = contents;}jQuery('#gform_wrapper_1').replaceWith(confirmation_content);jQuery(document).trigger('gform_confirmation_loaded', [1]);window['gf_submitting_1'] = false;wp.a11y.speak(jQuery('#gform_confirmation_message_1').text());}else{jQuery('#gform_1').append(contents);if(window['gformRedirect']) {gformRedirect();}}jQuery(document).trigger(\"gform_pre_post_render\", [{ formId: \"1\", currentPage: \"current_page\", abort: function() { this.preventDefault(); } }]);        if (event && event.defaultPrevented) {                return;        }        const gformWrapperDiv = document.getElementById( \"gform_wrapper_1\" );        if ( gformWrapperDiv ) {            const visibilitySpan = document.createElement( \"span\" );            visibilitySpan.id = \"gform_visibility_test_1\";            gformWrapperDiv.insertAdjacentElement( \"afterend\", visibilitySpan );        }        const visibilityTestDiv = document.getElementById( \"gform_visibility_test_1\" );        let postRenderFired = false;        function triggerPostRender() {            if ( postRenderFired ) {                return;            }            postRenderFired = true;            gform.core.triggerPostRenderEvents( 1, current_page );            if ( visibilityTestDiv ) {                visibilityTestDiv.parentNode.removeChild( visibilityTestDiv );            }        }        function debounce( func, wait, immediate ) {            var timeout;            return function() {                var context = this, args = arguments;                var later = function() {                    timeout = null;                    if ( !immediate ) func.apply( context, args );                };                var callNow = immediate && !timeout;                clearTimeout( timeout );                timeout = setTimeout( later, wait );                if ( callNow ) func.apply( context, args );            };        }        const debouncedTriggerPostRender = debounce( function() {            triggerPostRender();        }, 200 );        if ( visibilityTestDiv && visibilityTestDiv.offsetParent === null ) {            const observer = new MutationObserver( ( mutations ) => {                mutations.forEach( ( mutation ) => {                    if ( mutation.type === 'attributes' && visibilityTestDiv.offsetParent !== null ) {                        debouncedTriggerPostRender();                        observer.disconnect();                    }                });            });            observer.observe( document.body, {                attributes: true,                childList: false,                subtree: true,                attributeFilter: [ 'style', 'class' ],            });        } else {            triggerPostRender();        }    } );} );\n<\/script>\n\n<p>o directamente via Email<br \/>\nProfesornativodealeman@gmail.com<\/p>\n<p>&nbsp;<\/p>\n<p><strong>04.09. 2023 Se actualiza el articulo<\/strong><\/p>\n<p>&nbsp;<\/p>\n","protected":false},"excerpt":{"rendered":"<p>Curso de alem\u00e1n para ni\u00f1os A continuaci\u00f3n se copia el link de un v\u00eddeo en el que una familia habla sobre el curso de alem\u00e1n para ni\u00f1os con el profesor Tobias Woelke. La publicaci\u00f3n del v\u00eddeo esta totalmente autorizada. Testimonios sobre el curso de alem\u00e1n para ni\u00f1os Natalia B\u00f3dalo y Francisco Pinheiro (Madrid) Profesion: Responsable [&hellip;]<\/p>\n","protected":false},"author":4,"featured_media":15017,"comment_status":"open","ping_status":"open","sticky":false,"template":"","format":"standard","meta":{"footnotes":""},"categories":[2624],"tags":[3995,2960,3997,3996],"class_list":["post-8670","post","type-post","status-publish","format-standard","has-post-thumbnail","hentry","category-cursos-de-aleman","tag-curso-aleman-ninos","tag-curso-de-aleman-para-ninos","tag-cursos-aleman-para-ninos","tag-ninos-aprenden-aleman"],"_links":{"self":[{"href":"https:\/\/profesornativodealeman.com\/clases-aleman\/wp-json\/wp\/v2\/posts\/8670","targetHints":{"allow":["GET"]}}],"collection":[{"href":"https:\/\/profesornativodealeman.com\/clases-aleman\/wp-json\/wp\/v2\/posts"}],"about":[{"href":"https:\/\/profesornativodealeman.com\/clases-aleman\/wp-json\/wp\/v2\/types\/post"}],"author":[{"embeddable":true,"href":"https:\/\/profesornativodealeman.com\/clases-aleman\/wp-json\/wp\/v2\/users\/4"}],"replies":[{"embeddable":true,"href":"https:\/\/profesornativodealeman.com\/clases-aleman\/wp-json\/wp\/v2\/comments?post=8670"}],"version-history":[{"count":0,"href":"https:\/\/profesornativodealeman.com\/clases-aleman\/wp-json\/wp\/v2\/posts\/8670\/revisions"}],"wp:featuredmedia":[{"embeddable":true,"href":"https:\/\/profesornativodealeman.com\/clases-aleman\/wp-json\/wp\/v2\/media\/15017"}],"wp:attachment":[{"href":"https:\/\/profesornativodealeman.com\/clases-aleman\/wp-json\/wp\/v2\/media?parent=8670"}],"wp:term":[{"taxonomy":"category","embeddable":true,"href":"https:\/\/profesornativodealeman.com\/clases-aleman\/wp-json\/wp\/v2\/categories?post=8670"},{"taxonomy":"post_tag","embeddable":true,"href":"https:\/\/profesornativodealeman.com\/clases-aleman\/wp-json\/wp\/v2\/tags?post=8670"}],"curies":[{"name":"wp","href":"https:\/\/api.w.org\/{rel}","templated":true}]}}