{"id":8951,"date":"2021-02-06T07:51:06","date_gmt":"2021-02-06T07:51:06","guid":{"rendered":"https:\/\/profesornativodealeman.com\/clases-aleman\/?p=8951"},"modified":"2022-05-27T07:35:35","modified_gmt":"2022-05-27T05:35:35","slug":"vocabulario-aleman-comercial-verbos-con-preposiciones-letra-a-b","status":"publish","type":"post","link":"https:\/\/profesornativodealeman.com\/clases-aleman\/vocabulario-aleman-comercial-verbos-con-preposiciones-letra-a-b\/","title":{"rendered":"Vocabulario aleman comercial. Verbos con preposiciones letra A-B"},"content":{"rendered":"<p>abh\u00e4ngen von<br \/>\nDie wirtschaftliche Entwicklung h\u00e4ngt von der Nachfrage ab<br \/>\ndepender de<br \/>\nEl desarrollo econ\u00f3mico depende de la demanda<\/p>\n<p>achten auf<br \/>\nAchten Sie bitte auf die Stornierungsnormen<br \/>\nfijarse en, prestar atencion<br \/>\nPor favor preste atenci\u00f3n a las normas de anulaci\u00f3n<\/p>\n<p>ankommen auf<br \/>\nEs kommt auf die Nachfrage an<br \/>\ndepender de<br \/>\nDepende de la demanda<\/p>\n<p>antworten auf<br \/>\nIch antworte auf Ihr Schreiben vom 22.01.2021<br \/>\ncontestar<br \/>\nRespondo a su carta del 22.01.2021<\/p>\n<p>arbeiten an<br \/>\nDas Unternehmen arbeitet an einem neuen Projekt<br \/>\ntrabajar en algo<br \/>\nLa empresa est\u00e1 trabajando en un nuevo proyecto<\/p>\n<p>beginnen mit<br \/>\nDas Unternehmen beginnt am 10.02.2021 mit dem neuen Projekt<br \/>\nempezar con<br \/>\nLa empresa comienza el 10.02.2021 con el nuevo proyecto<\/p>\n<p>berichten \u00fcber<br \/>\nHerr M\u00fcller m\u00f6chte \u00fcber einen Vorfall in der Arbeit berichten<br \/>\ninformar sobre<br \/>\nEl Sr. M\u00fcller quiere informar sobre un incidente en el trabajo<\/p>\n<p>sich \u00e4rgern \u00fcber<br \/>\nDer Chef \u00e4rgert sich \u00fcber die fallende Nachfrage<br \/>\nenfadarse por<br \/>\nEl jefe est\u00e1 molesto por la ca\u00edda de la demanda<\/p>\n<p>sich bedanken f\u00fcr<br \/>\nIch m\u00f6chte mich f\u00fcr die gute Zusammenarbeit bedanken<br \/>\ndar las gracias por<br \/>\nMe gustar\u00eda agradecerles la buena cooperaci\u00f3n<\/p>\n<p>sich bem\u00fchen um<br \/>\nWir bem\u00fchen uns um einen besseren Kundenservice<br \/>\nesforzarse por algo<br \/>\nNos esforzamos por ofrecer un mejor servicio al cliente<\/p>\n","protected":false},"excerpt":{"rendered":"<p>abh\u00e4ngen von Die wirtschaftliche Entwicklung h\u00e4ngt von der Nachfrage ab depender de El desarrollo econ\u00f3mico depende de la demanda achten auf Achten Sie bitte auf die Stornierungsnormen fijarse en, prestar atencion Por favor preste atenci\u00f3n a las normas de anulaci\u00f3n ankommen auf Es kommt auf die Nachfrage an depender de Depende de la demanda antworten [&hellip;]<\/p>\n","protected":false},"author":4,"featured_media":8953,"comment_status":"open","ping_status":"open","sticky":false,"template":"","format":"standard","meta":{"footnotes":""},"categories":[13],"tags":[3848],"class_list":["post-8951","post","type-post","status-publish","format-standard","has-post-thumbnail","hentry","category-gramatica-alemana","tag-vocabulario-aleman-comercial"],"_links":{"self":[{"href":"https:\/\/profesornativodealeman.com\/clases-aleman\/wp-json\/wp\/v2\/posts\/8951","targetHints":{"allow":["GET"]}}],"collection":[{"href":"https:\/\/profesornativodealeman.com\/clases-aleman\/wp-json\/wp\/v2\/posts"}],"about":[{"href":"https:\/\/profesornativodealeman.com\/clases-aleman\/wp-json\/wp\/v2\/types\/post"}],"author":[{"embeddable":true,"href":"https:\/\/profesornativodealeman.com\/clases-aleman\/wp-json\/wp\/v2\/users\/4"}],"replies":[{"embeddable":true,"href":"https:\/\/profesornativodealeman.com\/clases-aleman\/wp-json\/wp\/v2\/comments?post=8951"}],"version-history":[{"count":0,"href":"https:\/\/profesornativodealeman.com\/clases-aleman\/wp-json\/wp\/v2\/posts\/8951\/revisions"}],"wp:featuredmedia":[{"embeddable":true,"href":"https:\/\/profesornativodealeman.com\/clases-aleman\/wp-json\/wp\/v2\/media\/8953"}],"wp:attachment":[{"href":"https:\/\/profesornativodealeman.com\/clases-aleman\/wp-json\/wp\/v2\/media?parent=8951"}],"wp:term":[{"taxonomy":"category","embeddable":true,"href":"https:\/\/profesornativodealeman.com\/clases-aleman\/wp-json\/wp\/v2\/categories?post=8951"},{"taxonomy":"post_tag","embeddable":true,"href":"https:\/\/profesornativodealeman.com\/clases-aleman\/wp-json\/wp\/v2\/tags?post=8951"}],"curies":[{"name":"wp","href":"https:\/\/api.w.org\/{rel}","templated":true}]}}