{"id":3702,"count":1,"description":"","link":"https:\/\/profesornativodealeman.com\/clases-aleman\/tag\/clases-de-aleman-para-espanoles-en-zurich\/","name":"Clases de alem\u00e1n para espa\u00f1oles en Z\u00fcrich","slug":"clases-de-aleman-para-espanoles-en-zurich","taxonomy":"post_tag","meta":[],"_links":{"self":[{"href":"https:\/\/profesornativodealeman.com\/clases-aleman\/wp-json\/wp\/v2\/tags\/3702","targetHints":{"allow":["GET"]}}],"collection":[{"href":"https:\/\/profesornativodealeman.com\/clases-aleman\/wp-json\/wp\/v2\/tags"}],"about":[{"href":"https:\/\/profesornativodealeman.com\/clases-aleman\/wp-json\/wp\/v2\/taxonomies\/post_tag"}],"wp:post_type":[{"href":"https:\/\/profesornativodealeman.com\/clases-aleman\/wp-json\/wp\/v2\/posts?tags=3702"},{"href":"https:\/\/profesornativodealeman.com\/clases-aleman\/wp-json\/wp\/v2\/pages?tags=3702"}],"curies":[{"name":"wp","href":"https:\/\/api.w.org\/{rel}","templated":true}]}}